{"id":19933,"date":"2026-04-24T10:10:00","date_gmt":"2026-04-24T08:10:00","guid":{"rendered":"http:\/\/marburg.news\/?p=19933"},"modified":"2026-04-24T10:10:00","modified_gmt":"2026-04-24T08:10:00","slug":"ausstellung-was-heisst-einsamkeit-fuer-dich","status":"publish","type":"post","link":"http:\/\/marburg.news\/?p=19933","title":{"rendered":"Ausstellung: Was hei\u00dft Einsamkeit f\u00fcr Dich"},"content":{"rendered":"<p>Die Ausstellung &#8222;Was hei\u00dft Einsamkeit f\u00fcr dich?&#8220; \u00f6ffnet am Dienstag (28. April). Zu sehen ist sie im BiP Am Gr\u00fcn. <!--more--><br \/>\nUm das Thema &#8222;Einsamkeit&#8220; geht es bei der Ausstellung &#8222;Was hei\u00dft Einsamkeit f\u00fcr dich?&#8220;. Die Vernissage ist am Dienstag (28. April) um 15.30 Uhr im Beratungszentrum mit integriertem Pflegest\u00fctzpunkt (BiP) Am Gr\u00fcn 16 in Marburg. Der Zugang ist barrierefrei und der Eintritt frei.<br \/>\nDie Ausstellung ist aus einem Fotowettbewerb der Bergedorf-Bille-Stiftung, der Schiffszimmerer Genossenschaft und des Gesundheitsamts des Bezirksamts Bergedorf der Hansestadt Hamburg entstanden. Sie thematisiert die Bedeutung von Einsamkeit f\u00fcr Kinder und Jugendliche. Im Rahmen der Aktionswoche &#8222;Gemeinsam statt einsam&#8220; hat die Stadt Marburg die Wanderausstellung nach Marburg geholt.<br \/>\nStadtr\u00e4tin Kirsten Dinnebier wird die Ausstellung mit einem Gru\u00dfwort er\u00f6ffnen. Vor Ort stellen sich Marburger Initiativen gegen Einsamkeit vor und stehen Jung, Alt, Gro\u00df und Klein f\u00fcr Gespr\u00e4che zur Verf\u00fcgung. Die Ausstellung ist bis Ende Juni zu sehen. Ge\u00f6ffnet ist sie von Montag bis Mittwoch von 8.30 bis 13 Uhr sowie donnerstags von 14 bis 17 Uhr.<\/p>\n<p>* pm: Stadt Marburg<\/p>\n","protected":false},"excerpt":{"rendered":"<p>Die Ausstellung &#8222;Was hei\u00dft Einsamkeit f\u00fcr dich?&#8220; \u00f6ffnet am Dienstag (28. April). Zu sehen ist sie im BiP Am Gr\u00fcn.<\/p>\n","protected":false},"author":2,"featured_media":0,"comment_status":"closed","ping_status":"open","sticky":false,"template":"","format":"standard","meta":{"advanced_seo_description":"","spay_email":"","jetpack_publicize_message":"","jetpack_is_tweetstorm":false,"jetpack_publicize_feature_enabled":true},"categories":[3,4],"tags":[216,2965,174],"jetpack_featured_media_url":"","jetpack_publicize_connections":[],"jetpack_sharing_enabled":true,"jetpack_shortlink":"https:\/\/wp.me\/p8mhvd-5bv","jetpack-related-posts":[{"id":10246,"url":"http:\/\/marburg.news\/?p=10246","url_meta":{"origin":19933,"position":0},"title":"Anfang Ausstellung: Gesichter erz\u00e4hlen Geschichten im BiP","date":"28. Juli 2022","format":false,"excerpt":"Die Ausstellung \"Marburg erinnern - Gesichter erz\u00e4hlen Geschichten\" ist noch bis Oktober im BiP zu sehen. Darauf hat die Stadt am Donnerstag (28. Juli) hingewiesen. \"Marburg erinnern - Gesichter erz\u00e4hlen Geschichten\" hei\u00dft eine Ausstellung im Beratungszentrum mit integriertem Pflegest\u00fctzpunkt (BiP) am Rudolphsplatz, die noch bis Freitag (7. Oktober) zu sehen\u2026","rel":"","context":"In &quot;Bildung&quot;","img":{"alt_text":"","src":"","width":0,"height":0},"classes":[]},{"id":19408,"url":"http:\/\/marburg.news\/?p=19408","url_meta":{"origin":19933,"position":1},"title":"Aufr\u00fcttelnde Aufstellung: Demensch wirft neuen Blick auf Demenz","date":"28. Januar 2026","format":false,"excerpt":"Einen neuen Blick auf das Thema \"Demenz\" wirft die Ausstellung \"Demensch\". Sie wird am Dienstag (3. Februar)im BiP er\u00f6ffnet. In der Ausstellung \"Demensch\" des Cartoonisten Peter Gaymann geht es um einen humorvollen Blick auf das Thema Demenz. Die Zeichnungen sollen den Alltag der Betroffenen aufzeigen und dabei f\u00fcr das Thema\u2026","rel":"","context":"In &quot;Soziales&quot;","img":{"alt_text":"","src":"","width":0,"height":0},"classes":[]},{"id":18838,"url":"http:\/\/marburg.news\/?p=18838","url_meta":{"origin":19933,"position":2},"title":"Stress sehen: Arbeiten von Kindern krebskranker Eltern","date":"15. Oktober 2025","format":false,"excerpt":"Eine Ausstellung behandelt das Leben mit Krebs aus der Sicht von Angeh\u00f6rigen. Kinder und Jugendliche zeigen darin Arbeiten zur Erkrankung ihrer Eltern. unter dem Titel \"L\u00f6wen Mut - tut gut!\" zeigt die Ausstellung des Vereins \"Leben mit Krebs\" im Beratungszentrum mit integriertem Pflegest\u00fctzpunkt (BIP) Graffitis auf Leinwand. Die Werke stammen\u2026","rel":"","context":"In &quot;Kultur&quot;","img":{"alt_text":"","src":"","width":0,"height":0},"classes":[]},{"id":12048,"url":"http:\/\/marburg.news\/?p=12048","url_meta":{"origin":19933,"position":3},"title":"Ausstellung mit Aussicht: Fotos zeigen behinderte Frauen","date":"1. M\u00e4rz 2023","format":false,"excerpt":"Das BiP \u00f6ffnet mit der inklusivem Foto-Ausstellung \"Wir sehen gut aus! Wir sind sch\u00f6n!\". Sie zeigt Bilder behinderter Frauen. Die im Beratungszentrum mit integriertem Pflegest\u00fctzpunkt (BiP) w\u00e4hrend der Pandemie durchgehend angebotene wie Information und Beratung fand zwischenzeitlich in ungewohnter Form - zum Beispiel im Freien - statt. Das BiP \u00f6ffnet\u2026","rel":"","context":"In &quot;Kultur&quot;","img":{"alt_text":"","src":"","width":0,"height":0},"classes":[]},{"id":17889,"url":"http:\/\/marburg.news\/?p=17889","url_meta":{"origin":19933,"position":4},"title":"Voraussage: Ausstellung &#8222;Filmrolle bis Fingertipp&#8220; im Cineplex","date":"24. April 2025","format":false,"excerpt":"Die Ausstellung \"Filmrolle bis Fingertipp\" wird am Dienstag (29. April) er\u00f6ffnet. Sie ist im Cineplex zu bewundern. historische Kameras, digitale und interaktive Angebote sowie Einblicke in Marburgs Geschichte als Filmstadt und Marburgs Konzept eines zuk\u00fcnftigen digitalen Museums bietet die kostenlose Ausstellung \"Filmrolle bis Fingertipp\" im Kino Cineplex. Die Ausstellung zur\u2026","rel":"","context":"In &quot;Bildung&quot;","img":{"alt_text":"","src":"","width":0,"height":0},"classes":[]},{"id":10846,"url":"http:\/\/marburg.news\/?p=10846","url_meta":{"origin":19933,"position":5},"title":"Ged\u00e4chtnissicherung: Wanderausstellung &#8222;Gesichter erz\u00e4hlen Geschichten&#8220;","date":"10. Oktober 2022","format":false,"excerpt":"Die Ausstellung \"Gesichter erz\u00e4hlen Geschichten\" geht auf Wanderschaft. Zuvor feierte sie eine Finissage im BiP. Die Ausstellung \"Marburg erinnern - Gesichter erz\u00e4hlen Geschichten\" im Rahmen des Stadtjubil\u00e4ums \"Marburg800\" gew\u00e4hrt Einblicke in die Lebensgeschichte von 19 Marburger*innen. Bereits seit April war sie im Beratungszentrum mit integriertem Pflegest\u00fctzpunkt (BiP) zu sehen, doch\u2026","rel":"","context":"In &quot;Kultur&quot;","img":{"alt_text":"","src":"","width":0,"height":0},"classes":[]}],"_links":{"self":[{"href":"http:\/\/marburg.news\/index.php?rest_route=\/wp\/v2\/posts\/19933"}],"collection":[{"href":"http:\/\/marburg.news\/index.php?rest_route=\/wp\/v2\/posts"}],"about":[{"href":"http:\/\/marburg.news\/index.php?rest_route=\/wp\/v2\/types\/post"}],"author":[{"embeddable":true,"href":"http:\/\/marburg.news\/index.php?rest_route=\/wp\/v2\/users\/2"}],"replies":[{"embeddable":true,"href":"http:\/\/marburg.news\/index.php?rest_route=%2Fwp%2Fv2%2Fcomments&post=19933"}],"version-history":[{"count":0,"href":"http:\/\/marburg.news\/index.php?rest_route=\/wp\/v2\/posts\/19933\/revisions"}],"wp:attachment":[{"href":"http:\/\/marburg.news\/index.php?rest_route=%2Fwp%2Fv2%2Fmedia&parent=19933"}],"wp:term":[{"taxonomy":"category","embeddable":true,"href":"http:\/\/marburg.news\/index.php?rest_route=%2Fwp%2Fv2%2Fcategories&post=19933"},{"taxonomy":"post_tag","embeddable":true,"href":"http:\/\/marburg.news\/index.php?rest_route=%2Fwp%2Fv2%2Ftags&post=19933"}],"curies":[{"name":"wp","href":"https:\/\/api.w.org\/{rel}","templated":true}]}}