{"id":19931,"date":"2026-04-23T15:45:00","date_gmt":"2026-04-23T13:45:00","guid":{"rendered":"http:\/\/marburg.news\/?p=19931"},"modified":"2026-04-23T15:45:00","modified_gmt":"2026-04-23T13:45:00","slug":"umfaenglich-demo-gegen-sozialkuerzungen-am-5-mai","status":"publish","type":"post","link":"http:\/\/marburg.news\/?p=19931","title":{"rendered":"Umf\u00e4nglich: Demo gegen Sozialk\u00fcrzungen am 5. Mai"},"content":{"rendered":"<p>Zum Europ\u00e4ischen Protesttag zur Gleichstellung von Menschen mit Behinderung am 5. Mai ruft ver.di Hessen zur Demonstration in Marburg auf. Um 16.30 Uhr beginnt der Demonstrationszug am Hauptbahnhof. <!--more--><br \/>\nDie Strecke ist zirka 3,2 Kilometer lang. Sie sollte barrierefrei sein und kann aber bei Bedarf (f\u00fcr Menschen, denen sie zu lang ist) abgek\u00fcrzt werden. Die Abschlusskundgebung findet gegen 17.30 Uhr auf dem Vorplatz des Erwin-Piscator-Hauses (EPH) statt. Voraussichtliches Ende ist ungef\u00e4hr um 18.30 Uhr.<br \/>\nAn diesem Tag finden bundesweit &#8211; aber auch in Marburg &#8211; weitere Veranstaltungen statt. Zu finden sind sie bald unter <a href=\"http:\/\/aktionteilhabe.verdi.de\">aktionteilhabe.verdi.de<\/a>.<br \/>\nie Kommission zur Sozialstaatsreform der Bundesregierung hat zu ihrer Aufgabe erkl\u00e4rt, die steigenden Ausgaben f\u00fcr die Eingliederungshilfe zeitnah zu begrenzen. Dazu geh\u00f6rt explizit die Ansage, die Personalkosten zu senken. Dadurch geraten nicht nur unsere Tarifl\u00f6hne in Gefahr, sondern es werden auch die Menschen mit Behinderung darunter leiden.<br \/>\nVor wenigen Tagen ist ein internes Arbeitspapier von Bund, L\u00e4ndern und Kommunen bekannt geworden, dass Pl\u00e4ne f\u00fcr drastische K\u00fcrzungen bei Leistungen f\u00fcr Kinder, Jugendliche und Menschen mit Behinderungen enth\u00e4lt. So soll unter anderem der individuelle Rechtsanspruch auf Schulbegleitung gestrichen, das Wunsch- und Wahlrecht von Menschen mit Behinderungen eingeschr\u00e4nkt, die Nachbetreuung junger Erwachsener aus der Jugendhilfe abgeschafft und der Unterhaltsvorschuss f\u00fcr Alleinerziehende zusammengestrichen werden. Zahlreiche Vorschl\u00e4ge widersprechen der UN-Behindertenrechtskonvention und der UN-Kinderrechtskonvention.<br \/>\nAm 25. M\u00e4rz 2026 hat die Verbandsversammlung des Landeswohlfahrtsverbands Hessen (LWV) seinen Haushaltsplan 2026 beschlossen. Der Haushalt hat ein Volumen von insgesamt 2,7 Milliarden Euro, ein planerisches Plus von rund 174 Millionen Euro im Vergleich zum Vorjahr. (Quelle:<br \/>\nDie vielen Redebeitr\u00e4ge vor der Abstimmung zumm Haushalt haben erkennen lassen, dass die Kostenreduktion im Fokus vieler Entscheidungstr\u00e4ger*innen im LWV steht und nicht die Arbeits- und Lebensbedingungen der Betroffenen. Die Finanzierung der Eingliederungshilfe steht auch in Hessen massiv unter Druck und so wurden Ma\u00dfnahmen wie der Zukunftssicherungsbeitrag oder die Pr\u00fcfung vieler Leistungserbringer von den Mitgliedern der Verbandsversammlung gelobt und die Einsparung von rund 44 Millionen Euro begr\u00fc\u00dft. Welche Folgen das f\u00fcr Menschen mit Behinderung hat oder welche Folgen das f\u00fcr die Qualit\u00e4t der Arbeit sowie die Arbeitsbedingungen bedeutet, spielte &#8211; wenn \u00fcberhaupt &#8211; nur eine untergeordnete Rolle.<br \/>\nDer LWV ergreift diese Ma\u00dfnahmen aber nicht zum Selbstzweck, sondern weil die &#8222;kommunale Familie&#8220; &#8211; bestehend aus Landkreisen und kreisfreien St\u00e4dten -, die den LWV \u00fcberwiegend finanzieren und zu der sich auch der LWV z\u00e4hlt, unter finanziellem Druck steht. Darum ist die Forderung<br \/>\nbei der Demo auch, die Finanzierung des LWV zu sichern und zu st\u00e4rken, damit Menschen mit Behinderung und Besch\u00e4ftigte in der Branche auch in Zukunft noch gute Arbeits- und Lebensbedingungen vorfinden und sie den Unterst\u00fctzungsbedarf bekommen und leisten k\u00f6nnen, den ernsthafte Inklusion und Gleichstellung ben\u00f6tigen.<\/p>\n<p>* pm: Ver.di Mittelhessen<\/p>\n","protected":false},"excerpt":{"rendered":"<p>Zum Europ\u00e4ischen Protesttag zur Gleichstellung von Menschen mit Behinderung am 5. Mai ruft ver.di Hessen zur Demonstration in Marburg auf. Um 16.30 Uhr beginnt der Demonstrationszug am Hauptbahnhof.<\/p>\n","protected":false},"author":2,"featured_media":0,"comment_status":"closed","ping_status":"open","sticky":false,"template":"","format":"standard","meta":{"advanced_seo_description":"","spay_email":"","jetpack_publicize_message":"","jetpack_is_tweetstorm":false,"jetpack_publicize_feature_enabled":true},"categories":[2,4],"tags":[70,7500,7501],"jetpack_featured_media_url":"","jetpack_publicize_connections":[],"jetpack_sharing_enabled":true,"jetpack_shortlink":"https:\/\/wp.me\/p8mhvd-5bt","jetpack-related-posts":[{"id":15418,"url":"http:\/\/marburg.news\/?p=15418","url_meta":{"origin":19931,"position":0},"title":"Rund um Behinderungen: Demonstration gegen Rechts am 27. April","date":"17. April 2024","format":false,"excerpt":"Anl\u00e4sslich des Aktionstags zur Gleichstellung von Menschen mit Behinderung gibt es eine Demonstration gegen Rechts. Sie findet am Samstag (27. April) statt. Das \"Aktionsb\u00fcndnis 5. Mai\" ruft zur Teilnahme an einer Demonstration am Samstag (27. April) in Marburg auf. Sie findet im Rahmen des \"europ\u00e4ischen Protesttags zur Gleichstellung von Menschen\u2026","rel":"","context":"In &quot;Politik&quot;","img":{"alt_text":"","src":"","width":0,"height":0},"classes":[]},{"id":16555,"url":"http:\/\/marburg.news\/?p=16555","url_meta":{"origin":19931,"position":1},"title":"Zusammenhalt statt Hetze: Demonstration am 11. Oktober in Marburg","date":"9. Oktober 2024","format":false,"excerpt":"\"ZUSAMMENHALT STATT HETZE - Grundrechte verteidigen!\" Unter diesem Motto ruft der DGB-Kreisverband-Marburg-Biedenkopf gemeinsam mit der Seebr\u00fccke und zahlreichen weiteren Organisationen zu einer Demonstration in Marburg auf. Sie alle demonstrieren am Freitag (11. Oktober)ab 17 Uhr vor dem Erwin-Piscator-Haus (EPH). Von dort zieht die Demonstration \u00fcber die Universit\u00e4tsstra\u00dfe zum Friedrichsplatz. Sie\u2026","rel":"","context":"In &quot;Politik&quot;","img":{"alt_text":"","src":"","width":0,"height":0},"classes":[]},{"id":13900,"url":"http:\/\/marburg.news\/?p=13900","url_meta":{"origin":19931,"position":2},"title":"Im Oktober: Veranstaltungen zum internationalen Brustkrebsmonat","date":"28. September 2023","format":false,"excerpt":"Veranstaltungen im internationalen Brustkrebsmonat Oktober hat die Stadt am Donnerstag (28. September) angek\u00fcndigt. Information und Pr\u00e4vention stehen dabei im Mittelpunkt. Brustkrebs ist bei Frauen die h\u00e4ufigste Art, an Krebs zu erkranken. Eine fr\u00fchzeitige Erkennung ist wichtig, um die Heilungschancen zu erh\u00f6hen. Der Monat Oktober gilt international als \"Bewusstseins-Monat\", um \u00fcber\u2026","rel":"","context":"In &quot;Bildung&quot;","img":{"alt_text":"","src":"","width":0,"height":0},"classes":[]},{"id":18297,"url":"http:\/\/marburg.news\/?p=18297","url_meta":{"origin":19931,"position":3},"title":"Solidarit\u00e4t mit Sidat: Linke ruft zu Demo gegen Abschiebung auf","date":"2. Juli 2025","format":false,"excerpt":"\"Sidat soll bleiben!\" Das fordert Die Linke zur drohenden Abschiebung von Sidat. Sidat ist Sch\u00fcler der K\u00e4the-Kollwitz-Schule in Marburg. \"Sidat geh\u00f6rt zu Marburg\", erkl\u00e4rte die Linken-Kreisvorsitzende Miriam Stoll am Mittwoch (2. Juli). Die Linke ruft zu einer Demonstration gegen die drohende Abschiebung auf. Die Linke Marburg-Biedenkopf protestiert gegen die drohende\u2026","rel":"","context":"In &quot;Politik&quot;","img":{"alt_text":"","src":"","width":0,"height":0},"classes":[]},{"id":3342,"url":"http:\/\/marburg.news\/?p=3342","url_meta":{"origin":19931,"position":4},"title":"Gro\u00dfdemonstration: Fridays For Future in Marburg","date":"15. M\u00e4rz 2019","format":false,"excerpt":"\"Hoffentlich wird der Regen nicht doller\" denke ich, w\u00e4hrend wir zur Demostration laufen. Wie in ganz Deutschland findet die Demonstration \"Fridays for Future\" am Freitag (15. M\u00e4rz) auch in Marburg statt. Mein blinder Kollege und ich ziehen uns an. Er setzt seine Kappe auf und holt seine Jacke. Dann gehen\u2026","rel":"","context":"In &quot;Bildung&quot;","img":{"alt_text":"","src":"","width":0,"height":0},"classes":[]},{"id":15185,"url":"http:\/\/marburg.news\/?p=15185","url_meta":{"origin":19931,"position":5},"title":"Besondere Bedingungen: Internationale Wochen gegen Rassismus","date":"11. M\u00e4rz 2024","format":false,"excerpt":"Die Internationalen Wochen gegen Rassismus bieten ein vielf\u00e4ltiges Programm. Unter dem Motto \"Menschenrechte f\u00fcr alle\" finden sie vom 11. bis 24. M\u00e4rz statt. \"Menschenrechte f\u00fcr alle\" lautet das Motto der Internationalen Wochen gegen Rassismus. Das diesj\u00e4hrige Programm bietet unter anderem Stadtspazierg\u00e4nge, Vortr\u00e4ge, Lesungen und Fortbildungen. Die Veranstaltungen finden zwischen Montag\u2026","rel":"","context":"In &quot;Politik&quot;","img":{"alt_text":"","src":"","width":0,"height":0},"classes":[]}],"_links":{"self":[{"href":"http:\/\/marburg.news\/index.php?rest_route=\/wp\/v2\/posts\/19931"}],"collection":[{"href":"http:\/\/marburg.news\/index.php?rest_route=\/wp\/v2\/posts"}],"about":[{"href":"http:\/\/marburg.news\/index.php?rest_route=\/wp\/v2\/types\/post"}],"author":[{"embeddable":true,"href":"http:\/\/marburg.news\/index.php?rest_route=\/wp\/v2\/users\/2"}],"replies":[{"embeddable":true,"href":"http:\/\/marburg.news\/index.php?rest_route=%2Fwp%2Fv2%2Fcomments&post=19931"}],"version-history":[{"count":0,"href":"http:\/\/marburg.news\/index.php?rest_route=\/wp\/v2\/posts\/19931\/revisions"}],"wp:attachment":[{"href":"http:\/\/marburg.news\/index.php?rest_route=%2Fwp%2Fv2%2Fmedia&parent=19931"}],"wp:term":[{"taxonomy":"category","embeddable":true,"href":"http:\/\/marburg.news\/index.php?rest_route=%2Fwp%2Fv2%2Fcategories&post=19931"},{"taxonomy":"post_tag","embeddable":true,"href":"http:\/\/marburg.news\/index.php?rest_route=%2Fwp%2Fv2%2Ftags&post=19931"}],"curies":[{"name":"wp","href":"https:\/\/api.w.org\/{rel}","templated":true}]}}