{"id":19930,"date":"2026-04-23T15:40:00","date_gmt":"2026-04-23T13:40:00","guid":{"rendered":"http:\/\/marburg.news\/?p=19930"},"modified":"2026-04-23T15:40:00","modified_gmt":"2026-04-23T13:40:00","slug":"umfassend-buntes-turmfest-am-himmelfahrtstag","status":"publish","type":"post","link":"http:\/\/marburg.news\/?p=19930","title":{"rendered":"Umfassend: Buntes Turmfest am Himmelfahrtstag"},"content":{"rendered":"<p>Ein &#8222;buntes Turmfest&#8220; f\u00fcr jung und alt gibt es am Donnerstag (14. Mai) am Spiegelslustturm. Von 11 bis 18 Uhr warten kleine \u00dcberraschungen auf die G\u00e4ste. <!--more--><br \/>\nDie Musik von &#8222;Trulleberg&#8220; und das &#8222;MObiLO-Marionettentheater&#8220; bilden das Kernprogramm, um das sich alle anderen Aktivit\u00e4ten gruppieren. Die Anfangszeiten des Marionettentheaters sind zeitlich festgelegt, damit es m\u00f6glich ist, die Vorstellungen gezielt zu besuchen. Es gibt 4 Vorstellungen mit dem M\u00e4rchen &#8222;RAPUNZEL&#8220; der Gebr\u00fcder Grimm. Die Anfangszeiten sind: 11.30, 12.45, 14 , 15.15Uhr und jede Vorf\u00fchrung dauert ungef\u00e4hr 30 Minuten. Die Live-Musik-Sets des Chanson-Quartetts &#8222;Trulleberg&#8220; finden zwischen den Marionettenveranstaltungen zu je etwa 45 Min uten statt.<br \/>\nDas Marburger Quartett &#8222;Trulleberg&#8220; pr\u00e4sentiert ein akustisches Programm, das Chansons, Liedermacher, Pop- und Rockklassiker, Musical- und Filmmusik sowie Instrumentalst\u00fccke aus aller Welt miteinander verbindet. Mit Gesang, Cello, Geige, Gitarre und Akkordeon erschaffen die vier Musiker:innen einen unverwechselbaren Klang, der nachdenkliche und melancholische genau wie mitrei\u00dfende und spielerische Momente umfasst. Die Arrangements von Trulleberg laden das Publikum zu einer abwechslungsreichen Reise durch musikalische Stile und Epochen ein &#8211; von gef\u00fchlvollen Balladen \u00fcber rhythmische Klassiker bis zu internationalen Melodien. Eine Zeitreise f\u00fcr die Ohren, die bekannte und weniger bekannte St\u00fccke in neuem Glanz erstrahlen l\u00e4sst.<br \/>\nDas Marionettentheater zeigt das M\u00e4rchen &#8222;Rapunzel&#8220; der Gebr\u00fcder Grimm. Das kleine, von einem MObiLO-Vereinsmitglied gebaute Theater ist im Gr\u00fcnen auf dem Waldspielplatz neben dem Kaiser-Wilhelm-Turmes aufgebaut. Das St\u00fcck ist f\u00fcr Kinder konzipiert, seine Faszination ergreift jedoch auch die Erwachsenen.<br \/>\nDer Kletterbaum tr\u00e4gt kleine Geschenke, die sich die Kinder abrei\u00dfen d\u00fcrfen. Des Weiteren gibt es: eine Wurfbude, eine Riesenseifenblasenaktion, M\u00e4rchenerz\u00e4hlen und mehr&#8230; Zu Allem dazu gibt es f\u00fcr Gro\u00df und Klein, jede Menge Quatsch (das ist ein historisches Getr\u00e4nk des Kaiser-Wilhelm-Turms. Es besteht aus Himbeersaft mit Brause und wurde schon in den 50er Jahren des letzten Jahrhunderts zu g\u00fcnstigen Preisen ausgegeben) &#8211; und f\u00fcr das allgemeine leibliche Wohl gibt es nat\u00fcrlich noch Vieles mehr&#8230;<br \/>\nDer Spendenflohmarkt hat auch bereits Turmfest-Tradition. Dabei werden von ehrenamtlichen Mitarbeiter*innen gesammelte Objekte gegen eine Spende an Interessenten abgegeben. Das Bunte Turmfest hat schon eine lange MObiLO-Tradition. Bereits 2005 wurde es als &#8222;Fr\u00fchlingsfest f\u00fcr die ganze Familie&#8220; ins Leben gerufen.<\/p>\n<p>* pm: MObiLO e.V., Marburg<\/p>\n","protected":false},"excerpt":{"rendered":"<p>Ein &#8222;buntes Turmfest&#8220; f\u00fcr jung und alt gibt es am Donnerstag (14. Mai) am Spiegelslustturm. Von 11 bis 18 Uhr warten kleine \u00dcberraschungen auf die G\u00e4ste.<\/p>\n","protected":false},"author":2,"featured_media":0,"comment_status":"closed","ping_status":"open","sticky":false,"template":"","format":"standard","meta":{"advanced_seo_description":"","spay_email":"","jetpack_publicize_message":"","jetpack_is_tweetstorm":false,"jetpack_publicize_feature_enabled":true},"categories":[3],"tags":[7499,2798,5021],"jetpack_featured_media_url":"","jetpack_publicize_connections":[],"jetpack_sharing_enabled":true,"jetpack_shortlink":"https:\/\/wp.me\/p8mhvd-5bs","jetpack-related-posts":[{"id":12533,"url":"http:\/\/marburg.news\/?p=12533","url_meta":{"origin":19930,"position":0},"title":"Buntes Turmfest: Am Himmelfahrtstag auf Spiegelslust","date":"7. Mai 2023","format":false,"excerpt":"Ein buntes Turmfest gibt es zu Himmelfahrt im Spiegelslustturm. Es tr\u00e4gt den Titel \"Lokalglobal\" Es ist ein Fest f\u00fcr Marburger und alle die es werden wollen. Von 11 bis 18 Uhr gibt es am Donnerstag (18. Mai) Musik, Gesang, Theater, M\u00e4rchen, Kinderbelustigung, Bratwurst, Gezapftes, Limo und Quatsch mit gr\u00fcner Sauce...\u2026","rel":"","context":"In &quot;Kultur&quot;","img":{"alt_text":"","src":"","width":0,"height":0},"classes":[]},{"id":18681,"url":"http:\/\/marburg.news\/?p=18681","url_meta":{"origin":19930,"position":1},"title":"Feste feiern: Weltkindertag in B\u00fcrgerhaus und Waggonhalle","date":"12. September 2025","format":false,"excerpt":"Marburg feiert den Weltkindertag am20. und 21. September. Gleich zwei Veranstaltungen dazu hat die Stadt am Freitag (12. September) angek\u00fcndigt. Anl\u00e4sslich des Weltkindertags am Samstag (20. September) l\u00e4dt die Stadt Marburg gleich zu zwei Feierlichkeiten an dem Wochenende ein: Es gibt ein Interkulturelles Familienfest in Cappel und das Weltkinderfest an\u2026","rel":"","context":"In &quot;Kultur&quot;","img":{"alt_text":"","src":"","width":0,"height":0},"classes":[]},{"id":13964,"url":"http:\/\/marburg.news\/?p=13964","url_meta":{"origin":19930,"position":2},"title":"Tanz und Trommeln: Internationaler M\u00e4dchentag am 15. Oktober","date":"6. Oktober 2023","format":false,"excerpt":"'Ein buntes Programm gibt es zum Internationalen M\u00e4dchentag am Sonntag (15. Oktober). Es bietet Trommeln, Tanz und Yoga. Der Internationale M\u00e4dchentag am 11. Oktober macht weltweit auf die Situation von M\u00e4dchen aufmerksam, die in vielen L\u00e4ndern der Erde immer noch benachteiligt werden. Zum M\u00e4dchentag laden Vereine und Institutionen aus Marburg\u2026","rel":"","context":"In &quot;Soziales&quot;","img":{"alt_text":"","src":"","width":0,"height":0},"classes":[]},{"id":3622,"url":"http:\/\/marburg.news\/?p=3622","url_meta":{"origin":19930,"position":3},"title":"Ausgelassen: Marburger Hafenfest startet am 29. Mai","date":"15. Mai 2019","format":false,"excerpt":"Das zehnte Marburger Hafenfest startet am Mittwoch (29. Mai). Bis Sonntag (2. Juni) laden viele Angebote die Menschen zum Feiern und Am\u00fcsieren ein. \"Das Hafenfest ist ein wichtiges Ereignis f\u00fcr die Stadt, denn bei diesem Fest r\u00fccken alle noch enger zusammen\", sagte Oberb\u00fcrgermeister Dr. Thomas Spies. \"Wir holen Menschen aus\u2026","rel":"","context":"In &quot;Kultur&quot;","img":{"alt_text":"","src":"","width":0,"height":0},"classes":[]},{"id":7813,"url":"http:\/\/marburg.news\/?p=7813","url_meta":{"origin":19930,"position":4},"title":"Anregende Aktivit\u00e4ten: &#8222;Tag der kulturellen Vielfalt&#8220; am 3. Oktober","date":"23. September 2021","format":false,"excerpt":"Ein buntes Kulturprogramm steigt am Sonntag (3. Oktober). Marburg feiert den \"Tag der kulturellen Vielfalt\". Der \"Tag der kulturellen Vielfalt\" am \"Tag der Deutschen Einheit\" ist seit vielen Jahren ein fester Termin im Marburger Veranstaltungskalender. Die Stadt Marburg, der Ausl\u00e4nderbeirat und der Kulturladen KFZ laden alle dazu ein, dieses Begegnungsfest\u2026","rel":"","context":"In &quot;Kultur&quot;","img":{"alt_text":"","src":"","width":0,"height":0},"classes":[]},{"id":8748,"url":"http:\/\/marburg.news\/?p=8748","url_meta":{"origin":19930,"position":5},"title":"Schauspielerische Entwicklungshilfe: KUSS-Festival vom 25. M\u00e4rz bis 2. April","date":"9. Februar 2022","format":false,"excerpt":"Die 25. Hessische Kinder- und Jugendtheaterwoche steht in den Startl\u00f6chern. Das KUSS-Festival beginnt am Freitag (25. M\u00e4rz). Das Programm der 25. Hessischen Kinder- und Jugendtheaterwoche \"KUSS - Theater sehen! Theater spielen!\" wurde am Dienstag (8. Februar) vorgestellt. Das Festival ist eine Kooperation zwischen dem Hessischen Landestheater Marburg (HLTM), dem Fachdienst\u2026","rel":"","context":"In &quot;Kultur&quot;","img":{"alt_text":"","src":"","width":0,"height":0},"classes":[]}],"_links":{"self":[{"href":"http:\/\/marburg.news\/index.php?rest_route=\/wp\/v2\/posts\/19930"}],"collection":[{"href":"http:\/\/marburg.news\/index.php?rest_route=\/wp\/v2\/posts"}],"about":[{"href":"http:\/\/marburg.news\/index.php?rest_route=\/wp\/v2\/types\/post"}],"author":[{"embeddable":true,"href":"http:\/\/marburg.news\/index.php?rest_route=\/wp\/v2\/users\/2"}],"replies":[{"embeddable":true,"href":"http:\/\/marburg.news\/index.php?rest_route=%2Fwp%2Fv2%2Fcomments&post=19930"}],"version-history":[{"count":0,"href":"http:\/\/marburg.news\/index.php?rest_route=\/wp\/v2\/posts\/19930\/revisions"}],"wp:attachment":[{"href":"http:\/\/marburg.news\/index.php?rest_route=%2Fwp%2Fv2%2Fmedia&parent=19930"}],"wp:term":[{"taxonomy":"category","embeddable":true,"href":"http:\/\/marburg.news\/index.php?rest_route=%2Fwp%2Fv2%2Fcategories&post=19930"},{"taxonomy":"post_tag","embeddable":true,"href":"http:\/\/marburg.news\/index.php?rest_route=%2Fwp%2Fv2%2Ftags&post=19930"}],"curies":[{"name":"wp","href":"https:\/\/api.w.org\/{rel}","templated":true}]}}