{"id":19929,"date":"2026-04-23T15:15:00","date_gmt":"2026-04-23T13:15:00","guid":{"rendered":"http:\/\/marburg.news\/?p=19929"},"modified":"2026-04-23T15:15:00","modified_gmt":"2026-04-23T13:15:00","slug":"umgestuerzt-vorfahrtberechtigten-radfahrer-uebersehen","status":"publish","type":"post","link":"http:\/\/marburg.news\/?p=19929","title":{"rendered":"Umgest\u00fcrzt: Vorfahrtberechtigten Radfahrer \u00fcbersehen"},"content":{"rendered":"<p>Verletzt wurde ein Fahrradfahrer bei einem Unfall am Mittwoch (22. April). Die Polizei bittet um Mithilfe bei der Aufkl\u00e4rung <!--more--><br \/>\nZu dem Verkehrsunfall kam es gegen 17.30 Uhr nahe des Universit\u00e4tsklinikums. Eine bislang unbekannte Person war mit einem wei\u00dfen Kombi auf den Lahnbergen unterwegs und bog gegen 17.30 Uhr nach links in Richtung Conradistra\u00dfe ab. Dabei \u00fcberquerte der Kombi die Fahrbahn, auf der der 67-j\u00e4hrige Fahrradfahrer unterwegs war.<br \/>\nDen Angaben zufolge bog das Auto ab, ohne auf den Mann auf dem Fahrrad zu achten. Um einen Zusammensto\u00df zu vermeiden, machte der Radler eine Vollbremsung und st\u00fcrzte. Die Person am Steuer des wei\u00dfen Kombis setzte ihre Fahrt fort. Ob diese den Sturz bemerkt hat, ist Gegenstand der laufenden Ermittlungen.<br \/>\nRettungskr\u00e4fte brachten den 67-j\u00e4hrigen Verletzten zur weiteren Behandlung in ein Krankenhaus. An dem Fahrrad entstand Sachschaden. Die Polizei Marburg sucht Zeugen, die den Unfall beobachtet haben und Hinweise auf die Person am Steuer sowie den wei\u00dfen Kombi mit roter Aufschrift geben k\u00f6nnen. Sie werden gebeten, sich telefonisch unter 06421\/406-0 zu melden.<\/p>\n<p>* pm: Polizei Marburg<\/p>\n","protected":false},"excerpt":{"rendered":"<p>Verletzt wurde ein Fahrradfahrer bei einem Unfall am Mittwoch (22. April). Die Polizei bittet um Mithilfe bei der Aufkl\u00e4rung<\/p>\n","protected":false},"author":2,"featured_media":0,"comment_status":"closed","ping_status":"open","sticky":false,"template":"","format":"standard","meta":{"advanced_seo_description":"","spay_email":"","jetpack_publicize_message":"","jetpack_is_tweetstorm":false,"jetpack_publicize_feature_enabled":true},"categories":[6],"tags":[259,16,34],"jetpack_featured_media_url":"","jetpack_publicize_connections":[],"jetpack_sharing_enabled":true,"jetpack_shortlink":"https:\/\/wp.me\/p8mhvd-5br","jetpack-related-posts":[{"id":7322,"url":"http:\/\/marburg.news\/?p=7322","url_meta":{"origin":19929,"position":0},"title":"F\u00fcr den Fahrradfahrer: Sturz wegen achtlosen Autofahrers","date":"2. Juli 2021","format":false,"excerpt":"Ein Radfahrer st\u00fcrzte bei der Vollbremsung zur Verhinderung eines Zusammensto\u00dfes mit einem Auto. Dabei zog er sich einen Schl\u00fcsselbeinbruch zu. Zum beteiligten Auto ist derzeit nur bekannt, dass es sich um einen wei\u00dfen Personenwagen - vermutlich des Herstellers \"Volkswagen\" - gehandelt haben soll. Der Fahrer setzte die Fahrt fort, ohne\u2026","rel":"","context":"In &quot;Sonstiges&quot;","img":{"alt_text":"","src":"","width":0,"height":0},"classes":[]},{"id":15915,"url":"http:\/\/marburg.news\/?p=15915","url_meta":{"origin":19929,"position":1},"title":"Dr\u00e4ngelei und Dreistigkeit: Zwei Radlerinnen st\u00fcrzten nach Ber\u00fchrung","date":"2. Juli 2024","format":false,"excerpt":"Eine 74-j\u00e4hrige Radfahrerin war am Freitag (28. Juni) \"An den Pl\u00e4nchen\" vom Niederweimarer See aus in Richtung \"Gro\u00dfe Wiese\" und Gie\u00dfener Stra\u00dfe unterwegs. Im Bereich der Unterf\u00fchrung \u00fcberholte ein unbekannter Radfahrer sie gegen 15.55 Uhr auf der rechten Seite. W\u00e4hrend des \u00dcberholvorgangs touchierte der Unbekannte mit der linken Seite seines\u2026","rel":"","context":"In &quot;Sonstiges&quot;","img":{"alt_text":"","src":"","width":0,"height":0},"classes":[]},{"id":14138,"url":"http:\/\/marburg.news\/?p=14138","url_meta":{"origin":19929,"position":2},"title":"Flucht des Fords: Jungem Radler die Vorfahrt genommen","date":"24. Oktober 2023","format":false,"excerpt":"Nach einem Zusammensto\u00df zwischen einem wei\u00dfen Auto und einem Radfahrer sucht die Polizei den Gesch\u00e4digten. Dabei handelt es sich nach Zeugenaussagen um einen Jugendlichen. Der etwa 14-j\u00e4hrige Radler war am Donnerstag (12. Oktober) gegen 17.15 Uhr auf dem Radweg im Erlenweg unterwegs, als ihm ein Autofahrer in einem wei\u00dfen Ford\u2026","rel":"","context":"In &quot;Sonstiges&quot;","img":{"alt_text":"","src":"","width":0,"height":0},"classes":[]},{"id":11690,"url":"http:\/\/marburg.news\/?p=11690","url_meta":{"origin":19929,"position":3},"title":"Beteiligte gesucht: Drei Unf\u00e4lle in einer Woche","date":"17. Januar 2023","format":false,"excerpt":"Einen Radfahrer touchierte eine 86-j\u00e4hrige VW-Fahrerin aus Marburg am Montag (16. Januar) auf der Landstra\u00dfe L3289. auf den Lahnbergen. Beide waren in Richtung Cappel unterwegs. Der 53-j\u00e4hrige Fahrradfahrer aus Marburg st\u00fcrzte gegen 17.50 Uhr und verletzte sich leicht. An dem VW sowie dem Pedelec entstanden Sch\u00e4den von jeweils etwa 1.000\u2026","rel":"","context":"In &quot;Sonstiges&quot;","img":{"alt_text":"","src":"","width":0,"height":0},"classes":[]},{"id":3501,"url":"http:\/\/marburg.news\/?p=3501","url_meta":{"origin":19929,"position":4},"title":"Nur gestreift: Kontakt zwischen zwei Autos sowie von Auto mit Rad","date":"15. April 2019","format":false,"excerpt":"Der Kontakt zwischen zwei Autos blieb offenbar von beiden Fahrern unbemerkt. Erst sp\u00e4ter stellte dann ein Autofahrer einen geringen Schaden fest. An seinem wei\u00dfen Opel Insignia Kombi entstand ein Schaden von zirka 200 Euro. Nach seinen Angaben passierte der Unfall am Samstag (13. April) gegen 18.50 Uhr auf der Aff\u00f6llerstra\u00dfe\u2026","rel":"","context":"In &quot;Sonstiges&quot;","img":{"alt_text":"","src":"","width":0,"height":0},"classes":[]},{"id":19261,"url":"http:\/\/marburg.news\/?p=19261","url_meta":{"origin":19929,"position":5},"title":"Fort f\u00fcr Fahrradfahrer: Unfallflucht mit Rennrad in der Ketzerbach","date":"22. Dezember 2025","format":false,"excerpt":"Am Samstag (20. Dezember) beobachteten Zeugen gegen 21.15 Uhr einen Rennradfahrer, der gegen ein geparktes Auto prallte. Der Radfahrer war in der \"Ketzerbach\" in Fahrtrichtung Elisabethkirche unterwegs. In H\u00f6he der Hausnummer 27 kam es gegen\u00fcber des Tegut-Marktes zur Kollision mit einem - am rechten Fahrbahnrand geparkten - gr\u00fcnen Fiat 500.\u2026","rel":"","context":"In &quot;Sonstiges&quot;","img":{"alt_text":"","src":"","width":0,"height":0},"classes":[]}],"_links":{"self":[{"href":"http:\/\/marburg.news\/index.php?rest_route=\/wp\/v2\/posts\/19929"}],"collection":[{"href":"http:\/\/marburg.news\/index.php?rest_route=\/wp\/v2\/posts"}],"about":[{"href":"http:\/\/marburg.news\/index.php?rest_route=\/wp\/v2\/types\/post"}],"author":[{"embeddable":true,"href":"http:\/\/marburg.news\/index.php?rest_route=\/wp\/v2\/users\/2"}],"replies":[{"embeddable":true,"href":"http:\/\/marburg.news\/index.php?rest_route=%2Fwp%2Fv2%2Fcomments&post=19929"}],"version-history":[{"count":0,"href":"http:\/\/marburg.news\/index.php?rest_route=\/wp\/v2\/posts\/19929\/revisions"}],"wp:attachment":[{"href":"http:\/\/marburg.news\/index.php?rest_route=%2Fwp%2Fv2%2Fmedia&parent=19929"}],"wp:term":[{"taxonomy":"category","embeddable":true,"href":"http:\/\/marburg.news\/index.php?rest_route=%2Fwp%2Fv2%2Fcategories&post=19929"},{"taxonomy":"post_tag","embeddable":true,"href":"http:\/\/marburg.news\/index.php?rest_route=%2Fwp%2Fv2%2Ftags&post=19929"}],"curies":[{"name":"wp","href":"https:\/\/api.w.org\/{rel}","templated":true}]}}