{"id":19928,"date":"2026-04-23T15:10:00","date_gmt":"2026-04-23T13:10:00","guid":{"rendered":"http:\/\/marburg.news\/?p=19928"},"modified":"2026-04-23T15:10:00","modified_gmt":"2026-04-23T13:10:00","slug":"umfahren-spiegelschaden-bei-unfall-im-begegnungsverkehr","status":"publish","type":"post","link":"http:\/\/marburg.news\/?p=19928","title":{"rendered":"Umfahren: Spiegelschaden bei Unfall im Begegnungsverkehr"},"content":{"rendered":"<p>Zu einem Unfall im Begegnungsverkehr kam es am Mittwoch (22. April) auf der L3092. Ein 51-j\u00e4hriger Autofahrer war mit seinem wei\u00dfen Dacia Logan stadtausw\u00e4rts unterwegs <!--more--><br \/>\nGegen 6.45 Uhr kam ihm auf der Landesstra\u00dfe 3092in H\u00f6he der Feuerwehr der Behringwerke ein roter Kleinwagen entgegen. Dabei kam es zum Zusammensto\u00df der Au\u00dfenspiegel. Die bislang unbekannte Person am Steuer des Kleinwagens fuhr weiter, ohne sich um den entstandenen Schaden zu k\u00fcmmern.<br \/>\nTeile des Spiegelgeh\u00e4uses wurden an der Unfallstelle gefunden. Die Polizei Marburg sucht Zeugen und fragt: Wer hat den Unfall beobachtet? Wer kann Hinweise auf den roten Kleinwagen und dessen Fahrer oder Fahrerin geben? Hinweise werden unter der Telefonnummer 06421\/406-0 entgegengenommen.<\/p>\n<p>* pm: Polizei Marburg<\/p>\n","protected":false},"excerpt":{"rendered":"<p>Zu einem Unfall im Begegnungsverkehr kam es am Mittwoch (22. April) auf der L3092. Ein 51-j\u00e4hriger Autofahrer war mit seinem wei\u00dfen Dacia Logan stadtausw\u00e4rts unterwegs<\/p>\n","protected":false},"author":2,"featured_media":0,"comment_status":"closed","ping_status":"open","sticky":false,"template":"","format":"standard","meta":{"advanced_seo_description":"","spay_email":"","jetpack_publicize_message":"","jetpack_is_tweetstorm":false,"jetpack_publicize_feature_enabled":true},"categories":[6],"tags":[16,3660,34],"jetpack_featured_media_url":"","jetpack_publicize_connections":[],"jetpack_sharing_enabled":true,"jetpack_shortlink":"https:\/\/wp.me\/p8mhvd-5bq","jetpack-related-posts":[{"id":11168,"url":"http:\/\/marburg.news\/?p=11168","url_meta":{"origin":19928,"position":0},"title":"Polizei fragt: Unfallbeteiligte \u00e4u\u00dferten sich widerspr\u00fcchlich","date":"8. November 2022","format":false,"excerpt":"Die beiden Unfallbeteiligten schilderten den Unfallhergang widerspr\u00fcchlich. Allerdings gaben sie \u00fcbereinstimmend an, dass zur Unfallzeit reger Personen- und Fahrzeugverkehr herrschte. Deshalb k\u00f6nnte es durchaus Zeugen des Unfallhergangs geben. Die Unfallfluchtermittler der Polizei bitten diese Unfallzeugen, sich zu melden. Es geht um einen Unfall am Sonntag (6. November) gegen 11.55 Uhr\u2026","rel":"","context":"In &quot;Sonstiges&quot;","img":{"alt_text":"","src":"","width":0,"height":0},"classes":[]},{"id":16289,"url":"http:\/\/marburg.news\/?p=16289","url_meta":{"origin":19928,"position":1},"title":"Keine Kontaktaufnahme: Wieder drei F\u00e4lle von Unfallflucht","date":"10. September 2024","format":false,"excerpt":"Einen Schaden von etwa 9.000 Euro beklagt der Besitzer eines Audi. Ein unbekannter Verkehrsteilnehmer hatte den silbernen Q7 in der Leipziger Stra\u00dfe an der rechten Seite besch\u00e4digt. Der Unfall passierte zwischen Donnerstag (5. September) nach 22 Uhr und Freitag (6. September) bis 7 Uhr. Zeugen, die Hinweise auf den Verursacher\u2026","rel":"","context":"In &quot;Sonstiges&quot;","img":{"alt_text":"","src":"","width":0,"height":0},"classes":[]},{"id":9895,"url":"http:\/\/marburg.news\/?p=9895","url_meta":{"origin":19928,"position":2},"title":"Verkratzt: Spiegelschaden im Begegnungsverkehr","date":"15. Juni 2022","format":false,"excerpt":"Die Spiegel zweier Autos stie\u00dfen am Montag (13. Juni) um 14.30 Uhr im Begegnungsverkehr auf der Mauerstra\u00dfe gegeneinander. Betroffen war ein schwarzer VW Sharan. An dem - von der Ernst-Giller-Stra\u00dfe zur Neuen Kasseler Stra\u00dfe fahrenden - VW entstand ein Spiegelschaden. Der entgegengekommene dunkle Personenwagen hielt nicht an. Leider gibt es\u2026","rel":"","context":"In &quot;Sonstiges&quot;","img":{"alt_text":"","src":"","width":0,"height":0},"classes":[]},{"id":16326,"url":"http:\/\/marburg.news\/?p=16326","url_meta":{"origin":19928,"position":3},"title":"R\u00fccksichtslos: Erneut zwei F\u00e4lle von Unfallflucht","date":"13. September 2024","format":false,"excerpt":"Als ein Toyota am Donnerstag (12. September) gegen 13.15 Uhr von der Sylvester-Jordan-Stra\u00dfe auf das Grundst\u00fcck der Adolf-Reichwein-Schule fuhr, kam ihm ein Dacia entgegen. Sein Fahrer wollte in die Sylvester-Jordan-Stra\u00dfe einbiegen. Dabei kam es zu einem leichten Zusammensto\u00df zwischen den beiden Fahrzeugen. W\u00e4hrend der 18-j\u00e4hrige Autofahrer dann einparkte und anschlie\u00dfend\u2026","rel":"","context":"In &quot;Sonstiges&quot;","img":{"alt_text":"","src":"","width":0,"height":0},"classes":[]},{"id":15597,"url":"http:\/\/marburg.news\/?p=15597","url_meta":{"origin":19928,"position":4},"title":"Verkehrsmarathon: Unfall auf Kreuzung und im Gegenverkehr","date":"15. Mai 2024","format":false,"excerpt":"Zwei Leichtverletzte und 13.000 Euro Schaden forderte ein Unfall am Samstag (11. Mai)am Erlenring. Auf der Kreuzung beim Marktdreieck stie\u00dfen zwei Autos zusammen. Eine 43-j\u00e4hrige Frau fuhr gegen 19.45 Uhr mit ihrem VW auf dem Erlenring. Ein 24-j\u00e4hriger Skoda-Fahrer kam aus Richtung der Stadtautobahn B3A auf den Erlenring. Die VW-Fahrerin\u2026","rel":"","context":"In &quot;Sonstiges&quot;","img":{"alt_text":"","src":"","width":0,"height":0},"classes":[]},{"id":10939,"url":"http:\/\/marburg.news\/?p=10939","url_meta":{"origin":19928,"position":5},"title":"Zusammensto\u00df und Unfallflucht: Unfall im Begegnungsverkehr bei Dagobertshausen","date":"19. Oktober 2022","format":false,"excerpt":"Auf der Kreisstra\u00dfe 78 zwischen Marbach und Dagobertshausen stie\u00dfen zwei wei\u00dfe Kastenwagen mit den Spiegeln zusammen. Einer fuhr weiter zur Marbach, ohne sich um die Schadensregulierung zu k\u00fcmmern. Der Unfall passierte am Dienstag (18. Oktober) gegen 7.30 Uhr im Begegnungsverkehr. Aufgrund der Dunkelheit und Witterung liegen der Polizei derzeit keine\u2026","rel":"","context":"In &quot;Sonstiges&quot;","img":{"alt_text":"","src":"","width":0,"height":0},"classes":[]}],"_links":{"self":[{"href":"http:\/\/marburg.news\/index.php?rest_route=\/wp\/v2\/posts\/19928"}],"collection":[{"href":"http:\/\/marburg.news\/index.php?rest_route=\/wp\/v2\/posts"}],"about":[{"href":"http:\/\/marburg.news\/index.php?rest_route=\/wp\/v2\/types\/post"}],"author":[{"embeddable":true,"href":"http:\/\/marburg.news\/index.php?rest_route=\/wp\/v2\/users\/2"}],"replies":[{"embeddable":true,"href":"http:\/\/marburg.news\/index.php?rest_route=%2Fwp%2Fv2%2Fcomments&post=19928"}],"version-history":[{"count":0,"href":"http:\/\/marburg.news\/index.php?rest_route=\/wp\/v2\/posts\/19928\/revisions"}],"wp:attachment":[{"href":"http:\/\/marburg.news\/index.php?rest_route=%2Fwp%2Fv2%2Fmedia&parent=19928"}],"wp:term":[{"taxonomy":"category","embeddable":true,"href":"http:\/\/marburg.news\/index.php?rest_route=%2Fwp%2Fv2%2Fcategories&post=19928"},{"taxonomy":"post_tag","embeddable":true,"href":"http:\/\/marburg.news\/index.php?rest_route=%2Fwp%2Fv2%2Ftags&post=19928"}],"curies":[{"name":"wp","href":"https:\/\/api.w.org\/{rel}","templated":true}]}}