{"id":19927,"date":"2026-04-23T13:15:00","date_gmt":"2026-04-23T11:15:00","guid":{"rendered":"http:\/\/marburg.news\/?p=19927"},"modified":"2026-04-23T13:15:00","modified_gmt":"2026-04-23T11:15:00","slug":"umstritten-demo-gegen-die-politik-von-friedrich-merz","status":"publish","type":"post","link":"http:\/\/marburg.news\/?p=19927","title":{"rendered":"Umstritten: Demo gegen die Politik von Friedrich Merz"},"content":{"rendered":"<p>Das B\u00fcndnis &#8222;Marburg gegen Merz&#8220; kritisiert die Politik des Bundeskanzlers. <!--more--><br \/>\nDas Aktionsb\u00fcndnis &#8222;Marburg gegen Merz&#8220; ruft zur Beteiligung an Protesten gegen den angek\u00fcndigten Auftritt von Friedrich Merz am Samstag (25. April)auf. Ab 10 Uhr ist eine Demonstration vom Hauptbahnhof zum Erwin-Piscator-Haus (EPH) geplant. Die sozialen und gesellschaftliche Probleme gehen nach Ansicht des B\u00fcndnisses auch auf die Politik des Bundeskanzlers zur\u00fcck:<br \/>\n&#8222;Friedrich Merz spricht \u00fcber soziale Anliegen; zugleich tr\u00e4gt er als Bundeskanzler aus unserer Sicht Mitverantwortung f\u00fcr die aktuellen sozialen Probleme&#8220;, erkl\u00e4rteDominik Osman Hechler vom B\u00fcndnis &#8222;Marburg gegen Merz&#8220;. &#8222;Wir m\u00f6chten diese Widerspr\u00fcche \u00f6ffentlich thematisieren.&#8220;<br \/>\nDas B\u00fcndnis ist der \u00dcberzeugung: &#8222;Der Bundeskanzler kann nicht f\u00fcr die Mitte der Gesellschaft stehen w\u00e4hrend seine Positionen in kulturpolitischen, migrationspolitischen und sozialpolitischen Fragen einer offenen, solidarischen Gesellschaftspolitik entgegenstehen.&#8220; Das breite B\u00fcndnis k\u00fcndigt eine Demonstration mit Redebeitr\u00e4gen un einer Auff\u00fchrung eines lokalen Kunstkollektivs an, die am Samstag (25. April) ab 10 Uhr vom Hauptbahnhof zum Erwin-Piscator-Haus gehen wird. Unter den B\u00fcndnispartnern sind zahlreiche Jugendorganisationen sowie kulturelle und politische Akteure wie beispielsweise der AStA Marburg, die Omas gegen Rechts oder Soli Asyl Marburg.<\/p>\n<p>* pm: Aktionsbb\u00fcndnis Marburg gegen Merz<\/p>\n","protected":false},"excerpt":{"rendered":"<p>Das B\u00fcndnis &#8222;Marburg gegen Merz&#8220; kritisiert die Politik des Bundeskanzlers.<\/p>\n","protected":false},"author":2,"featured_media":0,"comment_status":"closed","ping_status":"open","sticky":false,"template":"","format":"standard","meta":{"advanced_seo_description":"","spay_email":"","jetpack_publicize_message":"","jetpack_is_tweetstorm":false,"jetpack_publicize_feature_enabled":true},"categories":[2,4],"tags":[1189,6691,6574],"jetpack_featured_media_url":"","jetpack_publicize_connections":[],"jetpack_sharing_enabled":true,"jetpack_shortlink":"https:\/\/wp.me\/p8mhvd-5bp","jetpack-related-posts":[{"id":19911,"url":"http:\/\/marburg.news\/?p=19911","url_meta":{"origin":19927,"position":0},"title":"Gemeinsch\u00e4dlich: Demonstration gegen Merz am 25. April","date":"21. April 2026","format":false,"excerpt":"Bundeskanzler Friedrich Merz spricht auf einer Veranstaltung der CDA am Samstag (25. April) in Marburg. Gegen seine Politik richtt sich eine Demonstration um 10:00 Uhr am Hauptbahnhof. Das B\u00fcndnis \"Marburg gegen Merz\" will diesen Anlass nutzen, \"um deutlich zu machen, dass wir ihn und seine Politik stark kritisieren: sie ist\u2026","rel":"","context":"In &quot;Politik&quot;","img":{"alt_text":"","src":"","width":0,"height":0},"classes":[]},{"id":19939,"url":"http:\/\/marburg.news\/?p=19939","url_meta":{"origin":19927,"position":1},"title":"Merz in Marburg: Mehr als 5.000 Demonstrierende vor dem EPH","date":"25. April 2026","format":false,"excerpt":"Mehr als 5.000 Menschen haben am Samstag (25. April) in Marburg demonstriert. Anlass war der Besuch des Bundeskanzlers Friedrich Merz bei der CDA. Eigens zu dieser Demonstration hatte sich ein \"Aktionsb\u00fcndnis Marburg gegen Merz\" gebildet. Sein Protest richtete sich gegen populistische Parolen des Bundeskanzlers sowie seine Sparpl\u00e4ne auf Kosten der\u2026","rel":"","context":"In &quot;Politik&quot;","img":{"alt_text":"","src":"","width":0,"height":0},"classes":[]},{"id":18858,"url":"http:\/\/marburg.news\/?p=18858","url_meta":{"origin":19927,"position":2},"title":"Aktion f\u00fcr Demokratie: Michael Meinel zum Menschenbild von Friedrich Merz","date":"20. Oktober 2025","format":false,"excerpt":"Die \u00c4u\u00dfterungen des Bundeskanzlers Friedrich Merz zum \"Stadtbild\" hat der Gr\u00fcnen-Kommunalpolitiker Michael Meinel kommentiert. Dabei bezieht er sich auf seine Herkunft aus Frankfurt. \"W\u00e4hlt macht beispielhaft das Stadtbild meiner Geburtsstadt Frankfurt am Main aus, dass es laut Kanzler Merz zu s\u00e4ubern gilt\" fragt Michael Meinel. \" \"Besonders das Bild um\u2026","rel":"","context":"In &quot;Politik&quot;","img":{"alt_text":"","src":"","width":0,"height":0},"classes":[]},{"id":17952,"url":"http:\/\/marburg.news\/?p=17952","url_meta":{"origin":19927,"position":3},"title":"In Berlin: Noch ist der Merz im Mai nicht gekommen","date":"6. Mai 2025","format":false,"excerpt":"Im ersten Anlauf gescheitert ist Friedrich Merz bei der Wahl zum Bundeskanzler am Dienstag (6. Mai). Dem Gro\u00dfmaul aus dem Sauerland sollte das eine Warnung sein. Im ersten Wahlgang erhielt Merz 310 Stimmen. 621 von 630 Abgeordneten hatten ihre Stimme abgegeben. Eine Stimmen war ung\u00fcltig. 307 Bundestagsabgeordnete stimmten mit \"Nein\".\u2026","rel":"","context":"In &quot;Politik&quot;","img":{"alt_text":"","src":"","width":0,"height":0},"classes":[]},{"id":18130,"url":"http:\/\/marburg.news\/?p=18130","url_meta":{"origin":19927,"position":4},"title":"Teuer kommen: Friedrich Merz klagt \u00fcber Kosten Behinderter","date":"4. Juni 2025","format":false,"excerpt":"Die Kritik von Bundeskanzler Friedrich Merz an den steigenden Kosten bei der Eingliederungshilfe weist die Lebenshilfe aufs Sch\u00e4rfste zur\u00fcck. \"An den Schw\u00e4chsten der Gesellschaft darf auf keinen Fall gespart werden!\" Bundeskanzler Friedrich Merz will offensichtlich an den Leistungen f\u00fcr Menschen mit Behinderung sparen. Auf dem Kommunalkongress des Deutschen St\u00e4dte- und\u2026","rel":"","context":"In &quot;Politik&quot;","img":{"alt_text":"","src":"","width":0,"height":0},"classes":[]},{"id":19940,"url":"http:\/\/marburg.news\/?p=19940","url_meta":{"origin":19927,"position":5},"title":"Rentenfrage: Scholz rudert, Merz rudert zur\u00fcck","date":"26. April 2026","format":false,"excerpt":"\"Die Rente ist sicher.\" Gebetsm\u00fchlenartig hat Norbert Bl\u00fcm diesen Satz immer wieder wiederholt. Daf\u00fcr war der CDU-Sozialpolitiker bekannt oder sogar ber\u00fcchtigt. Friedrich Merz hat es k\u00fcrzlich mit dem genauen Gegenteil versucht. Daf\u00fcr ist der Bundeskanzler wieder mal ordentlich auf die Schnauze gefallen. Bei seinem Besuch am Samstag (25. April) in\u2026","rel":"","context":"In &quot;Politik&quot;","img":{"alt_text":"","src":"","width":0,"height":0},"classes":[]}],"_links":{"self":[{"href":"http:\/\/marburg.news\/index.php?rest_route=\/wp\/v2\/posts\/19927"}],"collection":[{"href":"http:\/\/marburg.news\/index.php?rest_route=\/wp\/v2\/posts"}],"about":[{"href":"http:\/\/marburg.news\/index.php?rest_route=\/wp\/v2\/types\/post"}],"author":[{"embeddable":true,"href":"http:\/\/marburg.news\/index.php?rest_route=\/wp\/v2\/users\/2"}],"replies":[{"embeddable":true,"href":"http:\/\/marburg.news\/index.php?rest_route=%2Fwp%2Fv2%2Fcomments&post=19927"}],"version-history":[{"count":0,"href":"http:\/\/marburg.news\/index.php?rest_route=\/wp\/v2\/posts\/19927\/revisions"}],"wp:attachment":[{"href":"http:\/\/marburg.news\/index.php?rest_route=%2Fwp%2Fv2%2Fmedia&parent=19927"}],"wp:term":[{"taxonomy":"category","embeddable":true,"href":"http:\/\/marburg.news\/index.php?rest_route=%2Fwp%2Fv2%2Fcategories&post=19927"},{"taxonomy":"post_tag","embeddable":true,"href":"http:\/\/marburg.news\/index.php?rest_route=%2Fwp%2Fv2%2Ftags&post=19927"}],"curies":[{"name":"wp","href":"https:\/\/api.w.org\/{rel}","templated":true}]}}