{"id":19925,"date":"2026-04-22T17:50:00","date_gmt":"2026-04-22T15:50:00","guid":{"rendered":"http:\/\/marburg.news\/?p=19925"},"modified":"2026-04-22T17:50:00","modified_gmt":"2026-04-22T15:50:00","slug":"ansprechadresse-verein-organisiert-vermietung-von-spuelmobil","status":"publish","type":"post","link":"http:\/\/marburg.news\/?p=19925","title":{"rendered":"Ansprechadresse: Verein organisiert Vermietung von Sp\u00fclmobil"},"content":{"rendered":"<p>Der Rauschenberger Kultur- und Versch\u00f6nerungsverein \u00fcbernimmt den Betrieb vom Sp\u00fclmobil des Landkreises. Vereine k\u00f6nnen damit feiern ohne Wegwerfgeschirr. <!--more--><br \/>\nDamit nicht nur das Geschirr, sondern auch die Umwelt sauberer wird, hat der Landkreis ein &#8222;Sp\u00fclmobil&#8220; angeschafft. Dieser Anh\u00e4nger l\u00e4sst sich mieten und flexibel bei verschiedenen Veranstaltungen im Kreis einsetzen, um Einweggeschirr zu vermeiden. Der &#8222;Kultur- und Versch\u00f6nerungsverein Rauschenberg&#8220; \u00fcbernimmt nun im Auftrag des Kreises den Betrieb. Landrat Jens Womelsdorf hat es an den Vereinsvorsitzenden Stefan Schleiter symbolisch \u00fcbergeben. Das Sp\u00fclmobil kann beim Verein von April bis Oktober f\u00fcr Veranstaltungen angemietet werden.<br \/>\n&#8222;Das Sp\u00fclmobil tr\u00e4gt dazu bei, Abfall bei Veranstaltungen zu reduzieren und Einweggeschirr aus Plastik oder Pappe zu vermeiden&#8220;, erkl\u00e4rte Landrat Jens Womelsdorf. &#8222;Mit der \u00dcbernahme der operativen Aufgaben durch den Kultur- und Versch\u00f6nerungsverein profitieren wir von dem Vereinsnetzwerk. Gleichzeitig sorgt die Zusammenarbeit mit dem Verein bei uns nat\u00fcrlich auch f\u00fcr Entlastung.&#8220;<br \/>\nDem Verein dankte der Landrat f\u00fcr die Partnerschaft. Im Auftrag des Kreises k\u00fcmmert er sich nun um die Vermietung, Pflege und Organisation des Mobils. Dabei entstehen keine Mehrkosten f\u00fcr den Kreis, denn die laufenden Kosten deckt der Verein mit den Mieteinnahmen. Das Sp\u00fclmobil soll n\u00e4mlich keinen Gewinn generieren, sondern Vereinen, Initiativen, gemeinn\u00fctzigen Organisationen und Privatpersonen aus dem Landkreis eine praktische, alltagstaugliche Mehrweg-L\u00f6sung bieten.<br \/>\nDamit zahlt es auch in die Nachhaltigkeitsinitiative des Kreises ein. Das Sp\u00fclmobil hat der Kreis im Jahr 2023 angeschafft, seitdem war es bereits 15 Mal im Einsatz. Darunter waren neun Vereine, vier Privatpersonen und zwei Organisationen. Der Landkreis bleibt Eigent\u00fcmer des Sp\u00fclmobils.<br \/>\nSchleiter und Rauschenbergs B\u00fcrgermeisterin Alexandra Klusmann freuen sich ebenfalls \u00fcber die Partnerschaft: Das Sp\u00fclmobil sei gefragt und biete f\u00fcr die Menschen in Rauschenberg und aus der Region einen echten Mehrwert f\u00fcr nachhaltige Veranstaltungen, sind sich beide einig.<br \/>\nDie Buchung des Sp\u00fclmobils ist \u00fcber die Homepage des Landkreises unter <a href=\"http:\/\/www.marburg-biedenkopf.de\/spuelmobil\">www.marburg-biedenkopf.de\/spuelmobil<\/a> m\u00f6glich. Perspektivisch soll sie in den kommenden Wochen aber zus\u00e4tzlich auch \u00fcber die Homepage des Vereins <a href=\"https:\/\/www.kvr-rauschenberg.de\">www.kvr-rauschenberg.de<\/a> laufen.<br \/>\nF\u00fcr den Einsatz des Mobils werden ein Starkstromanschluss mit 16 Ampere sowie ein Frisch- und Abwasserabfluss und eine gerade Stellfl\u00e4che ben\u00f6tigt. Zudem ist ein Transportfahrzeug mit Anh\u00e4ngerkupplung erforderlich, wobei die Zugmaschine f\u00fcr den Transport einer Anh\u00e4ngelast von mindestens 100 Kilogramm zugelassen sein muss. Bedienungsanleitungen werden bei der \u00dcbergabe des Sp\u00fclmobils ausgeh\u00e4ndigt, so dass Vereine und Organisationen alle wichtigen Informationen und Nutzungshinweise kompakt und \u00fcbersichtlich zur Verf\u00fcgung haben.<br \/>\nBassendes Geschirr, Gl\u00e4ser und Besteck f\u00fcr bis zu 150 Personen k\u00f6nnen je nach Bedarf mit dem Sp\u00fclmobil gebucht werden. F\u00fcr die Nutzung muss eine Kaution von 250 Euro bezahlt werden. Die Miete bel\u00e4uft sich pro Veranstaltung auf 100 Euro f\u00fcr Vereine und gemeinn\u00fctzige Organisationen, Privatpersonen zahlen 150 Euro. Die Einnahmen nutzt der Kultur- und Versch\u00f6nerungsverein Rauschenberg f\u00fcr Wartungs- und Reparaturkosten, die T\u00dcV-Geb\u00fchren sowie f\u00fcr die Pflege des Sp\u00fclmobils.<\/p>\n<p>* pm: Landkreis Marburg-Biedenkopf<\/p>\n","protected":false},"excerpt":{"rendered":"<p>Der Rauschenberger Kultur- und Versch\u00f6nerungsverein \u00fcbernimmt den Betrieb vom Sp\u00fclmobil des Landkreises. Vereine k\u00f6nnen damit feiern ohne Wegwerfgeschirr.<\/p>\n","protected":false},"author":2,"featured_media":0,"comment_status":"closed","ping_status":"open","sticky":false,"template":"","format":"standard","meta":{"advanced_seo_description":"","spay_email":"","jetpack_publicize_message":"","jetpack_is_tweetstorm":false,"jetpack_publicize_feature_enabled":true},"categories":[4],"tags":[7496,7497,759],"jetpack_featured_media_url":"","jetpack_publicize_connections":[],"jetpack_sharing_enabled":true,"jetpack_shortlink":"https:\/\/wp.me\/p8mhvd-5bn","jetpack-related-posts":[{"id":11483,"url":"http:\/\/marburg.news\/?p=11483","url_meta":{"origin":19925,"position":0},"title":"Spiegelslustturm: Inklusives Caf\u00e9 im Kaiser-Wilhelm-Turm","date":"18. Dezember 2022","format":false,"excerpt":"Eine feste Institution in Marburg ist das Turmcaf\u00e9 im Spiegelslustturm. Auf den Lahnbergen leuchtete lange Zeit das himbeerrote Herz am Kaiser-Wilhelm-Turm. Viele Erinnerungen verbinde ich mit dem Turm und vor Allem dem dortigen Caf\u00e9. Das reicht von Besuchen bei Veranstaltungen dort oder dem Einkehren bei Wanderungen bis hin zu Geburtstags-\u2026","rel":"","context":"In &quot;Kultur&quot;","img":{"alt_text":"","src":"","width":0,"height":0},"classes":[]},{"id":7525,"url":"http:\/\/marburg.news\/?p=7525","url_meta":{"origin":19925,"position":1},"title":"Bald angekommen: Gemeinsame Beratung f\u00fcr Diskriminierungsopfer","date":"7. August 2021","format":false,"excerpt":"Vier mittelhessische Kommunen wollen den Zusammenhalt der Gesellschaft st\u00e4rken. Gemeinsam bieten sie deshalb eine unabh\u00e4ngige Beratung f\u00fcr Diskriminierungsopfer an. Den Zusammenhalt der Gesellschaft st\u00e4rken m\u00f6chten vier mittelhessische Kommunen mit einem gemeinsamen Projekt in Zusammenarbeit mit dem Verein \"Antidiskriminierung Mittelhessen\" erreichen. Gemeinsam m\u00f6chten sie eine mobile Beratungsstelle f\u00fcr Mittelhessen aufbauen. Geplant\u2026","rel":"","context":"In &quot;Politik&quot;","img":{"alt_text":"","src":"","width":0,"height":0},"classes":[]},{"id":13489,"url":"http:\/\/marburg.news\/?p=13489","url_meta":{"origin":19925,"position":2},"title":"Nachhaltigkeit und Kultur: KFZ startet Klimaneutralit\u00e4t im Kabarettherbst","date":"2. August 2023","format":false,"excerpt":"Den 25. Marburger Kabarettherbst startet das KFZ im September. 14 Kabarettist*innen sorgen bis zum Dezember f\u00fcr ein abwechslungsreiches Programm und eine ausgewogene Mischung aus klassischem, politischem und musikalischem Kabarett.\u00a0 Mit Unterst\u00fctzung der Universit\u00e4tsstadt Marburg, den Stadtwerken Marburg sowie dem \u00d6koinstitut startet das KFZ das Projektvorhaben eines Klimaneutralen Kabarettherbstes. \u00dcber den\u2026","rel":"","context":"In &quot;Kultur&quot;","img":{"alt_text":"","src":"","width":0,"height":0},"classes":[]},{"id":12663,"url":"http:\/\/marburg.news\/?p=12663","url_meta":{"origin":19925,"position":3},"title":"Auszeichnung und Annahme: Landkreis \u00fcbergab Sozialpreis 2022","date":"24. Mai 2023","format":false,"excerpt":"Der Landkreis hat den Sozialpreis 2022 vergeben. Er ist eine Ehrung f\u00fcr vorbildliches soziales Engagement. Landrat Jens Womelsdorf hat Eva-Ruth Tietz aus Marburg und den Verein \"Gut leben auf dem Dorf - Hier in Oberrosphe\" mit dem Sozialpreis des Landkreises Marburg-Biedenkopf ausgezeichnet. Der mit insgesamt 3.000 Euro dotierte Preis w\u00fcrdigt\u2026","rel":"","context":"In &quot;Soziales&quot;","img":{"alt_text":"","src":"","width":0,"height":0},"classes":[]},{"id":13861,"url":"http:\/\/marburg.news\/?p=13861","url_meta":{"origin":19925,"position":4},"title":"Geschwisterlich geteilt: Gleichberechtigungspreis f\u00fcr Theaterintendantinnen und Verein","date":"20. September 2023","format":false,"excerpt":"Der \"Marburger Gleichberechtigungspreis\" geht an die Intendantinnen des HLTM und den Verein \"FrauenKunstGeschichte\". \u00dcberreicht wurde er am Dienstag (19. September) im Rathaus. F\u00fcr ihr langj\u00e4hriges Engagement zugunsten der Gleichberechtigung der Geschlechter ist der - mit 2500 Euro dotierte - \"Marburger Gleichberechtigungspreis\" am Dienstag (19. September) an die Intendantinnen Eva Lange\u2026","rel":"","context":"In &quot;Kultur&quot;","img":{"alt_text":"","src":"","width":0,"height":0},"classes":[]},{"id":15761,"url":"http:\/\/marburg.news\/?p=15761","url_meta":{"origin":19925,"position":5},"title":"Frankreich-Festival: Deutsch-franz\u00f6sische Initiative feiert im Sommer","date":"8. Juni 2024","format":false,"excerpt":"Im Sommer wird die Stadt Marburg Schauplatz eines besonderen Festivals: Die erste Auflage des \"Festival fran\u00e7ais \u00e0 Marburg\" findet von Mittwoch (12. Juni) bis Mittwoch (7. Juli) statt. Die Deutsch-Franz\u00f6sische Initiative Marburg l\u00e4dt dazu ein, die Vielfalt der franz\u00f6sischen Sprache, Musik und Kultur zu entdecken und gemeinsam zu feiern. Die\u2026","rel":"","context":"In &quot;Kultur&quot;","img":{"alt_text":"","src":"","width":0,"height":0},"classes":[]}],"_links":{"self":[{"href":"http:\/\/marburg.news\/index.php?rest_route=\/wp\/v2\/posts\/19925"}],"collection":[{"href":"http:\/\/marburg.news\/index.php?rest_route=\/wp\/v2\/posts"}],"about":[{"href":"http:\/\/marburg.news\/index.php?rest_route=\/wp\/v2\/types\/post"}],"author":[{"embeddable":true,"href":"http:\/\/marburg.news\/index.php?rest_route=\/wp\/v2\/users\/2"}],"replies":[{"embeddable":true,"href":"http:\/\/marburg.news\/index.php?rest_route=%2Fwp%2Fv2%2Fcomments&post=19925"}],"version-history":[{"count":0,"href":"http:\/\/marburg.news\/index.php?rest_route=\/wp\/v2\/posts\/19925\/revisions"}],"wp:attachment":[{"href":"http:\/\/marburg.news\/index.php?rest_route=%2Fwp%2Fv2%2Fmedia&parent=19925"}],"wp:term":[{"taxonomy":"category","embeddable":true,"href":"http:\/\/marburg.news\/index.php?rest_route=%2Fwp%2Fv2%2Fcategories&post=19925"},{"taxonomy":"post_tag","embeddable":true,"href":"http:\/\/marburg.news\/index.php?rest_route=%2Fwp%2Fv2%2Ftags&post=19925"}],"curies":[{"name":"wp","href":"https:\/\/api.w.org\/{rel}","templated":true}]}}