{"id":19923,"date":"2026-04-22T17:15:00","date_gmt":"2026-04-22T15:15:00","guid":{"rendered":"http:\/\/marburg.news\/?p=19923"},"modified":"2026-04-22T17:15:00","modified_gmt":"2026-04-22T15:15:00","slug":"anspruch-schlossbegegnungen-im-maienrausch","status":"publish","type":"post","link":"http:\/\/marburg.news\/?p=19923","title":{"rendered":"Anspruch: Schlossbegegnungen im Maienrausch"},"content":{"rendered":"<p>Schlossbegegnungen im &#8222;Maienrausch&#8220; erm\u00f6glicht die Philipps-Universit\u00e4tmit ihrer neuen Veranstaltungsreihe. Sie beleuchtet im Wonnemonat Gef\u00fchlslagen aus vielen Perspektiven. <!--more--><br \/>\nWenn das Licht zur\u00fcckkehrt und die Natur neu erbl\u00fcht, geraten auch die Gef\u00fchle in Bewegung: Im Mai stehen das Fr\u00fchlingserwachen und Liebe in ihren vielen Facetten im Mittelpunkt der Reihe &#8222;Schlossbegegnungen&#8220;. Die Veranstaltungsformate schlagen unter dem Monatsmotto Maienrausch eine Br\u00fccke zwischen Wissenschaft und Kultur.<br \/>\nBei einer Podiumsdiskussion mit Marburger Wissenschaftlerinnen und Wissenschaftlern im F\u00fcrstensaal geht es am Dienstag (5. Mai) um 19 Uhr um Liebe, Schmerz und Klang. Das Gespr\u00e4ch bestreiten die Musikwissenschaftlerin Prof. Dr. Ina Knoth, die Kinder- und Jugendpsychologin Prof. Dr. Hanna Christiansen sowie der Experte f\u00fcr Phonetik und Neurolinguistik Prof. Dr. Mathias Scharinger. Moderator ist der Motologe Prof. Dr. Ulf Henrik G\u00f6hle, die Tonbeispiele am Klavier spielt Guoda Gedvilaite. Der Eintritt ist frei.<br \/>\nesondere Kl\u00e4nge erf\u00fcllen den F\u00fcrstensaal im Landgrafenschloss am Samstag (30. Mai) 19 Uhr, bei einem Konzert. S\u00e4ngerin Franziska Gottwald, Schauspielerin Mechthild Grabner (Rezitation) und Pianist Lukas Rommelspacher interpretieren den romantischen Liederzyklus &#8222;Die sch\u00f6ne Magelone&#8220; von Johannes Brahms, inspiriert von Ludwigs Tiecks poetischer Bearbeitung einer mittelalterlichen Liebesgeschichte. Der Liederzyklus gilt als Meisterwerk von erz\u00e4hlender Prosa und ausdrucksstark vertonter Lyrik. Konzertkarten kosten zwischen 7 und 25 Euro und sind per E-Mail an schlossbegegnungen@uni-marburg.de zu bestellen.<br \/>\nWeitere Veranstaltungen im Mai sint das Kinderprogramm) am Sonntag (3. Mai) &#8222;unter dem Titel Schlosszauber &#8211; Farbenrauschen&#8220;, am Dienstag (12. Mai) &#8222;Schlossgefl\u00fcster &#8211; Wenn Worte leuchten&#8220; als Lesung aus Die Mitte der Welt&#8220; von Andreas Steinh\u00f6fel, am Samstag (16. Mai) der Vortrag&#8220;Aufgeschlossen &#8211; Wissenswertes aus der Werkstatt&#8220; mit Repetent Timo Janssen.<br \/>\nSchon im Mittelalter wurde der Mai als Zeit der Minne besungen. Doch Liebe war nie nur h\u00f6fisches Ideal, sondern auch verborgenes oder widerst\u00e4ndiges, queeres Begehren. &#8222;Maienrausch&#8220; bedeutet Mut zur Sichtbarkeit &#8211; und die Bereitschaft, sich ber\u00fchren zu lassen. Zur Liebe geh\u00f6rt nicht nur das romantische Versprechen, sondern auch ihr Schmerz. Neurobiologisch gleicht Verliebtheit einem Rausch: Botenstoffe verst\u00e4rken Euphorie und Bindung &#8211; und machen zugleich verletzlich. Neben der Leidenschaft stehen freundschaftliche Liebe, Vertrauen und geteiltes Erleben ebenso wie N\u00e4chstenliebe &#8211; Mitgef\u00fchl, F\u00fcrsorge und Solidarit\u00e4t. Die Schlossbegegnungen greifen diese Facetten auf &#8211; historisch und gegenw\u00e4rtig, poetisch und wissenschaftlich, romantisch, queer und solidarisch &#8211; und laden dazu ein, den Mai als Zeit intensiver Bewegung im Herzen und im Miteinander neu zu entdecken.<br \/>\nMit der Reihe &#8222;Schlossbegegnungen&#8220; \u00f6ffnet die Philipps-Universit\u00e4t das Landgrafenschloss gezielt als Ort des Austauschs und l\u00e4dt Stadtgesellschaft und G\u00e4ste dazu ein, Wissenschaft und Kultur in neuen Formaten zu erleben &#8211;<br \/>\nanschaulich, dialogisch und \u00fcberraschend vielseitig. Das Museum f\u00fcr Kunst und Kulturgeschichte der Universit\u00e4t organisiert das Programm und spannt damit den Bogen zwischen Wissenschaft, Kunst und gesellschaftlichem Dialog. Das Marburger Wahrzeichen wird damit zu einem attraktiven, zeitgem\u00e4\u00dfen und zukunftsoffenen Museums-, Erlebnis-, Veranstaltungs-, und Bildungsort. Jeder Monat steht unter einem anderen thematischen Schwerpunkt. Die Veranstaltungen laden dazu ein, sich f\u00fcr Neues zu \u00f6ffnen, mit anderen in Kontakt zu treten, voneinander zu lernen und vieles gemeinsam zu erleben.<br \/>\nDie Veranstaltungen im Juni erkunden &#8222;Resonanzen&#8220; von physikalischen Schwingungen \u00fcber musikalische Klangr\u00e4ume bis zu sozialen und politischen Echoeffekten. Sie laden dazu ein, hinzuh\u00f6ren: Wo geraten wir ins Mitschwingen? Was verst\u00e4rken wir &#8211; und was bringen wir selbst zum Klingen? Auf dem Programm stehen kontroverse politische Diskussionen, das Musikfestival &#8222;Saiten und Sph\u00e4ren&#8220; sowie vieles mehr.<\/p>\n<p>* pm: Philipps-Universit\u00e4t Marburg<\/p>\n","protected":false},"excerpt":{"rendered":"<p>Schlossbegegnungen im &#8222;Maienrausch&#8220; erm\u00f6glicht die Philipps-Universit\u00e4tmit ihrer neuen Veranstaltungsreihe. Sie beleuchtet im Wonnemonat Gef\u00fchlslagen aus vielen Perspektiven.<\/p>\n","protected":false},"author":2,"featured_media":0,"comment_status":"closed","ping_status":"open","sticky":false,"template":"","format":"standard","meta":{"advanced_seo_description":"","spay_email":"","jetpack_publicize_message":"","jetpack_is_tweetstorm":false,"jetpack_publicize_feature_enabled":true},"categories":[5,3],"tags":[7383,7495,1262],"jetpack_featured_media_url":"","jetpack_publicize_connections":[],"jetpack_sharing_enabled":true,"jetpack_shortlink":"https:\/\/wp.me\/p8mhvd-5bl","jetpack-related-posts":[{"id":323,"url":"http:\/\/marburg.news\/?p=323","url_meta":{"origin":19923,"position":0},"title":"Gegen Terror: Ausstellung zu Anschlag auf Bataclan im Rathaus","date":"22. M\u00e4rz 2017","format":false,"excerpt":"Als sich im November 2016 der Terroranschlag auf das \"Bataclan\" j\u00e4hrte, wurde in Paris eine Ausstellung dazu pr\u00e4sentiert. Gut 100 K\u00fcnstler haben ein Plakatmotiv des Kulturzentrums bearbeitet. Eine Auswahl davon ist ab Sonntag (9. April) in Marburg zu sehen. \"F\u00fcr uns ist die Ausstellung ein sehr spannendes Projekt\", erkl\u00e4rte Stadtr\u00e4tin\u2026","rel":"","context":"In &quot;Kultur&quot;","img":{"alt_text":"","src":"","width":0,"height":0},"classes":[]},{"id":17918,"url":"http:\/\/marburg.news\/?p=17918","url_meta":{"origin":19923,"position":1},"title":"Friedlich gedacht: Symposium und Ausstellung am 8. Mai","date":"30. April 2025","format":false,"excerpt":"Der 8. Mai 1945 war der \"Tag der Befreiung\" vom Faschismus. Daran erinnern ein Symposium und eine Ausstellungser\u00f6ffnung im Erwin-Piscator-Haus (EPH). Vor 80 Jahren endete am 8. Mai 1945 der Zweite Weltkrieg in Europa. Um an diesen Tag der Befreiung vom Nationalsozialismus zu erinnern, laden das Internationale Forschungs- und Dokumentationszentrum\u2026","rel":"","context":"In &quot;Bildung&quot;","img":{"alt_text":"","src":"","width":0,"height":0},"classes":[]},{"id":19891,"url":"http:\/\/marburg.news\/?p=19891","url_meta":{"origin":19923,"position":2},"title":"Informativ: Demokratie-Kino zeigt &#8222;In Liebe, Deine Hilde&#8220;","date":"17. April 2026","format":false,"excerpt":"Das \"Marburger Demokratie-Kino\" zeigt am Montag (20. April) den Film \"In Liebe, Eure Hilde\". Zu sehen ist er um 19 Uhr im Capitol Marburg an der Biegenstra\u00dfe. Die achte gemeinsame Arbeit von Regisseur Andreas Dresen und Drehbuchautorin Laila Stieler erz\u00e4hlt die Geschichte von Hilde, die sich 1942 in Berlin in\u2026","rel":"","context":"In &quot;Kultur&quot;","img":{"alt_text":"","src":"","width":0,"height":0},"classes":[]},{"id":15411,"url":"http:\/\/marburg.news\/?p=15411","url_meta":{"origin":19923,"position":3},"title":"Als Aktualisierung: Veranstaltungsreihe zum Wissenschaftsjahr Freiheit","date":"16. April 2024","format":false,"excerpt":"Eine Vortragsreihe stellt das Wissenschaftsjahr \"Freiheit\" in den Fokus. Der Hessische Wissenschaftsminister Timon Gremmels beteiligt sich bei der Auftaktveranstaltung an einer Podiumsdiskussion. Im Fokus der Vortragsreihe \"Konflikte in Gegenwart und Zukunft\" im Sommersemester steht das Thema \"Freiheit\" des Wissenschaftsjahrs 2024, das vom Bundesministerium f\u00fcr Bildung und Forschung (BMBF) ausgerufen wurde.\u2026","rel":"","context":"In &quot;Bildung&quot;","img":{"alt_text":"","src":"","width":0,"height":0},"classes":[]},{"id":15628,"url":"http:\/\/marburg.news\/?p=15628","url_meta":{"origin":19923,"position":4},"title":"Doppelte \u00d6ffnung: Museumsfest und Workshop zu Inklusion","date":"22. Mai 2024","format":false,"excerpt":"\"Museum und Kunst f\u00fcr alle\" verspricht ein doppeltes Programm im Mai. Es bietet ein Museumsfest in der Biegenstra\u00dfe und ein Inklusionsworkshop zum Schloss. Offenheit und Respekt gegen\u00fcber allen Menschen an der Universit\u00e4t und in der Stadt Marburg: Diesem Credo hat sich die Philipps-Universit\u00e4t in ihrem Leitbild verschrieben. Diesem Anspruch widmen\u2026","rel":"","context":"In &quot;Bildung&quot;","img":{"alt_text":"","src":"","width":0,"height":0},"classes":[]},{"id":5087,"url":"http:\/\/marburg.news\/?p=5087","url_meta":{"origin":19923,"position":5},"title":"Juli im Netz: Marburger Sommerakademie f\u00e4llt aus","date":"8. Mai 2020","format":false,"excerpt":"Die Marburger Sommerakademie f\u00fcr Darstellende und Bildende Kunst findet 2020 wegen der Corona-Pandemie nicht statt. Der Fachdienst Kultur sieht aufgrund der gesundheitlichen Gefahr und der unsicheren Lage bez\u00fcglich Einschr\u00e4nkungen keine M\u00f6glichkeit, das Programm wie geplant im Juli durchzuf\u00fchren. Allerdings soll es Online-Beitr\u00e4ge von Dozentinnen und Dozenten geben. Das hat die\u2026","rel":"","context":"In &quot;Kultur&quot;","img":{"alt_text":"","src":"","width":0,"height":0},"classes":[]}],"_links":{"self":[{"href":"http:\/\/marburg.news\/index.php?rest_route=\/wp\/v2\/posts\/19923"}],"collection":[{"href":"http:\/\/marburg.news\/index.php?rest_route=\/wp\/v2\/posts"}],"about":[{"href":"http:\/\/marburg.news\/index.php?rest_route=\/wp\/v2\/types\/post"}],"author":[{"embeddable":true,"href":"http:\/\/marburg.news\/index.php?rest_route=\/wp\/v2\/users\/2"}],"replies":[{"embeddable":true,"href":"http:\/\/marburg.news\/index.php?rest_route=%2Fwp%2Fv2%2Fcomments&post=19923"}],"version-history":[{"count":0,"href":"http:\/\/marburg.news\/index.php?rest_route=\/wp\/v2\/posts\/19923\/revisions"}],"wp:attachment":[{"href":"http:\/\/marburg.news\/index.php?rest_route=%2Fwp%2Fv2%2Fmedia&parent=19923"}],"wp:term":[{"taxonomy":"category","embeddable":true,"href":"http:\/\/marburg.news\/index.php?rest_route=%2Fwp%2Fv2%2Fcategories&post=19923"},{"taxonomy":"post_tag","embeddable":true,"href":"http:\/\/marburg.news\/index.php?rest_route=%2Fwp%2Fv2%2Ftags&post=19923"}],"curies":[{"name":"wp","href":"https:\/\/api.w.org\/{rel}","templated":true}]}}