{"id":19915,"date":"2026-04-21T14:45:00","date_gmt":"2026-04-21T12:45:00","guid":{"rendered":"http:\/\/marburg.news\/?p=19915"},"modified":"2026-04-21T14:45:00","modified_gmt":"2026-04-21T12:45:00","slug":"gescheitert-fluchtversuch-endete-auf-der-polizeistation","status":"publish","type":"post","link":"http:\/\/marburg.news\/?p=19915","title":{"rendered":"Gescheitert: Fluchtversuch endete auf der Polizeistation"},"content":{"rendered":"<p>Gescheitert ist am Montag (20. April) der Fluchtversuch eines 22-J\u00e4hrigen BMW-Fahrers. Er hatte versucht, sich einer Kontrolle durch eine Marburger Polizeistreife zu entziehen. <!--more--><br \/>\nDen Beamten fiel der 5er BMW gegen 20.10 Uhr in der Bahnhofstra\u00dfe auf. Als sie das Auto kontrollieren wollten, gab der 22-j\u00e4hrige Fahrer Gas und fuhr in Richtung Wehrdaer Stra\u00dfe davon. Die Einsatzkr\u00e4fte folgten dem Fahrzeug. Der Fahrer reagierte nicht auf die Anhaltesignale der Ordnungsh\u00fcter und fuhr mit \u00fcberh\u00f6hter Geschwindigkeit weiter.<br \/>\nIm Kreuzungsbereich &#8222;Zur Kaute&#8220; hielt der BMW an, woraufhin sein 26-j\u00e4hriger Beifahrer aus dem Fahrzeug ausstieg und zu Fu\u00df fl\u00fcchtete. Eine weitere Polizeistreife lief hinter ihm her und nahm ihn fest. Der Fahrer setzte seine Fahrt zun\u00e4chst fort und blieb schlie\u00dflich in der C\u00f6lber Stra\u00dfe stehen, wo seine Festnahme erfolgte.<br \/>\nDer 22-j\u00e4hrige BMW-Fahrer stand offenbar unter dem Einfluss von Bet\u00e4ubungsmitteln und ist zudem nicht im Besitz einer g\u00fcltigen Fahrerlaubnis. Er musste mit auf die Wache. Dort f\u00fchrte ein hinzugezogener Arzt eine Blutentnahme durch. Im Fahrzeug fanden die Beamten rund 60 Gramm Cannabis, das sie sicherstellten.<br \/>\nDer 22-j\u00e4hrige Mann wurde nach der Durchf\u00fchrung einer erkennungsdienstlichen Behandlung aus dem Polizeigewahrsam entlassen. Er muss sich nun unter anderem wegen Verdachts eines verbotenen Kraftfahrzeugrennens, des Versto\u00dfes gegen das Bet\u00e4ubungsmittelgesetz sowie Fahrens ohne Fahrerlaubnis verantworten. Die Polizei schlie\u00dft derzeit nicht aus, dass der Autofahrer durch sein Fahrverhalten andere Verkehrsteilnehmer gef\u00e4hrdet haben k\u00f6nnte. Betroffene werden gebeten, sich bei der Polizeistation Marburg unter der Telefonnummer 06421\/406-0 zu melden.<\/p>\n<p>* pm: Polizei Marburg<\/p>\n","protected":false},"excerpt":{"rendered":"<p>Gescheitert ist am Montag (20. April) der Fluchtversuch eines 22-J\u00e4hrigen BMW-Fahrers. Er hatte versucht, sich einer Kontrolle durch eine Marburger Polizeistreife zu entziehen.<\/p>\n","protected":false},"author":2,"featured_media":0,"comment_status":"closed","ping_status":"open","sticky":false,"template":"","format":"standard","meta":{"advanced_seo_description":"","spay_email":"","jetpack_publicize_message":"","jetpack_is_tweetstorm":false,"jetpack_publicize_feature_enabled":true},"categories":[6],"tags":[107,261,16],"jetpack_featured_media_url":"","jetpack_publicize_connections":[],"jetpack_sharing_enabled":true,"jetpack_shortlink":"https:\/\/wp.me\/p8mhvd-5bd","jetpack-related-posts":[{"id":18780,"url":"http:\/\/marburg.news\/?p=18780","url_meta":{"origin":19915,"position":0},"title":"Alkohol im Atem: Fluchtversuch scheiterte in Wehrda","date":"2. Oktober 2025","format":false,"excerpt":"Gescheitert ist der Fahrer eines gr\u00fcnen Fords am Mittwoch (1. Oktober) bei dem Versuch, sich einer Fahrzeugkontrolle der Polizei zu entziehen. Der 43-j\u00e4hrige Mann war mit seinem Auto gegen 23.40 Uhr auf der Go\u00dffeldener Stra\u00dfe unterwegs. Er missachtete die Anhaltesignale der Polizeistreife und fuhr weiter. Schlie\u00dflich konnte sie ihnnur wenige\u2026","rel":"","context":"In &quot;Sonstiges&quot;","img":{"alt_text":"","src":"","width":0,"height":0},"classes":[]},{"id":19852,"url":"http:\/\/marburg.news\/?p=19852","url_meta":{"origin":19915,"position":1},"title":"Flucht: Auffahrunfall im Kaufpark Wehrda","date":"10. April 2026","format":false,"excerpt":"Ein SUV ist am Mittwoch (8. April) in Wehrda auf einen BMW aufgefahren. Die Polizei bittet um Mithilfe bei der Suche nach dem fl\u00fcchtigen Unfallfahrer. Gegen 16 Uhr war ein 41-j\u00e4hriger Autofahrer mit seinem schwarzen BMW der 3er Reihe auf der Tom-Mutters-Stra\u00dfe in Fahrtrichtung C\u00f6lber Stra\u00dfe unterwegs. W\u00e4hrend er im\u2026","rel":"","context":"In &quot;Sonstiges&quot;","img":{"alt_text":"","src":"","width":0,"height":0},"classes":[]},{"id":19853,"url":"http:\/\/marburg.news\/?p=19853","url_meta":{"origin":19915,"position":2},"title":"Zusammensto\u00df: Schwerer Verkehrsunfall in Wehrda","date":"10. April 2026","format":false,"excerpt":"Einen Zusammensto\u00df zwischen einem Linienbus und einem Personenwagen hat die Polizei am Freitag (10. April) gemeldet. Am Freitagmorgen gegen 7.40 Uhr war es in der C\u00f6lber Stra\u00dfe zu einem schweren Verkehrsunfall gekommen. Ein 69-j\u00e4hriger Autofahrer und seine 64-j\u00e4hrige Beifahrerin wurden dabei schwer verletzt. Rettungskr\u00e4fte brachten sie in ein Krankenhaus. Das\u2026","rel":"","context":"In &quot;Sonstiges&quot;","img":{"alt_text":"","src":"","width":0,"height":0},"classes":[]},{"id":2648,"url":"http:\/\/marburg.news\/?p=2648","url_meta":{"origin":19915,"position":3},"title":"Autos und Flucht: Drogen am Steuer und Parkplatzrempler","date":"19. September 2018","format":false,"excerpt":"Vergeblich versteckte sich der mutma\u00dfliche Fahrer eines BMW in der Nacht auf Mittwoch (19. September) hinter einer M\u00fclltonne an der Ernst-Giller-Stra\u00dfe. Die Polizei sp\u00fcrte ihn auf und veranlassten eine Blutprobe. Einer Streife fiel der Wagen gegen 1.50 Uhr in N\u00e4he des Hauptbahnhofs auf. Das wiederum bemerkte der BMW-Fahrer. Er fuhr\u2026","rel":"","context":"In &quot;Sonstiges&quot;","img":{"alt_text":"","src":"","width":0,"height":0},"classes":[]},{"id":19604,"url":"http:\/\/marburg.news\/?p=19604","url_meta":{"origin":19915,"position":4},"title":"Ausgewichen: Unfallflucht zwischen Moischt und Cappel","date":"24. Februar 2026","format":false,"excerpt":"Auf der Landesstra\u00dfe L3125 ist ein Kleintransporter am Donnerstag (19. Februar) in den Gegenverkehr geraten. Ein BMW musste ihm ausweichen und stie\u00df in die Leitplanke. Nach dem Unfall auf der Landesstra\u00dfe 3125 zwischen Moischt und dem Friedhof Cappel suchen die Ermittler Zeugen. Ein 25-j\u00e4hriger Fahrer war mit seinem dunkelgrauen BMW\u2026","rel":"","context":"In &quot;Sonstiges&quot;","img":{"alt_text":"","src":"","width":0,"height":0},"classes":[]},{"id":440,"url":"http:\/\/marburg.news\/?p=440","url_meta":{"origin":19915,"position":5},"title":"Factum: Wieder zwei F\u00e4lle von Unfallflucht","date":"25. April 2017","format":false,"excerpt":"Ein Unfall passierte in der Nacht zum Samstag (22. April) zwischen Mitternacht und etwa 6 Uhr in Schr\u00f6ck. Nach den Spuren fuhr ein Fahrzeug von der Kolpingstra\u00dfe durch die Markth\u00f6he und kam an der Einm\u00fcndung Baumgarten von der Stra\u00dfe ab. Das Fahrzeug prallte gegen die Betonsteinmauer aus Natursteinoptik, die ein\u2026","rel":"","context":"In &quot;Sonstiges&quot;","img":{"alt_text":"","src":"","width":0,"height":0},"classes":[]}],"_links":{"self":[{"href":"http:\/\/marburg.news\/index.php?rest_route=\/wp\/v2\/posts\/19915"}],"collection":[{"href":"http:\/\/marburg.news\/index.php?rest_route=\/wp\/v2\/posts"}],"about":[{"href":"http:\/\/marburg.news\/index.php?rest_route=\/wp\/v2\/types\/post"}],"author":[{"embeddable":true,"href":"http:\/\/marburg.news\/index.php?rest_route=\/wp\/v2\/users\/2"}],"replies":[{"embeddable":true,"href":"http:\/\/marburg.news\/index.php?rest_route=%2Fwp%2Fv2%2Fcomments&post=19915"}],"version-history":[{"count":0,"href":"http:\/\/marburg.news\/index.php?rest_route=\/wp\/v2\/posts\/19915\/revisions"}],"wp:attachment":[{"href":"http:\/\/marburg.news\/index.php?rest_route=%2Fwp%2Fv2%2Fmedia&parent=19915"}],"wp:term":[{"taxonomy":"category","embeddable":true,"href":"http:\/\/marburg.news\/index.php?rest_route=%2Fwp%2Fv2%2Fcategories&post=19915"},{"taxonomy":"post_tag","embeddable":true,"href":"http:\/\/marburg.news\/index.php?rest_route=%2Fwp%2Fv2%2Ftags&post=19915"}],"curies":[{"name":"wp","href":"https:\/\/api.w.org\/{rel}","templated":true}]}}