{"id":1990,"date":"2018-03-26T13:38:19","date_gmt":"2018-03-26T11:38:19","guid":{"rendered":"http:\/\/marburg.news\/?p=1990"},"modified":"2018-03-26T13:46:40","modified_gmt":"2018-03-26T11:46:40","slug":"prost-neujahr-mann-bei-newroz-feier-verletzt","status":"publish","type":"post","link":"http:\/\/marburg.news\/?p=1990","title":{"rendered":"Prost Neujahr: Nach Streit bei Newroz-Feier verletzt"},"content":{"rendered":"<p>Zu einem Streit kam es in der Nacht auf Sonntag (25. M\u00e4rz) in der Biegenstra\u00dfe. Ein 21 Jahre alter Mann erlitt dabei eine kleine Platzwunde am Kopf.<br \/>\n<!--more--><br \/>\nBei einer Feier anl\u00e4sslich des Newroz-Festes kam es gegen 1 Uhr im Inneren des Geb\u00e4udes zu einem Streit zwischen etwa 30 Kurden mit unterschiedlichen Nationalit\u00e4ten. Die verbal gef\u00fchrte Auseinandersetzung verlagerte sich auf die Stra\u00dfe. Offenbar schlug dort ein 20-J\u00e4hriger dem Opfer eine Flasche gegen den Kopf.<br \/>\nEin Rettungswagen versorgte den Verletzten vor Ort. Zu weiteren k\u00f6rperlichen \u00dcbergriffen kam es nach bisherigen Erkenntnissen nicht.<br \/>\nDie Polizei sprach Platzverweise aus. Zu den Hintergr\u00fcnden der Auseinandersetzung wird weiter ermittelt. Der mutma\u00dfliche T\u00e4ter wurde nach den polizeilichen Ma\u00dfnahmen entlassen.<\/p>\n<p>* pm: Polizei Marburg<\/p>\n","protected":false},"excerpt":{"rendered":"<p>Zu einem Streit kam es in der Nacht auf Sonntag (25. M\u00e4rz) in der Biegenstra\u00dfe. Ein 21 Jahre alter Mann erlitt dabei eine kleine Platzwunde am Kopf.<\/p>\n","protected":false},"author":7,"featured_media":0,"comment_status":"open","ping_status":"open","sticky":false,"template":"","format":"standard","meta":{"advanced_seo_description":"","spay_email":"","jetpack_publicize_message":"","jetpack_is_tweetstorm":false,"jetpack_publicize_feature_enabled":true},"categories":[6],"tags":[328,16,247],"jetpack_featured_media_url":"","jetpack_publicize_connections":[],"jetpack_sharing_enabled":true,"jetpack_shortlink":"https:\/\/wp.me\/p8mhvd-w6","jetpack-related-posts":[{"id":676,"url":"http:\/\/marburg.news\/?p=676","url_meta":{"origin":1990,"position":0},"title":"Wir sind brutal: Verletzte nach Streit auf den Lahnwiesen","date":"22. Juni 2017","format":false,"excerpt":"Nach einer Auseinandersetzung kamen zwei 53 und 60 alte M\u00e4nner zu weiteren Untersuchungen ins Krankenhaus. Die Polizei hat Ermittlungen zum genauen Tatgeschehen aufgenommen. Der Vorfall ereignete sich am Donnerstag (22. Juni) gegen 9.15 Uhr auf den Lahnwiesen unterhalb der Martin-Luther-Schule. Bei dem Streit kam wohl auch ein 1,50 Meter langer\u2026","rel":"","context":"In &quot;Soziales&quot;","img":{"alt_text":"","src":"","width":0,"height":0},"classes":[]},{"id":3463,"url":"http:\/\/marburg.news\/?p=3463","url_meta":{"origin":1990,"position":1},"title":"Schimpf und Schl\u00e4ge: Streit in Bus und Hitlergru\u00df am Steinweg","date":"3. April 2019","format":false,"excerpt":"Zu einer Auseinandersetzung in einem Bus der Linie 4 kam es am Freitag (29. M\u00e4rz) gegen 22.25 Uhr. Beteiligt waren ein 19-j\u00e4hriger Mann und ein 14-j\u00e4hriger Jugendlicher. Beide Beteiligten haben einen Migrationshintergrund. Die Auseinandersetzung erfolgte zwischen dem Damaschkeweg und der Haltestelle \"Christian-Wolff-Haus\" sowohl im Bus als auch auf der Stra\u00dfe.\u2026","rel":"","context":"In &quot;Sonstiges&quot;","img":{"alt_text":"","src":"","width":0,"height":0},"classes":[]},{"id":8009,"url":"http:\/\/marburg.news\/?p=8009","url_meta":{"origin":1990,"position":2},"title":"Neue Auseinandersetzung: Polizei stellte Schreckschusswaffe sicher","date":"27. Oktober 2021","format":false,"excerpt":"Ein Streit zwischen zwei M\u00e4nnern f\u00fchrte am Dienstag (26. Oktober) gegen 21 Uhr zu einem gr\u00f6\u00dferen Polizeieinsatz in der Graf-von-Stauffenberg-Stra\u00dfe. Nach den Hinweisen in den Notrufen soll es bei der Auseinandersetzung zu Bedrohungen mit einer Waffe gekommen sein. Als die Polizei eintraf, war die Anzahl der Streitenden angewachsen. Die Polizei\u2026","rel":"","context":"In &quot;Sonstiges&quot;","img":{"alt_text":"","src":"","width":0,"height":0},"classes":[]},{"id":5774,"url":"http:\/\/marburg.news\/?p=5774","url_meta":{"origin":1990,"position":3},"title":"Mit Flasche: Verletzt bei Streit an Weidenh\u00e4user Br\u00fccke","date":"30. September 2020","format":false,"excerpt":"Offenbar mit einer Flasche schlug ein Unbekannter am Sonntag (27. September) bei einer Auseinandersetzung zu. Ein Zeuge meldete der Polizei gegen 17.55 Uhr einen blutenden Fu\u00dfg\u00e4nger im Bereich der Weidenh\u00e4user Br\u00fccke. Nach ersten Erkenntnissen der Polizei war es zuvor unterhalb der Br\u00fccke zu einem Streit zwischen einem 23-j\u00e4hrigen Mann aus\u2026","rel":"","context":"In &quot;Sonstiges&quot;","img":{"alt_text":"","src":"","width":0,"height":0},"classes":[]},{"id":15219,"url":"http:\/\/marburg.news\/?p=15219","url_meta":{"origin":1990,"position":4},"title":"F\u00fcr Streit in Sudetenstra\u00dfe: Autobesitzer bei Verkaufsgespr\u00e4ch verletzt","date":"15. M\u00e4rz 2024","format":false,"excerpt":"Nach einer Auseinandersetzung in der Sudetenstra\u00dfe bittet die Polizei um Mithilfe aus der Bev\u00f6lkerung. Am Donnerstag (14. M\u00e4rz) gegen 21.50 Uhr gerieten dort zwei M\u00e4nner in Streit. Nach ersten Erkenntnissen erfolgte die Auseinandersetzung auf dem Parkplatz in H\u00f6he der Hausnummer 10 w\u00e4hrend eines Verkaufsgespr\u00e4chs. Beteiligt waren ein 33-j\u00e4hriger Marburger und\u2026","rel":"","context":"In &quot;Sonstiges&quot;","img":{"alt_text":"","src":"","width":0,"height":0},"classes":[]},{"id":18819,"url":"http:\/\/marburg.news\/?p=18819","url_meta":{"origin":1990,"position":5},"title":"Streit im Stadtbus: Fahrgast mit Pfefferspray bespr\u00fcht","date":"10. Oktober 2025","format":false,"excerpt":"Nach einer k\u00f6rperlichen Auseinandersetzung in einem Stadtbus sucht die Polizei Zeugen. Mehrere Personen waren am Freitag (10. Oktober) in dem Bus der Linie 2 unterwegs. Dieser Bus befand sich gegen 1 Uhr in der Universit\u00e4tsstra\u00dfe, als ein 63-j\u00e4hriger Mann mit anderen Fahrg\u00e4sten in einen verbalen Streit geriet. Im weiteren Verlauf\u2026","rel":"","context":"In &quot;Sonstiges&quot;","img":{"alt_text":"","src":"","width":0,"height":0},"classes":[]}],"_links":{"self":[{"href":"http:\/\/marburg.news\/index.php?rest_route=\/wp\/v2\/posts\/1990"}],"collection":[{"href":"http:\/\/marburg.news\/index.php?rest_route=\/wp\/v2\/posts"}],"about":[{"href":"http:\/\/marburg.news\/index.php?rest_route=\/wp\/v2\/types\/post"}],"author":[{"embeddable":true,"href":"http:\/\/marburg.news\/index.php?rest_route=\/wp\/v2\/users\/7"}],"replies":[{"embeddable":true,"href":"http:\/\/marburg.news\/index.php?rest_route=%2Fwp%2Fv2%2Fcomments&post=1990"}],"version-history":[{"count":2,"href":"http:\/\/marburg.news\/index.php?rest_route=\/wp\/v2\/posts\/1990\/revisions"}],"predecessor-version":[{"id":1992,"href":"http:\/\/marburg.news\/index.php?rest_route=\/wp\/v2\/posts\/1990\/revisions\/1992"}],"wp:attachment":[{"href":"http:\/\/marburg.news\/index.php?rest_route=%2Fwp%2Fv2%2Fmedia&parent=1990"}],"wp:term":[{"taxonomy":"category","embeddable":true,"href":"http:\/\/marburg.news\/index.php?rest_route=%2Fwp%2Fv2%2Fcategories&post=1990"},{"taxonomy":"post_tag","embeddable":true,"href":"http:\/\/marburg.news\/index.php?rest_route=%2Fwp%2Fv2%2Ftags&post=1990"}],"curies":[{"name":"wp","href":"https:\/\/api.w.org\/{rel}","templated":true}]}}