{"id":19893,"date":"2026-04-18T16:32:11","date_gmt":"2026-04-18T14:32:11","guid":{"rendered":"http:\/\/marburg.news\/?p=19893"},"modified":"2026-04-18T16:32:11","modified_gmt":"2026-04-18T14:32:11","slug":"schiffe-versenken-die-strasse-von-hormus-bleibt-eine-sackgasse","status":"publish","type":"post","link":"http:\/\/marburg.news\/?p=19893","title":{"rendered":"Schiffe versenken: Die Stra\u00dfe von Hormus bleibt eine Sackgasse"},"content":{"rendered":"<p>Donald Trump spielt &#8222;Schiffe versenken&#8220;. Die gesamte Weltbev\u00f6lkerung ist Geisel in diesem \u00fcblen Pokerspiel um Macht und \u00d6l. <!--more--><br \/>\nM\u00fchle auf, M\u00fchle zu! Wirklich dumm, diese bl\u00f6de Zwickm\u00fchle! Das Kind fegt das Spielbrett vom Tisch und rennt zornig davon.<br \/>\nDer kleine Donald spielt aber nicht an einem Tisch mit einem Spielbrett, sondern auf seinem Kanal &#8222;truth.social&#8220;. Von diesem Kanal mit dem absolut unpassenden Namen haben die meisten Menschen mittlerweile den Kanal gestrichen voll. Einige bezahlen das b\u00f6se Spiel mit dem Leben oder ihrer Gesundheit, andere an der Tankstelle oder der Ladenkasse, wieder andere mit ihrem Job.<br \/>\nSeine Gegenspieler sind nicht minder \u00fcble Schurken wie er. Allerdings gehen sie berechnender vor als er. An Skrupellosigkeit gibt sich da allerdings nichts.<br \/>\nDie &#8222;Stra\u00dfe von Hormus&#8220; hat Donald inzwischen schon kennengelernt. Hoffentlich kriegt der alte Mann im Wei\u00dfen Haus nicht mit, dass es irgendwo auf dem Globus eine Stadt namens &#8222;Marburg&#8220; gibt! Aber noch pendelt sein Blick zwischen dem Iran und dem Bauplat z f\u00fcr seinen neuen Ballsaal hin und her.<\/p>\n<p>* <a href=\"http:\/\/marburg.news\/team\/fjh\">Franz-Josef Hanke<\/a><\/p>\n","protected":false},"excerpt":{"rendered":"<p>Donald Trump spielt &#8222;Schiffe versenken&#8220;. Die gesamte Weltbev\u00f6lkerung ist Geisel in diesem \u00fcblen Pokerspiel um Macht und \u00d6l.<\/p>\n","protected":false},"author":2,"featured_media":0,"comment_status":"closed","ping_status":"open","sticky":false,"template":"","format":"standard","meta":{"advanced_seo_description":"","spay_email":"","jetpack_publicize_message":"","jetpack_is_tweetstorm":false,"jetpack_publicize_feature_enabled":true},"categories":[3,2,4],"tags":[6772,7476,4715],"jetpack_featured_media_url":"","jetpack_publicize_connections":[],"jetpack_sharing_enabled":true,"jetpack_shortlink":"https:\/\/wp.me\/p8mhvd-5aR","jetpack-related-posts":[{"id":17435,"url":"http:\/\/marburg.news\/?p=17435","url_meta":{"origin":19893,"position":0},"title":"Werbema\u00dfnahme: Landkreis ist nun auch auf WhatsApp","date":"3. Februar 2025","format":false,"excerpt":"Der Landkreis Marburg-Biedenkopf ist nun auch auf \"WhatsApp\". Dort ver\u00f6ffentlicht er aktuelle Informationen rund um die Kreisverwaltung. Der Landkreis Marburg-Biedenkopf erweitert sein digitales Informationsangebot mit einem eigenen Kanal auf \"WhatsApp\". Interessierte finden dort Neuigkeiten rund um die Kreisverwaltung und den Landkreis. \"F\u00fcr uns als Kreis ist es wichtig, dass wir\u2026","rel":"","context":"In &quot;Politik&quot;","img":{"alt_text":"","src":"","width":0,"height":0},"classes":[]},{"id":10322,"url":"http:\/\/marburg.news\/?p=10322","url_meta":{"origin":19893,"position":1},"title":"Cavete: Marburgs ber\u00fchmtester Jazzkeller","date":"7. August 2022","format":false,"excerpt":"Zu den legend\u00e4ren Lokalen in Marburg geh\u00f6rt ganz gewiss auch die \"Cavete\" am Steinweg. Seit M\u00e4rz 1980 ist sie Stammlokal der Jazzinitiative Marburg (JIM). Geht man von der Elisabethkirche aus den Steinweg hinauf, befindet sich die \"Cavete\" kurz vor dem oberen Ende rechts in einem Gew\u00f6lbekeller unter der Stra\u00dfe \"Roter\u2026","rel":"","context":"In &quot;Kultur&quot;","img":{"alt_text":"Cavete","src":"https:\/\/i0.wp.com\/marburg.news\/wp-content\/uploads\/2022\/08\/20220922_131709-scaled.jpg?fit=1200%2C900&resize=350%2C200","width":350,"height":200},"classes":[]},{"id":3407,"url":"http:\/\/marburg.news\/?p=3407","url_meta":{"origin":19893,"position":2},"title":"Bilder h\u00f6ren: Oliver Stones &#8222;Snowden&#8220; im H\u00f6rfilmkino","date":"24. M\u00e4rz 2019","format":false,"excerpt":"Die Sonne strahlt von einem blauen Himmel herab. Gem\u00fctlich gehen wir den Steinweg hinauf in die Oberstadt. Das H\u00f6rfilmkino der Blindenbund-Bezirksgruppe Marburg zeigte am Samstag (23. M\u00e4rz) den Kinofilm \"Snowden\" von Oliver Stone. Die US-amerikanische Produktion erz\u00e4hlt die wahre Geschichte des ehemaligen CIA- und NSA-Mitarbeiters Edward Snowden. In die Kinos\u2026","rel":"","context":"In &quot;Kultur&quot;","img":{"alt_text":"","src":"","width":0,"height":0},"classes":[]},{"id":10527,"url":"http:\/\/marburg.news\/?p=10527","url_meta":{"origin":19893,"position":3},"title":"Wieder hinein: Das Geheimnis des &#8222;Market&#8220; am Marktplatz","date":"3. September 2022","format":false,"excerpt":"Gleich sieben Restaurants, eine Kellerkneipe und ein Caf\u00e9 gruppieren sich rund um den Marktplatz. Eins dieser Lokale hei\u00dft heute \"Market\". Als ich 1977 nach Marburg kam, hie\u00df dieses Lokal noch \"Krone\". Anfang der 80er Jahre bewirtschaftete ein Jugoslawe die \"Krone\". Damals wurde noch nicht unterschieden zwischen Serben, Kroaten oder Montenegrinern.\u2026","rel":"","context":"In &quot;Kultur&quot;","img":{"alt_text":"","src":"","width":0,"height":0},"classes":[]},{"id":10826,"url":"http:\/\/marburg.news\/?p=10826","url_meta":{"origin":19893,"position":4},"title":"Aktionstag gegen Armut: Marburg gemeinsam an einem Tisch","date":"8. Oktober 2022","format":false,"excerpt":"Der internationaler Tag zur Beseitigung der Armut l\u00e4uft unter dem Motto \"Gemeinsam an einem Tisch\". Er m\u00f6chte der Armut Geh\u00f6r verleihen und im Austausch bleiben. Mit einem Aktionstag will die Stadt Marburg in Zusammenarbeit mit zahlreichen Kooperationspartnern anl\u00e4sslich des Internationalen Tags zur Beseitigung der Armut auf das Thema Armutsbek\u00e4mpfung aufmerksam\u2026","rel":"","context":"In &quot;Soziales&quot;","img":{"alt_text":"","src":"","width":0,"height":0},"classes":[]},{"id":18672,"url":"http:\/\/marburg.news\/?p=18672","url_meta":{"origin":19893,"position":5},"title":"Am Freitag: Gemeinsam an einem Tisch im EPH","date":"9. September 2025","format":false,"excerpt":"Den Aktionstag \"Gemeinsam an einem Tisch\" hat die Stadt am Dienstag (9. September) angek\u00fcndigt. Am Freitag (12. September) soll er Information, Austausch und Begegnung erm\u00f6glichen. Kostenfreies Essen, Musik, Bewegungs- und Bastelangebote sowie Informationsst\u00e4nde rund um die Themen \"Armut\" und \"soziale Leistungen\" gibt es am Aktionstag \"Gemeinsam an einem Tisch\" am\u2026","rel":"","context":"In &quot;Soziales&quot;","img":{"alt_text":"","src":"","width":0,"height":0},"classes":[]}],"_links":{"self":[{"href":"http:\/\/marburg.news\/index.php?rest_route=\/wp\/v2\/posts\/19893"}],"collection":[{"href":"http:\/\/marburg.news\/index.php?rest_route=\/wp\/v2\/posts"}],"about":[{"href":"http:\/\/marburg.news\/index.php?rest_route=\/wp\/v2\/types\/post"}],"author":[{"embeddable":true,"href":"http:\/\/marburg.news\/index.php?rest_route=\/wp\/v2\/users\/2"}],"replies":[{"embeddable":true,"href":"http:\/\/marburg.news\/index.php?rest_route=%2Fwp%2Fv2%2Fcomments&post=19893"}],"version-history":[{"count":0,"href":"http:\/\/marburg.news\/index.php?rest_route=\/wp\/v2\/posts\/19893\/revisions"}],"wp:attachment":[{"href":"http:\/\/marburg.news\/index.php?rest_route=%2Fwp%2Fv2%2Fmedia&parent=19893"}],"wp:term":[{"taxonomy":"category","embeddable":true,"href":"http:\/\/marburg.news\/index.php?rest_route=%2Fwp%2Fv2%2Fcategories&post=19893"},{"taxonomy":"post_tag","embeddable":true,"href":"http:\/\/marburg.news\/index.php?rest_route=%2Fwp%2Fv2%2Ftags&post=19893"}],"curies":[{"name":"wp","href":"https:\/\/api.w.org\/{rel}","templated":true}]}}