{"id":19875,"date":"2026-04-15T11:20:00","date_gmt":"2026-04-15T09:20:00","guid":{"rendered":"http:\/\/marburg.news\/?p=19875"},"modified":"2026-04-15T11:20:00","modified_gmt":"2026-04-15T09:20:00","slug":"thema-fahrrad-aktionstag-wirbt-fuer-gegenseitige-ruecksicht","status":"publish","type":"post","link":"http:\/\/marburg.news\/?p=19875","title":{"rendered":"Thema Fahrrad: Aktionstag wirbt f\u00fcr gegenseitige R\u00fccksicht"},"content":{"rendered":"<p>Unter dem Motto &#8222;#fairimverkehr&#8220; r\u00fcckt der zweite Fahrradaktionstag Konflikte zwischen Rad- und Fu\u00dfverkehr in den Blick. Stattfinden soll er am Donnerstag (23. April). <!--more--><br \/>\nMit einem zweiten Fahrradaktionstag wirbt die Stadt Marburg am Donnerstag (23. April) von 14 bis 17 Uhr am Elisabeth-Blochmann-Platz f\u00fcr mehr Sicherheit und gegenseitige R\u00fccksicht im Stra\u00dfenverkehr. Thematisch im Mittelpunkt stehen dieses Mal Konflikte zwischen Rad- und Fu\u00dfverkehr sowie der richtige \u00dcberholabstand von Autofahrenden zu Radfahrenden. Der Aktionstag ist Teil der st\u00e4dtischen Verkehrssicherheitskampagne &#8222;Marburg Miteinander #fairimverkehr&#8220;.<br \/>\nZwei neue Kampagnenmotive greifen zentrale Alltagssituationen auf: Unter dem Motto &#8222;Im Zweifel dahinter&#8220; wendet sich die Stadt an Autofahrende. Das Motiv erinnert daran, dass Radfahrende nur mit mindestens 1,50 Metern Abstand \u00fcberholt werden d\u00fcrfen. Ist dieser Abstand &#8211; etwa in engen Stra\u00dfen &#8211; nicht einzuhalten, m\u00fcssen Autofahrende im Zweifel hinter den R\u00e4dern bleiben, statt zu knapp vorbeizufahren. Das zweite Motiv &#8222;Radeln mit R\u00fccksicht&#8220; richtet sich an Radfahrende &#8211;<br \/>\ninsbesondere dort, wo sich Rad- und Fu\u00dfverkehr Fl\u00e4chen teilen oder Gehwege unerlaubt mit genutzt werden. Marburg ist als Blindenstadt mit der Deutschen Blindenstudienanstalt (BliStA) ein Lebensmittelpunkt f\u00fcr viele Menschen mit Sehbehinderung. F\u00fcr sie kann r\u00fccksichtsloses Radfahren auf Gehwegen oder in gemeinsam genutzten Bereichen besonders unangenehm und im schlimmsten Fall gef\u00e4hrlich werden. Das Motiv ruft dazu auf, gerade gegen\u00fcber besonders schutzbed\u00fcrftigen Verkehrsteilnehmenden achtsam zu sein und R\u00fccksicht zu nehmen.<br \/>\nBeim Fahrradaktionstag informieren neben den beteiligten st\u00e4dtischen Fachdiensten Stra\u00dfenverkehr, Schule sowie Presse- und \u00d6ffentlichkeitsarbeit zudem verschiedene Partner \u00fcber ihre Angebote und die neuen Motive. Nextbike stellt das st\u00e4dtische Leihradsystem mit klassischen R\u00e4dern und Lastenr\u00e4dern vor. Die Stadtpolizei ist mit ihrer Fahrradstaffel vor Ort und kommt mit den Menschen zu Fragen rund um sicheres Verhalten im Stra\u00dfenverkehr ins Gespr\u00e4ch und zeigt, wie ein verkehrssicheres Fahrrad aussehen muss &#8211; Check inklusive. Die Landespolizei ist dabei und gibt Tipps zum sicheren Abstellen von R\u00e4dern und gegen Diebstahl.<br \/>\nDie Stadt Marburg und das Unternehmen Yunex geben zudem Einblicke in die YuBike-App und erl\u00e4utern, wie diese zur F\u00f6rderung des Radverkehrs beitr\u00e4gt. Gleichzeitig stellen sie die neuen Kampagnenmotive &#8222;Radeln mit R\u00fccksicht&#8220; und &#8222;Im Zweifel dahinter&#8220; vor. Die Aktion ist eingebettet in die Kampagne &#8222;Marburg Miteinander #fairimverkehr&#8220;, mit der die Stadt seit 2018 f\u00fcr mehr R\u00fccksicht und Miteinander im Verkehr wirbt.<br \/>\nIn den vergangenen Jahren hat die Kampagne mit verschiedenen Plakatmotiven und Aktionen auf typische Gefahrensituationen aufmerksam gemacht. Das reichte vom &#8222;Anhalten an roten Ampeln&#8220; \u00fcber &#8222;Licht am Rad&#8220; bis hin zur viel beachteten Poolnudel-Aktion zum &#8222;\u00dcberholabstand von Radfahrenden&#8220;. Alle Marburgerinnen und Marburger sowie Besucherinnen und Besucher der Stadt sind eingeladen, am Donnerstag (23. April) von 14 bis 17 Uhr am Aktionstag teilzunehmen, sich zu informieren und mit den Beteiligten ins Gespr\u00e4ch zu kommen.<\/p>\n<p>* pm: Stadt Marburg<\/p>\n","protected":false},"excerpt":{"rendered":"<p>Unter dem Motto &#8222;#fairimverkehr&#8220; r\u00fcckt der zweite Fahrradaktionstag Konflikte zwischen Rad- und Fu\u00dfverkehr in den Blick. Stattfinden soll er am Donnerstag (23. April).<\/p>\n","protected":false},"author":2,"featured_media":0,"comment_status":"closed","ping_status":"open","sticky":false,"template":"","format":"standard","meta":{"advanced_seo_description":"","spay_email":"","jetpack_publicize_message":"","jetpack_is_tweetstorm":false,"jetpack_publicize_feature_enabled":true},"categories":[4],"tags":[2569,259,1158],"jetpack_featured_media_url":"","jetpack_publicize_connections":[],"jetpack_sharing_enabled":true,"jetpack_shortlink":"https:\/\/wp.me\/p8mhvd-5az","jetpack-related-posts":[{"id":15362,"url":"http:\/\/marburg.news\/?p=15362","url_meta":{"origin":19875,"position":0},"title":"F\u00fcr Fairness: Stadt veranstaltet Aktionstag rund ums Rad","date":"10. April 2024","format":false,"excerpt":"Unter dem Hashtag #fairimverkehr veranstaltet die Stadt einen Aktionstag rund ums Rad. Er findet am Donnerstag (18. April) auf dem Elisabeth-Blochmann-Platz statt. Mit der Kampagne \"Marburg Miteinander #fairimverkehr\" wirbt die Stadt Marburg seit mehreren Jahren f\u00fcr mehr Bewusstsein f\u00fcr einen fairen und r\u00fccksichtsvollen Umgang im Stra\u00dfenverkehr untereinander - damit alle\u2026","rel":"","context":"In &quot;Soziales&quot;","img":{"alt_text":"","src":"","width":0,"height":0},"classes":[]},{"id":15515,"url":"http:\/\/marburg.news\/?p=15515","url_meta":{"origin":19875,"position":1},"title":"Wichtige Warnaktion: Abstand rettet Leben von Radlern","date":"2. Mai 2024","format":false,"excerpt":"Ein Aktionstag rund ums Fahrrad hat in Marburg stattgefunden. Er stand unter dem Motto \"Abstand rettet Leben\". Beim \u00dcberholen von Fahrr\u00e4dern muss der Autoverkehr mindestens 1,50 Meter Abstand halten. Wieviel das ist, wird auf der Stra\u00dfe oft untersch\u00e4tzt. Mit einer farbenfrohen Aktion hat die Stadt Marburg im Rahmen ihrer Kampagne\u2026","rel":"","context":"In &quot;Soziales&quot;","img":{"alt_text":"","src":"","width":0,"height":0},"classes":[]},{"id":8043,"url":"http:\/\/marburg.news\/?p=8043","url_meta":{"origin":19875,"position":2},"title":"Neben der Spur: Kampagne zur Verkehrssicherheit geht weiter","date":"3. November 2021","format":false,"excerpt":"Die Kampagne \"Fair im Verkehr\" wirbt f\u00fcr mehr R\u00fccksicht im Stra\u00dfenverkehr. Die Stadt setzt sie im November fort. Die Kampagne \"Marburg miteinander #fairimverkehr\" geht weiter. Zum f\u00fcnften Mal wirbt die Stadt im \u00f6ffentlichen Raum f\u00fcr mehr R\u00fccksicht im Stra\u00dfenverkehr. Der Schwerpunkt liegt wieder auf der Sicherheit f\u00fcr alle. Der provokante\u2026","rel":"","context":"In &quot;Politik&quot;","img":{"alt_text":"","src":"","width":0,"height":0},"classes":[]},{"id":13343,"url":"http:\/\/marburg.news\/?p=13343","url_meta":{"origin":19875,"position":3},"title":"Sensibilisierend: Vorbilder gehen bei Gr\u00fcn","date":"21. Juli 2023","format":false,"excerpt":"Stadt und Verkehrswacht sensibilisieren mit Schildern. Unter dem Motto \"#fairimverkehr: Vorbilder gehen bei Gr\u00fcn \u00fcber die Ampel\" rufen sie den Fu\u00dfverkehr zu Vorsicht auf. Wenn alle zusammen r\u00fccksichtsvoll im Verkehr unterwegs sind, dann sind auch alle sicherer unterwegs. Daf\u00fcr wirbt die Stadt Marburg seit Jahren mit der Kampagne \"Marburg miteinander\u2026","rel":"","context":"In &quot;Soziales&quot;","img":{"alt_text":"","src":"","width":0,"height":0},"classes":[]},{"id":1786,"url":"http:\/\/marburg.news\/?p=1786","url_meta":{"origin":19875,"position":4},"title":"Freundliche Fairness: Stadt wirbt f\u00fcr R\u00fccksicht im Stra\u00dfenverkehr","date":"1. M\u00e4rz 2018","format":false,"excerpt":"F\u00fcr Fairness und gegenseitige R\u00fccksicht im Stra\u00dfenverkehr will Oberb\u00fcrgermeister Dr. Thomas Spies mit einer Reihe von Informationen werben. Ihm geht es dabei um das Miteinander unter allen Verkehrsteilnehmenden. Gerade die im Februar vorgestellte Umfrage der Stadt habe noch einmal den entsprechenden Handlungsbedarf aufgezeigt. Haushaltsmittel hat der Oberb\u00fcrgermeister im Entwurf 2018\u2026","rel":"","context":"In &quot;Soziales&quot;","img":{"alt_text":"","src":"","width":0,"height":0},"classes":[]},{"id":8296,"url":"http:\/\/marburg.news\/?p=8296","url_meta":{"origin":19875,"position":5},"title":"FairimVerkehr verfilmt: D\u00f6sbattel und Knallt\u00fcten total neben der Spur","date":"2. Dezember 2021","format":false,"excerpt":"#fairimverkehr geht weiter - und startet im Kino. Dabei sind \"D\u00f6sbaddel\" und \"Knallt\u00fcten\" total neben der Spur. Ein Bobbycar parkt auf dem Fahrradstreifen. Ein Fahrradfahrer f\u00e4hrt auf dem Gehweg. Fu\u00dfg\u00e4ngerinnen tanzen auf der Stra\u00dfe. Nicht nur mit gro\u00dfen Aufklebern auf den Stadtbussen setzt die Universit\u00e4tsstadt Marburg ihre Verkehrskampagne #fairimverkehr fort.\u2026","rel":"","context":"In &quot;Bildung&quot;","img":{"alt_text":"","src":"","width":0,"height":0},"classes":[]}],"_links":{"self":[{"href":"http:\/\/marburg.news\/index.php?rest_route=\/wp\/v2\/posts\/19875"}],"collection":[{"href":"http:\/\/marburg.news\/index.php?rest_route=\/wp\/v2\/posts"}],"about":[{"href":"http:\/\/marburg.news\/index.php?rest_route=\/wp\/v2\/types\/post"}],"author":[{"embeddable":true,"href":"http:\/\/marburg.news\/index.php?rest_route=\/wp\/v2\/users\/2"}],"replies":[{"embeddable":true,"href":"http:\/\/marburg.news\/index.php?rest_route=%2Fwp%2Fv2%2Fcomments&post=19875"}],"version-history":[{"count":0,"href":"http:\/\/marburg.news\/index.php?rest_route=\/wp\/v2\/posts\/19875\/revisions"}],"wp:attachment":[{"href":"http:\/\/marburg.news\/index.php?rest_route=%2Fwp%2Fv2%2Fmedia&parent=19875"}],"wp:term":[{"taxonomy":"category","embeddable":true,"href":"http:\/\/marburg.news\/index.php?rest_route=%2Fwp%2Fv2%2Fcategories&post=19875"},{"taxonomy":"post_tag","embeddable":true,"href":"http:\/\/marburg.news\/index.php?rest_route=%2Fwp%2Fv2%2Ftags&post=19875"}],"curies":[{"name":"wp","href":"https:\/\/api.w.org\/{rel}","templated":true}]}}