{"id":19846,"date":"2026-04-09T10:10:00","date_gmt":"2026-04-09T08:10:00","guid":{"rendered":"http:\/\/marburg.news\/?p=19846"},"modified":"2026-04-09T10:10:00","modified_gmt":"2026-04-09T08:10:00","slug":"feuer-und-flamme-ehrung-fuer-kreisbrandmeister-thorsten-thierbach","status":"publish","type":"post","link":"http:\/\/marburg.news\/?p=19846","title":{"rendered":"Feuer und Flamme: Ehrung f\u00fcr Kreisbrandmeister Thorsten Thierbach"},"content":{"rendered":"<p>Landrat Jens Womelsdorf hat den Kreisbrandmeister Thorsten Thierbach geehrt. Er sei &#8222;Feuer und Flamme f\u00fcr das Ehrenamt&#8220;. <!--more--><br \/>\nF\u00fcr sein 25-j\u00e4hriges Engagement als ehrenamtlicher Kreisbrandmeister hat Landrat Jens Womelsdorf Thorsten Thierbach aus Kirchhain geehrt. Thierbach ist seit 2001 als ehrenamtlicher Kreisbrandmeister f\u00fcr die Bereiche Aus- und Fortbildungen der Feuerwehr-Einsatzkr\u00e4fte im Landkreis Marburg-Biedenkopf zust\u00e4ndig. Thierbach wurde am 1. Februar 2001 in das Ehrenbeamtenverh\u00e4ltnis als Kreisbrandmeister berufen. Zu seinen Aufgaben geh\u00f6rt unter anderem die Organisation der Aus- und Fortbildungen von \u00fcber 4.000 Feuerwehrangeh\u00f6rigen im Landkreis Marburg-Biedenkopf.<br \/>\nThierbach ist in Zusammenarbeit mit dem Lehrgangsb\u00fcro des Fachbereichs Gefahrenabwehr f\u00fcr die Koordination und Lehrgangsplanung im Landkreis zust\u00e4ndig. Er organisiert die Ausbildungen, vor allem f\u00fcr die Lehrg\u00e4nge Truppmann und Truppf\u00fchrer. Das bedeutet unter anderem, dass er daf\u00fcr sorgt, dass auch qualifizierte Ausbilderinnen und Ausbilder f\u00fcr diese Lehrg\u00e4nge zur Verf\u00fcgung stehen. Dabei hat er bis jetzt \u00fcber 100 Grundlehrg\u00e4nge und \u00fcber 75 Truppf\u00fchrer-Lehrg\u00e4nge organisiert.<br \/>\nAu\u00dferdem hat er die Planung und die Koordination der Atemschutzgew\u00f6hnungs\u00fcbungen und der Atemschutzlehrg\u00e4nge \u00fcbernommen. Erg\u00e4nzend zu diesem T\u00e4tigkeitsfeld hat Thierbach ein zugewiesenes Einsatzgebiet im Ostkreis, bei dem er bei bestimmten Schadenlagen die Kommunen im Einsatz unterst\u00fctzt und auch im Bedarfsfall die Brandschutzaufsicht vertritt. Auch bei der Kirchhainer Feuerwehr \u00fcbernahm Thierbach \u00fcber mehrere Jahre F\u00fchrungsverantwortung.<br \/>\n&#8222;Als ehrenamtlicher Kreisbrandmeister in unserem Landkreis t\u00e4tig zu sein, ist von gro\u00dfer Bedeutung und erfordert ein hohes Ma\u00df an Engagement&#8220;, erkl\u00e4rte Landrat Womelsdorf. &#8222;Leider geht die Zahl der Menschen, die sich ehrenamtlich einbringen, zur\u00fcck. Umso erfreulicher ist es, wenn sich jemand \u00fcber mehr als 25 Jahre hinweg in den Dienst der Gemeinschaft stellt und zeigt, wie wichtig das Ehrenamt ist. Thorsten Thierbach ist ein echtes Vorbild&#8220;<br \/>\nKreisbrandinspektor Lars Sch\u00e4fer erg\u00e4nzte: &#8222;Gemeinsam mit der Kollegin Barbara Wisker vom Fachbereich Gefahrenabwehr leitest du das Lehrgangsb\u00fcro. Du hast bis jetzt \u00fcber 175 Lehrg\u00e4nge durchgef\u00fchrt und dabei dazu beigetragen, dass mehrere Tausend Einsatzkr\u00e4ften die Grundz\u00fcge des Feuerwehr-Handwerks lernen konnten.&#8220;<br \/>\nVor allem sch\u00e4tze er Thierbachs Diplomatie und sein Verantwortungsbewusstsein. Landrat und Kreisbrandinspektor waren sich einig, dass die Ehrung kein Abschlusszeugnis sei sondern vielmehr ein Zeichen der Anerkennung und Wertsch\u00e4tzung &#8211; und damit auch Motivation sich auch weiterhin ehrenamtlich f\u00fcr die gute Sache einzusetzen.<br \/>\nAuch Kirchhains B\u00fcrgermeister Olaf Hausmann sprach seinen Dank aus: &#8222;In Kirchhain hast du dich zur\u00fcckgezogen, um f\u00fcr andere Platz zu machen. Dein enger Draht zum Kreisbrandinspektor ist f\u00fcr uns von gro\u00dfer Bedeutung und auch deine langj\u00e4hrige Mitarbeit in der Feuerwehrfamilie ist f\u00fcr uns ein Gewinn.&#8220;<br \/>\nKreisbrandmeister Thierbach dankte &#8222;f\u00fcr alles &#8211; und vor allem ein gro\u00dfes Dankesch\u00f6n an meine Frau. Ohne ihre Unterst\u00fctzung w\u00e4re es nicht m\u00f6glich, ein solches Ehrenamt auszu\u00fcben.&#8220;<br \/>\nEhrenamtliche Kreisbrandmeister unterst\u00fctzen den Kreisbrandinspektor in verschiedenen Fachgebieten und beraten ihn. Auch vertreten sie den Kreisbrandinspektor bei Repr\u00e4sentationsaufgaben und unterst\u00fctzen ihn im Einsatzdienst. Sie sind Ehrenbeamte des Kreises. Im Landkreis Marburg-Biedenkopf gibt es insgesamt sieben ehrenamtliche Kreisbrandmeister, beispielsweise f\u00fcr die Bereiche Katastrophenschutz, Ausbildung, Maschinen und Ger\u00e4te, Einsatzplanung und Einsatzvorbereitung oder Presse- und Medienarbeit.<\/p>\n<p>* pm: Landkreis Marburg-Biedenkopf<\/p>\n","protected":false},"excerpt":{"rendered":"<p>Landrat Jens Womelsdorf hat den Kreisbrandmeister Thorsten Thierbach geehrt. Er sei &#8222;Feuer und Flamme f\u00fcr das Ehrenamt&#8220;.<\/p>\n","protected":false},"author":2,"featured_media":0,"comment_status":"closed","ping_status":"open","sticky":false,"template":"","format":"standard","meta":{"advanced_seo_description":"","spay_email":"","jetpack_publicize_message":"","jetpack_is_tweetstorm":false,"jetpack_publicize_feature_enabled":true},"categories":[4],"tags":[160,7458,7459],"jetpack_featured_media_url":"","jetpack_publicize_connections":[],"jetpack_sharing_enabled":true,"jetpack_shortlink":"https:\/\/wp.me\/p8mhvd-5a6","jetpack-related-posts":[{"id":17416,"url":"http:\/\/marburg.news\/?p=17416","url_meta":{"origin":19846,"position":0},"title":"Sieben Kreisbrandmeister: Landrat verabschiedete Conny Fackert","date":"29. Januar 2025","format":false,"excerpt":"Nicht nur im Landkreis war CorneliaFackert mehr als 25 Jahre lang eine feste Gr\u00f6\u00dfe auf dem Feuerwehrsektor. Landrat Jens Womelsdorf verabschiedete die langj\u00e4hrige Kreisbrandmeisterin. Nach mehr als 25 Jahren ehrenamtlichen Engagements f\u00fcr die Feuerwehren im Landkreis Marburg-Biedenkopf hat Landrat Jens Womelsdorf die Kreisbrandmeisterin Cornelia \"Conny\" Fackert aus Biedenkopf verabschiedet. Womelsdorf\u2026","rel":"","context":"In &quot;Sonstiges&quot;","img":{"alt_text":"","src":"","width":0,"height":0},"classes":[]},{"id":16938,"url":"http:\/\/marburg.news\/?p=16938","url_meta":{"origin":19846,"position":1},"title":"Verst\u00e4rkt verwandt: Einsatzkr\u00e4fte des Katastrophenschutzes ausgezeichnet","date":"21. November 2024","format":false,"excerpt":"Einsatzkr\u00e4fte des Katastrophenschutzes erhielten Auszeichnungen. Der Kreis hat mehr als 100 Ehrenamtliche bei einer Feierstunde gew\u00fcrdigt. Insgesamt rund 2.000 Jahre ehrenamtliche Dienstzeit f\u00fcr die Sicherheit der Menschen in Marburg-Biedenkopf und dar\u00fcber hinaus haben rund 100 Einsatzkr\u00e4fte des Katastrophenschutzes erreicht. F\u00fcr ihr jahrelanges Engagement \u00fcberreichten Landrat Jens Womelsdorf, Kreisbrandinspektor Lars Sch\u00e4fer\u2026","rel":"","context":"In &quot;Soziales&quot;","img":{"alt_text":"","src":"","width":0,"height":0},"classes":[]},{"id":19944,"url":"http:\/\/marburg.news\/?p=19944","url_meta":{"origin":19846,"position":2},"title":"Im Wald: Kreis testete neues L\u00f6schwasserkonzept","date":"27. April 2026","format":false,"excerpt":"Sein neues L\u00f6schwasserkonzept hat der Kreis bei einer Waldbrand\u00fcbung bei Biedenkopf und Caldern erfolgreich getestet. Die berechneten Zeiten und Wassermengen stimmen mit der Realit\u00e4t \u00fcberein. Ist das Konzept zur mobilen L\u00f6schwasserversorgung bei Waldbr\u00e4nden praxistauglich? Funktionieren die am Schreibtisch erdachten und errechneten Abl\u00e4ufe? Wo gibt es Verbesserungsbedarf? Diese Fragen standen im\u2026","rel":"","context":"In &quot;Soziales&quot;","img":{"alt_text":"","src":"","width":0,"height":0},"classes":[]},{"id":18280,"url":"http:\/\/marburg.news\/?p=18280","url_meta":{"origin":19846,"position":3},"title":"Alter Hase: Klaus Weber f\u00fcr 40 Jahre im Kreisausschuss geehrt","date":"28. Juni 2025","format":false,"excerpt":"Sein 40-j\u00e4hriges Dienstjubil\u00e4um hat der Kreisbeigeordnete Klaus Weber gefeiert. F\u00fcr dieses ehrenamtliche Engagement \u00fcberreichte Landrat Jens Womelsdorf ihm eine besondere Auszeichnung. Der ehrenamtliche Kreisbeigeordnete Klaus Weber hat sein 40-j\u00e4hriges Dienstjubil\u00e4um f\u00fcr ehrenamtliches Engagement im Kreisausschuss des Landkreises Marburg-Biedenkopf gefeiert. Landrat Jens Womelsdorf \u00fcberreichte ihm die entsprechende Urkunde und dankte ihm\u2026","rel":"","context":"In &quot;Politik&quot;","img":{"alt_text":"","src":"","width":0,"height":0},"classes":[]},{"id":19497,"url":"http:\/\/marburg.news\/?p=19497","url_meta":{"origin":19846,"position":4},"title":"Hilfsank\u00fcndigung: Kreis setzt mobiles L\u00f6schwasserkonzept um","date":"9. Februar 2026","format":false,"excerpt":"Ein L\u00f6schwasserkonzept haben Kreis und Kommunen umgesetzt. \"Wasserbomber\" sichern jetzt die Brandbek\u00e4mpfung im Wald ab. Schnell wie die Feuerwehr haben die Akteure bereits gut ein Jahr vor dem eigentlich geplanten Ende der Projektlaufzeit das Projekt \"Mobile L\u00f6schwasserversorgung\" im Landkreis Marburg-Biedenkopf erfolgreich zum Abschluss gebracht. Fahrzeuge und Technik stehen bei den\u2026","rel":"","context":"In &quot;Politik&quot;","img":{"alt_text":"","src":"","width":0,"height":0},"classes":[]},{"id":6758,"url":"http:\/\/marburg.news\/?p=6758","url_meta":{"origin":19846,"position":5},"title":"Kreisweit einheitlich: Feuerwehren erhalten gleichartiges F\u00fchrungsmaterial","date":"24. M\u00e4rz 2021","format":false,"excerpt":"Der Landkreis stattet 500 Feuerwehrfahrzeuge mit F\u00fchrungsmaterial aus. Kreisweit gew\u00e4hrleisten sie einheitliche Standards f\u00fcr Unwettereins\u00e4tze. Auf der Basis der Erfahrungen, die der Kreis bei Extrem- und Unwetterlagen in den vergangenen Jahren sammeln konnte, haben alle Feuerwehren im Landkreis Marburg-Biedenkopf Arbeitshilfen f\u00fcr die Bew\u00e4ltigung solcher Einsatzlagen erhalten. Ziel sind einheitliche Standards,\u2026","rel":"","context":"In &quot;Politik&quot;","img":{"alt_text":"","src":"","width":0,"height":0},"classes":[]}],"_links":{"self":[{"href":"http:\/\/marburg.news\/index.php?rest_route=\/wp\/v2\/posts\/19846"}],"collection":[{"href":"http:\/\/marburg.news\/index.php?rest_route=\/wp\/v2\/posts"}],"about":[{"href":"http:\/\/marburg.news\/index.php?rest_route=\/wp\/v2\/types\/post"}],"author":[{"embeddable":true,"href":"http:\/\/marburg.news\/index.php?rest_route=\/wp\/v2\/users\/2"}],"replies":[{"embeddable":true,"href":"http:\/\/marburg.news\/index.php?rest_route=%2Fwp%2Fv2%2Fcomments&post=19846"}],"version-history":[{"count":0,"href":"http:\/\/marburg.news\/index.php?rest_route=\/wp\/v2\/posts\/19846\/revisions"}],"wp:attachment":[{"href":"http:\/\/marburg.news\/index.php?rest_route=%2Fwp%2Fv2%2Fmedia&parent=19846"}],"wp:term":[{"taxonomy":"category","embeddable":true,"href":"http:\/\/marburg.news\/index.php?rest_route=%2Fwp%2Fv2%2Fcategories&post=19846"},{"taxonomy":"post_tag","embeddable":true,"href":"http:\/\/marburg.news\/index.php?rest_route=%2Fwp%2Fv2%2Ftags&post=19846"}],"curies":[{"name":"wp","href":"https:\/\/api.w.org\/{rel}","templated":true}]}}