{"id":19720,"date":"2026-03-16T21:30:00","date_gmt":"2026-03-16T20:30:00","guid":{"rendered":"http:\/\/marburg.news\/?p=19720"},"modified":"2026-03-16T21:30:00","modified_gmt":"2026-03-16T20:30:00","slug":"stand-der-stadtverordnetenwahl-cdu-vor-gruenen-spd-und-linken","status":"publish","type":"post","link":"http:\/\/marburg.news\/?p=19720","title":{"rendered":"Stand der Stadtverordnetenwahl: CDU vor Gr\u00fcnen, SPD und Linken"},"content":{"rendered":"<p>Die Ergebnisse der Kommunalwahl wurden am Montag (16. M\u00e4rz) noch ausgez\u00e4hlt. Bei 104 von 121 eingegangenen Ergebnissen zur Wahl der Stadtverordnetenversammlung war der Stand am Abend schon relativ klar. <!--more--><br \/>\nSt\u00e4rkste Partei in der Stadtverordnetenversammlung (StVV) ist nachvorl\u00e4ufigem Ausz\u00e4hlungsstand die CDU mit 23,67 Prozent vor den Gr\u00fcnen mit 18,78 Prozent und der SPD mit 16,82 Prozent der ausgez\u00e4hlten stimmen. Den vierten Platz belegt Die Linke mit 12,24 Prozent. Die AfD erreichte 7,75 Prozent.<br \/>\nDahinter rangiert Volt mit 4,48 Prozent auf dem sechsten Platz. Platz 7 belegt die Marburger Linke mit 4,37 Prozent vor der FDP mit 3,14 Prozent und der Klimaliste mit 2,93 Prozent und Move35 mit 2,28 Prozent. 1,69 Prozent der Wahlberechtigten gaben ihre Stimme den Freien W\u00e4hlern. Die PARTEI erhielt 0,87 Prozent. Weiterdenken Marburg kam mit 0,66 Prozent auf den 13. Platz vor der APPD 0,30 %.<br \/>\nDie Sitzverteilung der StVV sieht 14 Mandate f\u00fcr die CDU und elf f\u00fcr Die Gr\u00fcnen sowie zehn f\u00fcr die SPD vor. Sieben Stadtverrordnete der Linken sowie f\u00fcnf der AfD und jeweils drei von der Marburger Linken und Volt sitzen voraussichtlich ebenfalls in der StVV. Die FDP erringt zwei und die Freien W\u00e4hler sowie MOVE35 jeweils einen Sitz.<br \/>\nDie meisten Stimmen als Einzelperson bekam B\u00fcrgermeisterin Nadine Bernshausen von den Gr\u00fcnen. Auf dem zweiten Platz folgt der Landtagsabgeordnete Dirk Bamberger von der CDU vor Oberb\u00fcrgermeister Dr. Thomas Spies von der SpD. Platz 4 belegt Stadtverordnetenvorsteherin Dr. Elke Neuwohner von den Gr\u00fcnen vor Jens Seipp von der CDU und Roger Pfalz ebenfalls von der CDU.<\/p>\n<p>* <a href=\"http:\/\/marburg.news\/team\/fjh\">Franz-Josef Hanke<\/a><\/p>\n","protected":false},"excerpt":{"rendered":"<p>Die Ergebnisse der Kommunalwahl wurden am Montag (16. M\u00e4rz) noch ausgez\u00e4hlt. Bei 104 von 121 eingegangenen Ergebnissen zur Wahl der Stadtverordnetenversammlung war der Stand am Abend schon relativ klar.<\/p>\n","protected":false},"author":2,"featured_media":0,"comment_status":"closed","ping_status":"open","sticky":false,"template":"","format":"standard","meta":{"advanced_seo_description":"","spay_email":"","jetpack_publicize_message":"","jetpack_is_tweetstorm":false,"jetpack_publicize_feature_enabled":true},"categories":[2],"tags":[3128,2137,405],"jetpack_featured_media_url":"","jetpack_publicize_connections":[],"jetpack_sharing_enabled":true,"jetpack_shortlink":"https:\/\/wp.me\/p8mhvd-584","jetpack-related-posts":[{"id":6736,"url":"http:\/\/marburg.news\/?p=6736","url_meta":{"origin":19720,"position":0},"title":"Ankreuzen und abz\u00e4hlen: Deutliche gr\u00fcn-rot-rote Mehrheit in der StVV","date":"19. M\u00e4rz 2021","format":false,"excerpt":"In Marburg gibt es eine deutliche Mehrheit \"links von der Mitte\". Zusammen verf\u00fcgen Gr\u00fcne, SPD und Linke \u00fcber 36 der 59 Sitze im Stadtparlament. Das Vorl\u00e4ufige Amtliche Endergebnis der Wahl zur Stadtverordnetenversammlung (StVV) am Sonntag (14. M\u00e4rz) hat f\u00fcr die Gr\u00fcnen bei 26,01 Prozent der kumulierten und panaschierten Stimmen 15\u2026","rel":"","context":"In &quot;Politik&quot;","img":{"alt_text":"","src":"","width":0,"height":0},"classes":[]},{"id":14017,"url":"http:\/\/marburg.news\/?p=14017","url_meta":{"origin":19720,"position":1},"title":"Abgestimmt: Einzelergebnisse im Wahlkreis 13","date":"9. Oktober 2023","format":false,"excerpt":"Die CDU ist die st\u00e4rkste Partei im Wahlkreis 13. Bei den Landesstimmen ist die CDU auf dem ersten Platz gelandet. Mit einem Plus von 5,1 Prozent hat sie sich bei der Landtagswahl am Sonntah (8. Oktober) seit der Abstimmung 2018 verbessert. Mit 17.766 Stimmen und 30,1 Prozent liegt sie klar\u2026","rel":"","context":"In &quot;Politik&quot;","img":{"alt_text":"","src":"","width":0,"height":0},"classes":[]},{"id":7829,"url":"http:\/\/marburg.news\/?p=7829","url_meta":{"origin":19720,"position":2},"title":"Erste Ergebnisse: SPD gewinnt Bundestagswahl auch im Landkreis","date":"27. September 2021","format":false,"excerpt":"S\u00f6ren bartol erh\u00e4lt erneut das Direktmandat. Mit 36,9 Prozent der abgegebenen Erststimmen zieht er in den Bundestag ein. Bereits seit 2002 vertritt Bartol den Wahlkreis 171 im Deutschen Bundestag. Auch bei der Bundestagswahl am Sonntag (26. September) konnte der stellvertretende SPD-Fraktionsvorsitzende mit 51.628 wieder die meisten Erststimmen im Wahlkreis Marburg-Biedenkopf\u2026","rel":"","context":"In &quot;Politik&quot;","img":{"alt_text":"","src":"","width":0,"height":0},"classes":[]},{"id":15770,"url":"http:\/\/marburg.news\/?p=15770","url_meta":{"origin":19720,"position":3},"title":"Ge\u00e4nderte Platzierung: Marburg stimmt anders als andere","date":"10. Juni 2024","format":false,"excerpt":"Einen deutlichen Zuwachs konnten rechtspopulistische Parteien bei der Europawahl am Sonntag (9. Juni) verzeichnen. Das gilt sowohl f\u00fcr die meisten L\u00e4nder der Europ\u00e4ischen Union (EU) wie auch f\u00fcr Deutschland. Nach dem Vorl\u00e4ufigen Amtlichen Endergebnis der Europawahl 2024 wurde die Union aus CDU und CSU mit zusammen 30 Prozent der abgegebenen\u2026","rel":"","context":"In &quot;Politik&quot;","img":{"alt_text":"","src":"","width":0,"height":0},"classes":[]},{"id":13996,"url":"http:\/\/marburg.news\/?p=13996","url_meta":{"origin":19720,"position":4},"title":"Wahltag und Wahlergebnisse: Dirk Bamberger bleibt im Landtag","date":"8. Oktober 2023","format":false,"excerpt":"Dirk Bamberger zieht erneut als Direktkandidat f\u00fcr Marburg in den Hessischen Landtag ein.Er errang 31,4 Prozent der\u00a0Erststimmen im Wahlkreis 13. Sebastian Sack von der SPD kam bei der Lantagswahl am Sonntag (8. Oktober) mit 22,4 Prozent auf den zweiten Platz vor Angela Dorn von den Gr\u00fcnen mit 17,7 Prozent. Den\u2026","rel":"","context":"In &quot;Politik&quot;","img":{"alt_text":"Dirk Bamberger","src":"https:\/\/i0.wp.com\/marburg.news\/wp-content\/uploads\/2018\/09\/bamberger15.jpg?fit=675%2C1200&resize=350%2C200","width":350,"height":200},"classes":[]},{"id":2763,"url":"http:\/\/marburg.news\/?p=2763","url_meta":{"origin":19720,"position":5},"title":"Hessen hat gew\u00e4hlt: Bamberger gewinnt Direktmandat f\u00fcr Marburg","date":"29. Oktober 2018","format":false,"excerpt":"Dirk Bamberger hat das Direktmandat im Wahlkreis 13 gewonnen. Mit 28,68 Prozent lag er vor Handan \u00d6zg\u00fcven von der SPDD. Insgesamt erhielt der cDU-Bewerber 18.531 Stimmen. Die bisherige Inhaberin des Marburger Direktmandats kam hingegen auf nur 16.330 Stimmen oder 25,28 Prozent. Den dritten Platz belegte die Gr\u00fcnen-Landesvorsitzende Angela Dorn mit\u2026","rel":"","context":"In &quot;Politik&quot;","img":{"alt_text":"Dirk Bamberger","src":"https:\/\/i0.wp.com\/marburg.news\/wp-content\/uploads\/2018\/09\/bamberger15.jpg?fit=675%2C1200&resize=350%2C200","width":350,"height":200},"classes":[]}],"_links":{"self":[{"href":"http:\/\/marburg.news\/index.php?rest_route=\/wp\/v2\/posts\/19720"}],"collection":[{"href":"http:\/\/marburg.news\/index.php?rest_route=\/wp\/v2\/posts"}],"about":[{"href":"http:\/\/marburg.news\/index.php?rest_route=\/wp\/v2\/types\/post"}],"author":[{"embeddable":true,"href":"http:\/\/marburg.news\/index.php?rest_route=\/wp\/v2\/users\/2"}],"replies":[{"embeddable":true,"href":"http:\/\/marburg.news\/index.php?rest_route=%2Fwp%2Fv2%2Fcomments&post=19720"}],"version-history":[{"count":0,"href":"http:\/\/marburg.news\/index.php?rest_route=\/wp\/v2\/posts\/19720\/revisions"}],"wp:attachment":[{"href":"http:\/\/marburg.news\/index.php?rest_route=%2Fwp%2Fv2%2Fmedia&parent=19720"}],"wp:term":[{"taxonomy":"category","embeddable":true,"href":"http:\/\/marburg.news\/index.php?rest_route=%2Fwp%2Fv2%2Fcategories&post=19720"},{"taxonomy":"post_tag","embeddable":true,"href":"http:\/\/marburg.news\/index.php?rest_route=%2Fwp%2Fv2%2Ftags&post=19720"}],"curies":[{"name":"wp","href":"https:\/\/api.w.org\/{rel}","templated":true}]}}