{"id":19719,"date":"2026-03-16T17:10:00","date_gmt":"2026-03-16T16:10:00","guid":{"rendered":"http:\/\/marburg.news\/?p=19719"},"modified":"2026-03-16T17:10:00","modified_gmt":"2026-03-16T16:10:00","slug":"agenten-des-alters-kreisseniorenrat-zog-bilanz-nach-einem-jahr","status":"publish","type":"post","link":"http:\/\/marburg.news\/?p=19719","title":{"rendered":"Agenten des Alters: Kreisseniorenrat zog Bilanz nach einem Jahr"},"content":{"rendered":"<p>Der Kreisseniorenrat blickt auf ein arbeitsintensives und erfolgreiches Jahr zur\u00fcck. Seine Arbeit hat er am Montag (16. M\u00e4rz) zusammengefasst. <!--more--><br \/>\nSeit seiner konstituierenden Sitzung am 20. Mai 2025 ist der Kreisseniorenrat im Landkreis aktiv. In dieser ersten Sitzung wurden die organisatorischen Grundlagen geschaffen und zugleich wichtige Weichen f\u00fcr die inhaltliche Arbeit gestellt. Ein zentraler Schritt war die Durchf\u00fchrung eines Workshops am 17. Juli 2025. Dort legten die Mitglieder des Kreisseniorenrats die inhaltlichen Schwerpunkte f\u00fcr die kommenden Jahre fest.<br \/>\nIm Fokus stehen insbesondere die Mobilit\u00e4t und Teilhabe \u00e4lterer Menschen in der Gesellschaft, die St\u00e4rkung des gesellschaftlichen Zusammenhalts sowie Strategien gegen Einsamkeit im Alter. Ebenso wurden die Themen Wohnen und Gemeinschaft als wesentliche Anliegen der \u00e4lteren Generation definiert. Zu diesen Themen haben sich regionale Arbeitsgruppen mit unterschiedlichen Fragestellungen und Schwerpunkten gebildet.<br \/>\nIm Oktober 2025 beriet der Kreisseniorenrat die \u00fcberarbeitete Satzung und stimmte der Vorlage zu. Damit wurde die Arbeitsgrundlage f\u00fcr die weitere Arbeit gelegt. Ein weiterer Schwerpunkt der Arbeit war die Vorbereitung und Durchf\u00fchrung von drei Podiumsdiskussionen im Vorfeld der Kommunalwahl im M\u00e4rz 2026. Ihr Ziel war, zentrale Anliegen \u00e4lterer Menschen mit kommunal verantwortlichen Politikerinnen und Politikern zu diskutieren.<br \/>\nDabei standen insbesondere Barrierefreiheit im \u00f6ffentlichen Raum, Mobilit\u00e4t und Nahverkehr, Gesundheits- und Pflegeversorgung, bezahlbarer und altersgerechter Wohnraum, gesellschaftliche Teilhabe sowie digitale Teilhabe im Mittelpunkt. Auch die gesundheitliche Vorsorge im Hinblick auf die Auswirkungen des Klimawandels wurde intensiv thematisiert. Dar\u00fcber hinaus formulierte und versandte der Kreisseniorenrat einen offenen Brief an die Bundestagsabgeordneten zur Diskussion um die m\u00f6gliche Abschaffung oder Leistungsk\u00fcrzung des Pflegegrads 1. Damit setzte der Seniorenrat ein deutliches Zeichen f\u00fcr den Erhalt notwendiger Unterst\u00fctzungsleistungen f\u00fcr \u00e4ltere und pflegebed\u00fcrftige Menschen.<br \/>\nAuf der Messe &#8222;MEMOlife&#8220; Ende Januar 2026 waren der Kreisseniorenrat vor Ort und stellte seine Arbeit vor. Neben vielen Gespr\u00e4chen mit den Besuchern konnte er das Thema &#8222;Fit im Alter in Theorie und Praxis&#8220; pr\u00e4sentieren. Landrat Jens Womelsdorf dankt den Mitgliedern des Kreisseniorenrats f\u00fcr ihr vielf\u00e4ltiges Engagement. Das Gremium sei ein wichtiges Bindeglied zwischen \u00e4lteren Menschen auf der einen Seite und der Kreispolitik auf der anderen Seite.<br \/>\n&#8222;F\u00fcr mich sind die Perspektiven und die Meinung dieses Gremiums sehr wichtig&#8220;, betonte der Landrat. Sein Dank gilt auch ausdr\u00fccklich den Menschen, die bei der Wahl f\u00fcr das Gremium kandidiert hatten aber nicht gew\u00e4hlt wurden. &#8222;Demokratie lebt vom Mitmachen und von der Bereitschaft, sich einzusetzen und aktiv zu werden&#8220;, erkl\u00e4rte Womelsdorf.<br \/>\nDer Kreis-Seniorenrat versteht sich als starke Stimme der \u00e4lteren Generation im Landkreis. Auch im kommenden Jahr wird er sich mit Nachdruck f\u00fcr eine altersgerechte, solidarische und zukunftsorientierte Kommunalpolitik einsetzen. Weitere Informationen gibt es auch Online unter <a href=\"https:\/\/www.marburg-biedenkopf.de\/soziales_und_gesundheit\/senioren\/kreisseniorenrat_7701.php\">www.marburg-biedenkopf.de\/soziales_und_gesundheit\/senioren\/kreisseniorenrat_7701.php<\/a>.<\/p>\n<p>* pm: Landkreis Marburg-Biedenkopf<\/p>\n","protected":false},"excerpt":{"rendered":"<p>Der Kreisseniorenrat blickt auf ein arbeitsintensives und erfolgreiches Jahr zur\u00fcck. Seine Arbeit hat er am Montag (16. M\u00e4rz) zusammengefasst.<\/p>\n","protected":false},"author":2,"featured_media":0,"comment_status":"closed","ping_status":"open","sticky":false,"template":"","format":"standard","meta":{"advanced_seo_description":"","spay_email":"","jetpack_publicize_message":"","jetpack_is_tweetstorm":false,"jetpack_publicize_feature_enabled":true},"categories":[2,4],"tags":[674,1471,3893],"jetpack_featured_media_url":"","jetpack_publicize_connections":[],"jetpack_sharing_enabled":true,"jetpack_shortlink":"https:\/\/wp.me\/p8mhvd-583","jetpack-related-posts":[{"id":9568,"url":"http:\/\/marburg.news\/?p=9568","url_meta":{"origin":19719,"position":0},"title":"Vorgestellt: Kreis w\u00e4hlt neuen Seniorenrat","date":"18. Mai 2022","format":false,"excerpt":"Das 26-k\u00f6pfige Gremium w\u00e4hlte seinen Vorstand. Hans-Werner K\u00fcnkel ist zum neuen Vorsitzenden berufen worden. Mit seiner konstituierenden Sitzung im Mai hat der Kreisseniorenrat (KSR) die Arbeit in neuer Zusammensetzung aufgenommen. Der KSR m\u00f6chte einen aktiven Dialog zwischen den politischen Gremien des Kreises, Seniorinnen und Senioren sowie Einrichtungen der Gesundheits- und\u2026","rel":"","context":"In &quot;Politik&quot;","img":{"alt_text":"","src":"","width":0,"height":0},"classes":[]},{"id":17749,"url":"http:\/\/marburg.news\/?p=17749","url_meta":{"origin":19719,"position":1},"title":"Vorausgeblickt: Kreisseniorenrat ruft zur Wahl auf","date":"28. M\u00e4rz 2025","format":false,"excerpt":"Der Kreisseniorenrat ruft zur Teilnahme an seiner Wahl auf. Sie findet ab Anfang April als Briefwahl statt. Der Kreisseniorenrat des Landkreises Marburg-Biedenkopf wird im April f\u00fcr drei Jahre gew\u00e4hlt. Aus diesem Anlass ruft das Gremium stimmberechtigte Personen zur Teilnahme an der Wahl auf. Der Kreisseniorenrat ist die Interessenvertretung der B\u00fcrgerinnen\u2026","rel":"","context":"In &quot;Politik&quot;","img":{"alt_text":"","src":"","width":0,"height":0},"classes":[]},{"id":17293,"url":"http:\/\/marburg.news\/?p=17293","url_meta":{"origin":19719,"position":2},"title":"Auch im Landkreis: Kreisseniorenrat stellt seine Arbeit vor","date":"9. Januar 2025","format":false,"excerpt":"Rechtzeitig zur Wahl im Fr\u00fchjahr 2025 stellt der Kreisseniorenrat seine Arbeit vor. Er ist ein wichtiges Sprachrohr f\u00fcr \u00e4ltere Menschen. Im Fr\u00fchjahr 2025 steht die neue Wahl eines Kreisseniorenrats an. Dieses Gremium setzt sich f\u00fcr die Belange \u00e4lterer Menschen im Landkreis Marburg-Biedenkopf ein. Sein derzeitiger Vorsitzender Hans Werner K\u00fcnkel gibt\u2026","rel":"","context":"In &quot;Politik&quot;","img":{"alt_text":"","src":"","width":0,"height":0},"classes":[]},{"id":8879,"url":"http:\/\/marburg.news\/?p=8879","url_meta":{"origin":19719,"position":3},"title":"Vertretung von Alten: Kreisseniorenrat wird neu gew\u00e4hlt","date":"3. M\u00e4rz 2022","format":false,"excerpt":"Der Kreisseniorenrat erneuert sich. Dazu stellen sich Seniorinnen und Senioren zur Wahl. Der Kreisseniorenrat (KSR) wird neu gew\u00e4hlt. Die Wahlunterlagen versendet der Kreis in den kommenden Tagen. Bis Sonntag ( 4. April) um 15 Uhr k\u00f6nnen die Wahlbriefe an den Landkreis zur\u00fcckgesandt werden. In seiner neuen Zusammensetzung wird der Kreisseniorenrat\u2026","rel":"","context":"In &quot;Politik&quot;","img":{"alt_text":"","src":"","width":0,"height":0},"classes":[]},{"id":8946,"url":"http:\/\/marburg.news\/?p=8946","url_meta":{"origin":19719,"position":4},"title":"Vertretung f\u00fcr alle: Kreisseniorenrat steht zur Wahl","date":"15. M\u00e4rz 2022","format":false,"excerpt":"Seniorinnen und Senioren stellen sich zur Wahl. Der Kreis informiert online \u00fcber die Kandidierenden. Der Kreisseniorenrat (KSR) wird neu gew\u00e4hlt. Die Wahlunterlagen sind den Wahlberechtigten bereits zugegangen. Bis Sonntag (4. April) um 15 Uhr k\u00f6nnen die Stimmberechtigten die Wahlbriefe an den Landkreis zur\u00fccksenden. Auf www.marburg-biedenkopf.de finden sieInformationen \u00fcber die Kandidatinnen\u2026","rel":"","context":"In &quot;Politik&quot;","img":{"alt_text":"","src":"","width":0,"height":0},"classes":[]},{"id":10669,"url":"http:\/\/marburg.news\/?p=10669","url_meta":{"origin":19719,"position":5},"title":"Marburger Lebenslauf: Kreisseniorenrat legt Arbeitsziele fest","date":"21. September 2022","format":false,"excerpt":"Der Kreisseniorenrat (KSR) hat Ziele f\u00fcr die neue Wahlperiode festgelegt. Neu gegr\u00fcndete Arbeitskreise bringen erste Handlungsschritte auf den Weg. Der Kreisseniorenrat f\u00fcr den Landkreis Marburg-Biedenkopf hat seine Ziele f\u00fcr die laufende Wahlperiode erarbeitet und beschlossen. Daf\u00fcr kamen die Mitglieder zu einem Workshop unter der Leitung von Coach Bertram Kasper zusammen.\u2026","rel":"","context":"In &quot;Politik&quot;","img":{"alt_text":"","src":"","width":0,"height":0},"classes":[]}],"_links":{"self":[{"href":"http:\/\/marburg.news\/index.php?rest_route=\/wp\/v2\/posts\/19719"}],"collection":[{"href":"http:\/\/marburg.news\/index.php?rest_route=\/wp\/v2\/posts"}],"about":[{"href":"http:\/\/marburg.news\/index.php?rest_route=\/wp\/v2\/types\/post"}],"author":[{"embeddable":true,"href":"http:\/\/marburg.news\/index.php?rest_route=\/wp\/v2\/users\/2"}],"replies":[{"embeddable":true,"href":"http:\/\/marburg.news\/index.php?rest_route=%2Fwp%2Fv2%2Fcomments&post=19719"}],"version-history":[{"count":0,"href":"http:\/\/marburg.news\/index.php?rest_route=\/wp\/v2\/posts\/19719\/revisions"}],"wp:attachment":[{"href":"http:\/\/marburg.news\/index.php?rest_route=%2Fwp%2Fv2%2Fmedia&parent=19719"}],"wp:term":[{"taxonomy":"category","embeddable":true,"href":"http:\/\/marburg.news\/index.php?rest_route=%2Fwp%2Fv2%2Fcategories&post=19719"},{"taxonomy":"post_tag","embeddable":true,"href":"http:\/\/marburg.news\/index.php?rest_route=%2Fwp%2Fv2%2Ftags&post=19719"}],"curies":[{"name":"wp","href":"https:\/\/api.w.org\/{rel}","templated":true}]}}