{"id":19711,"date":"2026-03-15T12:05:56","date_gmt":"2026-03-15T11:05:56","guid":{"rendered":"http:\/\/marburg.news\/?p=19711"},"modified":"2026-03-15T12:05:56","modified_gmt":"2026-03-15T11:05:56","slug":"zur-wahl-mehrere-demonstrationen-in-giessen-und-marburg","status":"publish","type":"post","link":"http:\/\/marburg.news\/?p=19711","title":{"rendered":"Zur Wahl: Mehrere Demonstrationen in Gie\u00dfen und Marburg"},"content":{"rendered":"<p>Mehrere Versammlungen und Veranstaltungen in Gie\u00dfen und in Marburg hat die Polizei am Samstag (14. M\u00e4rz) begleitet. Sie alle fanden im Kontext der bevorstehenden Kommunalwahl statt. <!--more--><br \/>\nW\u00e4hrend einer AfD-Kundgebung im Seltersweg in Gie\u00dfen beleidigte ein Teilnehmer einen Medienvertreter. Die Polizei stellte die Personalien fest und leitete ein Ermittlungsverfahren wegen Beleidigung ein. Au\u00dferdem erteilte sie dem 70-j\u00e4hrigen Tatverd\u00e4chtigen einen Platzverweis.<br \/>\nZudem kam es im Bereich der Kundgebung zu einem Gerangel zwischen einem 31-j\u00e4hrigen Passanten und einer 56-j\u00e4hrigen Frau. Er soll sie zu Boden gesto\u00dfen haben, was vermutlich eine Verletzung an ihrer Hand zur Folge hatte. Polizeikr\u00e4fte stellten die Identit\u00e4t des Tatverd\u00e4chtigen fest und nahmen ihn zur Durchf\u00fchrung weiterer polizeilichen Ma\u00dfnahmen mit auf die Wache.<br \/>\nDen Mann erwartet ein Ermittlungsverfahren wegen K\u00f6rperverletzung &#8211; im Gegenzug erstattete er Strafanzeige wegen K\u00f6rperverletzung gegen die 56-j\u00e4hrige Demonstrantin. Nach Abschluss der polizeilichen Ma\u00dfnahmen durfte er die Wache wieder verlassen. Auch ihm erteilte die Polizei einen Platzverweis.<br \/>\nIn Marburg verliefen die Veranstaltungen mehrerer Parteien und eine Versammlung am Christa-Czempiel-Platz friedlich und ohne besondere Vorkommnisse. In der Spitze befanden sich dort rund 100 Menschen. Gegen 18.30 Uhr versammelten sich etwa 250 Personen am Marburger Hauptbahnhof, um an einer Versammlung unter dem Motto &#8222;Kein Frieden mit dem Rechtsruck&#8220; teilzunehmen.<br \/>\nNach einer Auftakt-Kundgebung liefen die Teilnehmenden als Demonstrationszug durch die Innen- und Oberstadt. Sie beendeten die Versammlung um 20 Uhr mit einer Kundgebung auf dem Elisabeth-Blochmann-Platz. Auf der Demonstrationsstrecke z\u00fcndeten Teilnehmende mehrmals Pyrotechnik, worauf der Zug jeweils gestoppt werden musste, bis die Pyro abgebrannt war beziehungsweise gel\u00f6scht wurde.<\/p>\n<p>* pm: Polizei Marburg<\/p>\n","protected":false},"excerpt":{"rendered":"<p>Mehrere Versammlungen und Veranstaltungen in Gie\u00dfen und in Marburg hat die Polizei am Samstag (14. M\u00e4rz) begleitet. Sie alle fanden im Kontext der bevorstehenden Kommunalwahl statt.<\/p>\n","protected":false},"author":2,"featured_media":0,"comment_status":"closed","ping_status":"open","sticky":false,"template":"","format":"standard","meta":{"advanced_seo_description":"","spay_email":"","jetpack_publicize_message":"","jetpack_is_tweetstorm":false,"jetpack_publicize_feature_enabled":true},"categories":[2],"tags":[3755,2137,16],"jetpack_featured_media_url":"","jetpack_publicize_connections":[],"jetpack_sharing_enabled":true,"jetpack_shortlink":"https:\/\/wp.me\/p8mhvd-57V","jetpack-related-posts":[{"id":19710,"url":"http:\/\/marburg.news\/?p=19710","url_meta":{"origin":19711,"position":0},"title":"Vor der Wahl: Gleich mehrere Demonstrationen in Mittelhessen","date":"14. M\u00e4rz 2026","format":false,"excerpt":"Das Polizeipr\u00e4sidium Mittelhessen begleitet am Samstag (14. M\u00e4rz) mehrere Demonstrationslagen und Veranstaltungen in der mittelhessischen Region. Insbesondere in Marburg und Gie\u00dfen wurde eine Vielzahl an Infost\u00e4nden der Parteien angemeldet. Im Zusammenhang mit den Kommunalwahlen am Sonntag (15. M\u00e4rz) ist in Gie\u00dfen f\u00fcr den Nachmittag ab 14 Uhr eine Versammlung mit\u2026","rel":"","context":"In &quot;Politik&quot;","img":{"alt_text":"","src":"","width":0,"height":0},"classes":[]},{"id":18712,"url":"http:\/\/marburg.news\/?p=18712","url_meta":{"origin":19711,"position":1},"title":"Gemein: Zwei Tatverd\u00e4chtige nach Autoaufbr\u00fcchen festgenommen","date":"18. September 2025","format":false,"excerpt":"Zwei Tatverd\u00e4chtige hat die Polizei am Samstag (13. September) nach Autoaufbr\u00fcchen in Marburg festgenommen. Gegen 11.15 Uhr hatte der Sicherheitsdienst den Aufbruch von drei Fahrzeugen auf den Parkpl\u00e4tzen des Universit\u00e4tsklinikums mitgeteilt. Auf dem Klinikgel\u00e4nde an der Baldingerstra\u00dfe nahm die Polizei zwei mutma\u00dfliche Diebe nach drei Fahrzeugaufbr\u00fcchen fest. Zudem verfolgten die\u2026","rel":"","context":"In &quot;Sonstiges&quot;","img":{"alt_text":"","src":"","width":0,"height":0},"classes":[]},{"id":8670,"url":"http:\/\/marburg.news\/?p=8670","url_meta":{"origin":19711,"position":2},"title":"Nach Bel\u00e4stigung: 56-j\u00e4hriger Mann in Untersuchungshaft","date":"28. Januar 2022","format":false,"excerpt":"Kriminalbeamte nahmen am Mittwoch (12. Januar) einen 56-j\u00e4hrigen Mann fest. Er steht im Verdacht, mehrere junge M\u00e4nner sexuell bel\u00e4stigt zu haben. Mittlerweile befindet er sich in Untersuchungshaft. Die Polizei sucht nun weitere Personen, die der Mann in den letzten Monaten m\u00f6glicherweise sexuell bedr\u00e4ngt hat. Im vergangenen Sommer erstattete ein 28-j\u00e4hriger\u2026","rel":"","context":"In &quot;Sonstiges&quot;","img":{"alt_text":"","src":"","width":0,"height":0},"classes":[]},{"id":2472,"url":"http:\/\/marburg.news\/?p=2472","url_meta":{"origin":19711,"position":3},"title":"Weg mit Gier: Versuchter Raub und Taschendiebstahl","date":"30. Juli 2018","format":false,"excerpt":"Ein 21-j\u00e4hriger Mann versuchte am Freitag (27. Juli), einen 46-j\u00e4hrigen Mann zu berauben. Der J\u00fcngere zog sein Opfer in der Alten Kasseler Stra\u00dfe in eine Seitenstra\u00dfe, w\u00fcrgte und schlug ihn. Gegen 14.20 Uhr versuchte er so, an die Geldb\u00f6rse des Anderen zu kommen. Zeugen bemerkten die Situation und trennten die\u2026","rel":"","context":"In &quot;Sonstiges&quot;","img":{"alt_text":"","src":"","width":0,"height":0},"classes":[]},{"id":7409,"url":"http:\/\/marburg.news\/?p=7409","url_meta":{"origin":19711,"position":4},"title":"Berauscht in Gewahrsam: Polizei nahm zwei aggressive M\u00e4nner fest","date":"16. Juli 2021","format":false,"excerpt":"Gleich mit zwei aggressiveren Betrunkenen hatte es die Polizei am Donnerstag (15. Juli) zu tun Letztlich blieb nur die Ingewahrsamnahme zur Ausn\u00fcchterung. Zun\u00e4chst p\u00f6belte und schrie ein 31 Jahre alter Mann um kurz nach 16 Uhr im Steinweg Passanten an und schlug auf Gegenst\u00e4nde ein. Er verteilte sein Hab und\u2026","rel":"","context":"In &quot;Sonstiges&quot;","img":{"alt_text":"","src":"","width":0,"height":0},"classes":[]},{"id":5914,"url":"http:\/\/marburg.news\/?p=5914","url_meta":{"origin":19711,"position":5},"title":"Im Zug: Diebstahlsversuch scheiterte an Gegenwehr","date":"28. Oktober 2020","format":false,"excerpt":"Die Handtasche wollte Ein Fahrgast in der Regionalbahn 41 von Gie\u00dfen nach Marburg einer mitfahrenden Frau stehlen. Kurz nach Mitternacht nahm die Polizei den 26 Jahre alten mutma\u00dflichen T\u00e4ter fest Der Mann f\u00fchrte weitere mutma\u00dfliche Diebesbeute mit sich. Die Polizei sucht die Eigent\u00fcmer dieser Gegenst\u00e4nde. Der Diebstahl im Zug scheiterte\u2026","rel":"","context":"In &quot;Sonstiges&quot;","img":{"alt_text":"","src":"","width":0,"height":0},"classes":[]}],"_links":{"self":[{"href":"http:\/\/marburg.news\/index.php?rest_route=\/wp\/v2\/posts\/19711"}],"collection":[{"href":"http:\/\/marburg.news\/index.php?rest_route=\/wp\/v2\/posts"}],"about":[{"href":"http:\/\/marburg.news\/index.php?rest_route=\/wp\/v2\/types\/post"}],"author":[{"embeddable":true,"href":"http:\/\/marburg.news\/index.php?rest_route=\/wp\/v2\/users\/2"}],"replies":[{"embeddable":true,"href":"http:\/\/marburg.news\/index.php?rest_route=%2Fwp%2Fv2%2Fcomments&post=19711"}],"version-history":[{"count":0,"href":"http:\/\/marburg.news\/index.php?rest_route=\/wp\/v2\/posts\/19711\/revisions"}],"wp:attachment":[{"href":"http:\/\/marburg.news\/index.php?rest_route=%2Fwp%2Fv2%2Fmedia&parent=19711"}],"wp:term":[{"taxonomy":"category","embeddable":true,"href":"http:\/\/marburg.news\/index.php?rest_route=%2Fwp%2Fv2%2Fcategories&post=19711"},{"taxonomy":"post_tag","embeddable":true,"href":"http:\/\/marburg.news\/index.php?rest_route=%2Fwp%2Fv2%2Ftags&post=19711"}],"curies":[{"name":"wp","href":"https:\/\/api.w.org\/{rel}","templated":true}]}}