{"id":19710,"date":"2026-03-14T11:30:31","date_gmt":"2026-03-14T10:30:31","guid":{"rendered":"http:\/\/marburg.news\/?p=19710"},"modified":"2026-03-14T11:30:31","modified_gmt":"2026-03-14T10:30:31","slug":"vor-der-wahl-gleich-mehrere-demonstrationen-in-mittelhessen","status":"publish","type":"post","link":"http:\/\/marburg.news\/?p=19710","title":{"rendered":"Vor der Wahl: Gleich mehrere Demonstrationen in Mittelhessen"},"content":{"rendered":"<p>Das Polizeipr\u00e4sidium Mittelhessen begleitet am Samstag (14. M\u00e4rz) mehrere Demonstrationslagen und Veranstaltungen in der mittelhessischen Region. Insbesondere in Marburg und Gie\u00dfen wurde eine Vielzahl an Infost\u00e4nden der Parteien angemeldet. <!--more--><br \/>\nIm Zusammenhang mit den <a href=\"http:\/\/wahl.marburgviews.de\/2026\">Kommunalwahlen am Sonntag (15. M\u00e4rz)<\/a> ist in Gie\u00dfen f\u00fcr den Nachmittag ab 14 Uhr eine Versammlung mit Kundgebungen und ein Demonstrationszug durch die Stadt angemeldet &#8211; die Anmelder erwarten dazu rund 4.000 Teilnehmende. Ab 18.30 Uhr werden in Marburg rund 300 Teilnehmende zu einer Versammlung mit Aufzug durch die Innenstadt erwartet.<br \/>\nW\u00e4hrend der Versammlungen in Gie\u00dfen und Marburg wird es zu Beeintr\u00e4chtigungen und Einschr\u00e4nkungen im Stra\u00dfenverkehr kommen. Die Polizei ist bestrebt, in Zusammenarbeit mit den Verkehrsbetrieben und den Ordnungspolizeien der St\u00e4dte Gie\u00dfen und Marburg die Mobilit\u00e4t der Menschen zu gew\u00e4hrleisten. \u00dcber gegebenenfalls auftretende Beeintr\u00e4chtigungen informiert die Polizei fr\u00fchzeitig.<\/p>\n<p>* pm: Polizei Marburg<\/p>\n","protected":false},"excerpt":{"rendered":"<p>Das Polizeipr\u00e4sidium Mittelhessen begleitet am Samstag (14. M\u00e4rz) mehrere Demonstrationslagen und Veranstaltungen in der mittelhessischen Region. Insbesondere in Marburg und Gie\u00dfen wurde eine Vielzahl an Infost\u00e4nden der Parteien angemeldet.<\/p>\n","protected":false},"author":2,"featured_media":0,"comment_status":"closed","ping_status":"open","sticky":false,"template":"","format":"standard","meta":{"advanced_seo_description":"","spay_email":"","jetpack_publicize_message":"","jetpack_is_tweetstorm":false,"jetpack_publicize_feature_enabled":true},"categories":[2],"tags":[3755,2137,16],"jetpack_featured_media_url":"","jetpack_publicize_connections":[],"jetpack_sharing_enabled":true,"jetpack_shortlink":"https:\/\/wp.me\/p8mhvd-57U","jetpack-related-posts":[{"id":19711,"url":"http:\/\/marburg.news\/?p=19711","url_meta":{"origin":19710,"position":0},"title":"Zur Wahl: Mehrere Demonstrationen in Gie\u00dfen und Marburg","date":"15. M\u00e4rz 2026","format":false,"excerpt":"Mehrere Versammlungen und Veranstaltungen in Gie\u00dfen und in Marburg hat die Polizei am Samstag (14. M\u00e4rz) begleitet. Sie alle fanden im Kontext der bevorstehenden Kommunalwahl statt. W\u00e4hrend einer AfD-Kundgebung im Seltersweg in Gie\u00dfen beleidigte ein Teilnehmer einen Medienvertreter. Die Polizei stellte die Personalien fest und leitete ein Ermittlungsverfahren wegen Beleidigung\u2026","rel":"","context":"In &quot;Politik&quot;","img":{"alt_text":"","src":"","width":0,"height":0},"classes":[]},{"id":8513,"url":"http:\/\/marburg.news\/?p=8513","url_meta":{"origin":19710,"position":1},"title":"Gef\u00e4hrlicher Gr\u00f6\u00dfenwahn: Demonstrationen gegen Corona am Samstagnachmittag","date":"8. Januar 2022","format":false,"excerpt":"Sogenannte \"Querdenker\" wollen am Samstag (8. Januar) in Marburg und Wetzlar demonstrieren. Dar\u00fcber hat die Polizei am Samstagmittag informiert. F\u00fcr Samstag (8. Januar) sind bei der zust\u00e4ndigen Versammlungsbeh\u00f6rde der Stadt Wetzlar zwei Versammlungen im thematischen Kontext zur Corona-Pandemie angemeldet worden. Ein Aufzug mit Abschlusskundgebung soll zwischen 15 und 19 Uhr\u2026","rel":"","context":"In &quot;Politik&quot;","img":{"alt_text":"","src":"","width":0,"height":0},"classes":[]},{"id":16905,"url":"http:\/\/marburg.news\/?p=16905","url_meta":{"origin":19710,"position":2},"title":"Bereits in Berufung: Verurteilte legen Rechtsmittel ein","date":"15. November 2024","format":false,"excerpt":"Drei Personen aus Marburg hat das Amtsgericht Gie\u00dfen am Dienstag (29. Oktober) zu einer Strafe von je 45 Tagess\u00e4tzen verurteilt. Mit der \"Letzten Generation vor den Klima-Kipppunkten\" hatten sie zweimal auf Gie\u00dfener Stra\u00dfen f\u00fcr Klimaschutz demonstriert. Dadurch brauchten Autofahrerinnen und Autofahrer l\u00e4nger zu ihren Zielen. Die drei Verurteilten aus Marburg\u2026","rel":"","context":"In &quot;Politik&quot;","img":{"alt_text":"","src":"","width":0,"height":0},"classes":[]},{"id":19121,"url":"http:\/\/marburg.news\/?p=19121","url_meta":{"origin":19710,"position":3},"title":"Nach Gie\u00dfen: Zigtausende demonstrierten gegen die AfD-Jugend","date":"29. November 2025","format":false,"excerpt":"Tausende von Marburgerinnen und Marburger sind am Samstag (29. November) nach Gie\u00dfen gefahren. Dort haben sie gegen die Gr\u00fcndung der AfD-Jugend demonstriert. Die Z\u00fcge nach Gie\u00dfen waren am Samstagmorgen \u00fcberf\u00fcllt. Dicht an dicht dr\u00e4ngelten sich Demonstrantinnen und Demonstranten am Morgen auf dem Gie\u00dfener Bahnhofsvorplatz. 30 Demonstrationen waren f\u00fcr das Wochenende\u2026","rel":"","context":"In &quot;Politik&quot;","img":{"alt_text":"","src":"","width":0,"height":0},"classes":[]},{"id":16059,"url":"http:\/\/marburg.news\/?p=16059","url_meta":{"origin":19710,"position":4},"title":"Proteste in Marburg: Mehr als 3.500 demonstrierten gegen Sellner","date":"29. Juli 2024","format":false,"excerpt":"Gleich drei Protestaktionen gegen Martin Sellner haben am Montag (29. Juli) in Marburg stattgefunden. Zwei davon waren im Vorfeld angek\u00fcndigt worden. Die Demonstration, die um 16 Uhr vom Marktplatz startete und mit einer Kundgebung in der Lutherstra\u00dfe endete, wurde um 18.15 Uhr vom Versammlungsleiter beendet. Die Versammlung verlief friedlich und\u2026","rel":"","context":"In &quot;Politik&quot;","img":{"alt_text":"","src":"","width":0,"height":0},"classes":[]},{"id":11800,"url":"http:\/\/marburg.news\/?p=11800","url_meta":{"origin":19710,"position":5},"title":"Mehr Ruhelose: Vier Friedensdemos bei Scholz-Besuch","date":"31. Januar 2023","format":false,"excerpt":"Bundeskanzler Olaf Scholz kommt am Donnerstag (2. Februar) nach Marburg. Mehrere Demonstrationen wenden sich an diesem Tag gegen R\u00fcstungsprojekte und Waffenlieferungen. Zu Friedensdemonstrationen am Donnerstag (2. Februar) in Marburg haben mehrere Organisationen aufgerufen. Anlass ist der Besuch von Bundeskanzler Olaf Scholz, der wenige Tage zuvor beschlossen hatte, dass Deutschland Kampfpanzer\u2026","rel":"","context":"In &quot;Bildung&quot;","img":{"alt_text":"","src":"","width":0,"height":0},"classes":[]}],"_links":{"self":[{"href":"http:\/\/marburg.news\/index.php?rest_route=\/wp\/v2\/posts\/19710"}],"collection":[{"href":"http:\/\/marburg.news\/index.php?rest_route=\/wp\/v2\/posts"}],"about":[{"href":"http:\/\/marburg.news\/index.php?rest_route=\/wp\/v2\/types\/post"}],"author":[{"embeddable":true,"href":"http:\/\/marburg.news\/index.php?rest_route=\/wp\/v2\/users\/2"}],"replies":[{"embeddable":true,"href":"http:\/\/marburg.news\/index.php?rest_route=%2Fwp%2Fv2%2Fcomments&post=19710"}],"version-history":[{"count":0,"href":"http:\/\/marburg.news\/index.php?rest_route=\/wp\/v2\/posts\/19710\/revisions"}],"wp:attachment":[{"href":"http:\/\/marburg.news\/index.php?rest_route=%2Fwp%2Fv2%2Fmedia&parent=19710"}],"wp:term":[{"taxonomy":"category","embeddable":true,"href":"http:\/\/marburg.news\/index.php?rest_route=%2Fwp%2Fv2%2Fcategories&post=19710"},{"taxonomy":"post_tag","embeddable":true,"href":"http:\/\/marburg.news\/index.php?rest_route=%2Fwp%2Fv2%2Ftags&post=19710"}],"curies":[{"name":"wp","href":"https:\/\/api.w.org\/{rel}","templated":true}]}}