{"id":19707,"date":"2026-03-13T17:10:00","date_gmt":"2026-03-13T16:10:00","guid":{"rendered":"http:\/\/marburg.news\/?p=19707"},"modified":"2026-03-13T17:10:00","modified_gmt":"2026-03-13T16:10:00","slug":"mord-durch-menschenverachtung-gedenken-fuer-marburger-sinti-und-roma","status":"publish","type":"post","link":"http:\/\/marburg.news\/?p=19707","title":{"rendered":"Mord durch Menschenverachtung: Gedenken f\u00fcr Marburger Sinti und Roma"},"content":{"rendered":"<p>am 23. M\u00e4rz 1943 wurde ein dunkles Kapitel in der Geschichte Marburgs geschrieben. 78 Sinti aus Marburg und Umgebung wurden damals in das Konzentrationslager Auschwitz deportiert. <!--more--><br \/>\nViele dieser Menschen wurden dort Opfer des nationalsozialistischen Massenmordes. Oberb\u00fcrgermeister Dr. Thomas Spies l\u00e4dt ein f\u00fcr Samstag (21. M\u00e4rz) um 11 Uhr am ehemaligen Landratsamt an der Barf\u00fc\u00dferstra\u00dfe, um gemeinsam der von den Nationalsozialisten rassistisch verfolgten und ermordeten Marburger Sinti zu gedenken.<\/p>\n<p>* pm: Stadt Marburg<\/p>\n","protected":false},"excerpt":{"rendered":"<p>am 23. M\u00e4rz 1943 wurde ein dunkles Kapitel in der Geschichte Marburgs geschrieben. 78 Sinti aus Marburg und Umgebung wurden damals in das Konzentrationslager Auschwitz deportiert.<\/p>\n","protected":false},"author":2,"featured_media":0,"comment_status":"closed","ping_status":"open","sticky":false,"template":"","format":"standard","meta":{"advanced_seo_description":"","spay_email":"","jetpack_publicize_message":"","jetpack_is_tweetstorm":false,"jetpack_publicize_feature_enabled":true},"categories":[2],"tags":[4902,1837,221],"jetpack_featured_media_url":"","jetpack_publicize_connections":[],"jetpack_sharing_enabled":true,"jetpack_shortlink":"https:\/\/wp.me\/p8mhvd-57R","jetpack-related-posts":[{"id":17759,"url":"http:\/\/marburg.news\/?p=17759","url_meta":{"origin":19707,"position":0},"title":"F\u00fcr Erinnerung: Ermordeter Sinti und Roma aus Marburg gedenken","date":"31. M\u00e4rz 2025","format":false,"excerpt":"am 23. M\u00e4rz 1943 wurden 78 Sinti aus Marburg und Umgebung in das Konzentrationslager Auschwitz deportiert. Viele dieser Menschen wurden dort Opfer des nationalsozialistischen Massenmords. Nur zwei von ihnen \u00fcberlebten den nationalsozialistischen Massenmord. Die Stadt Marburg hat ihrer auch in diesem Jahr wieder gedacht. \"Es ist wichtig, dass wir heute\u2026","rel":"","context":"In &quot;Politik&quot;","img":{"alt_text":"","src":"","width":0,"height":0},"classes":[]},{"id":9069,"url":"http:\/\/marburg.news\/?p=9069","url_meta":{"origin":19707,"position":1},"title":"Bedr\u00fcckend: Gedenken an Marburger Sinti und Roma","date":"24. M\u00e4rz 2022","format":false,"excerpt":"\"Wenn ich in Marburg bin, ist mein Herz voller Hoffnung.\" Dieser Satz war am Mittwoch (23. M\u00e4rz) zum Gedenken an deportierte Sinti aus Marburg und Umgebung zu h\u00f6ren. Der Nationalsozialismus hat unz\u00e4hlige Menschen das Leben gekostet. Auch 78 Sinti aus Marburg und Umgebung wurden Opfer des Regimes. Am 23. M\u00e4rz\u2026","rel":"","context":"In &quot;Politik&quot;","img":{"alt_text":"","src":"","width":0,"height":0},"classes":[]},{"id":12146,"url":"http:\/\/marburg.news\/?p=12146","url_meta":{"origin":19707,"position":2},"title":"Gemeinsam gedenken: Deportation vor 80 Jahren","date":"15. M\u00e4rz 2023","format":false,"excerpt":"Die Stadt gedenkt der ermordeten Sinti und Roma. Den 80. Jahrestag ihrer Deportation aus Marburg begeht sie am Donnerstag (23. M\u00e4rz) mit einer Veranstaltung im Rathaus. aus Marburg und Umgebung sind vor 80 Jahren 78 Sinti in das Konzentrationslager Auschwitz deportiert worden. Viele dieser - am 23. M\u00e4rz 1943 deportierten\u2026","rel":"","context":"In &quot;Politik&quot;","img":{"alt_text":"","src":"","width":0,"height":0},"classes":[]},{"id":3423,"url":"http:\/\/marburg.news\/?p=3423","url_meta":{"origin":19707,"position":3},"title":"Mut zur Klarheit: Gedenken an ermordete Roma und Sinti","date":"27. M\u00e4rz 2019","format":false,"excerpt":"\"In Marburg darf kein Platz f\u00fcr Rassismus und erst recht nicht f\u00fcr Gewalt sein!\" Das sagte Oberb\u00fcrgermeister Dr. Thomas Spies zum Gedenken am 76. Jahrestag der Deportation Marburger Sinti. Mit dem Anbringen eines Kranzes an der Gedenktafel am ehemaligen Landratsamt und heutigen Bauamt in der Barf\u00fc\u00dferstra\u00dfe hat die Universit\u00e4tsstadt Marburg\u2026","rel":"","context":"In &quot;Politik&quot;","img":{"alt_text":"","src":"","width":0,"height":0},"classes":[]},{"id":4884,"url":"http:\/\/marburg.news\/?p=4884","url_meta":{"origin":19707,"position":4},"title":"Stilles Gedenken: Spies brachte Kranz f\u00fcr Roma und Sinti am Bauamt an","date":"25. M\u00e4rz 2020","format":false,"excerpt":"Zum 77. Mal j\u00e4hrte sich am Montag (23. M\u00e4rz) die Deportation von Sinti aus Marburg im Nationalsozialismus. Im stillen Gedenken hat Oberb\u00fcrgermeister Dr. Thomas Spies einen Kranz am ehemaligen Landratsamt an der Barf\u00fc\u00dferstra\u00dfe angebracht. In dem Geb\u00e4ude befindet sich inzwischen das st\u00e4dtische Bauamt. Aufgrund des Coronavirus fand der Akt in\u2026","rel":"","context":"In &quot;Politik&quot;","img":{"alt_text":"","src":"","width":0,"height":0},"classes":[]},{"id":19764,"url":"http:\/\/marburg.news\/?p=19764","url_meta":{"origin":19707,"position":5},"title":"Niemals vergessen: 78 Sinti aus Marburg ermordet","date":"24. M\u00e4rz 2026","format":false,"excerpt":"Zum Gedenken an deportierte Sinti aus Marburg haben sich am Samstag (21. M\u00e4rz) Vertreter von Stadt, Kreis und Opfern zusammengefunden. Von 78 Deportierten \u00fcberlebten nur zwei. Am 23. M\u00e4rz 1943 wurden 78 Sinti aus Marburg und dem Landkreis in Viehwaggons in das Konzentrationslager Auschwitz deportiert. Sie waren zwischen zwei Monaten\u2026","rel":"","context":"In &quot;Bildung&quot;","img":{"alt_text":"","src":"","width":0,"height":0},"classes":[]}],"_links":{"self":[{"href":"http:\/\/marburg.news\/index.php?rest_route=\/wp\/v2\/posts\/19707"}],"collection":[{"href":"http:\/\/marburg.news\/index.php?rest_route=\/wp\/v2\/posts"}],"about":[{"href":"http:\/\/marburg.news\/index.php?rest_route=\/wp\/v2\/types\/post"}],"author":[{"embeddable":true,"href":"http:\/\/marburg.news\/index.php?rest_route=\/wp\/v2\/users\/2"}],"replies":[{"embeddable":true,"href":"http:\/\/marburg.news\/index.php?rest_route=%2Fwp%2Fv2%2Fcomments&post=19707"}],"version-history":[{"count":0,"href":"http:\/\/marburg.news\/index.php?rest_route=\/wp\/v2\/posts\/19707\/revisions"}],"wp:attachment":[{"href":"http:\/\/marburg.news\/index.php?rest_route=%2Fwp%2Fv2%2Fmedia&parent=19707"}],"wp:term":[{"taxonomy":"category","embeddable":true,"href":"http:\/\/marburg.news\/index.php?rest_route=%2Fwp%2Fv2%2Fcategories&post=19707"},{"taxonomy":"post_tag","embeddable":true,"href":"http:\/\/marburg.news\/index.php?rest_route=%2Fwp%2Fv2%2Ftags&post=19707"}],"curies":[{"name":"wp","href":"https:\/\/api.w.org\/{rel}","templated":true}]}}