{"id":19705,"date":"2026-03-13T14:53:45","date_gmt":"2026-03-13T13:53:45","guid":{"rendered":"http:\/\/marburg.news\/?p=19705"},"modified":"2026-03-13T14:53:45","modified_gmt":"2026-03-13T13:53:45","slug":"frust-durch-fortlaufen-14-jaehriges-maedchen-aus-marburg-vermisst","status":"publish","type":"post","link":"http:\/\/marburg.news\/?p=19705","title":{"rendered":"Frust durch Fortlaufen: 14-j\u00e4hriges M\u00e4dchen aus Marburg vermisst"},"content":{"rendered":"<p>Seit Mittwoch (11. M\u00e4rz) wird eine 14-j\u00e4hrige Jugendliche aus Marburg vermisst. Sie wurde zuletzt gegen 17 Uhr in der Stra\u00dfe &#8222;Flachspfuhl&#8220; im Stadtteil Dagobertshausen gesehen. <!--more--><br \/>\nDie Jugendliche ist zirka 1,60 Meter gro\u00df und schlank. Sie hat dunkelbraune Haare. Zum Zeitpunkt ihres Verschwindens trug sie einen schwarzen Kapuzenpullover und eine schwarze Hose. In ihrem Haar hatte sie eine rosa Haarspange.<br \/>\nIn der Vergangenheit hielt sie sich \u00f6fter im Bereich Neu-Isenburg auf Die Polizei bittet um Hinweise und fragt: Wer hat Aliana May Sunny Arnoul seit dem 11. M\u00e4rz 2026 gesehen? Wer kann Angaben zum derzeitigen Aufenthaltsort der Vermissten machen? Hinweise nimmt die Polizei Marburg unter der Rufnummer 06421\/406-0 oder jede andere Polizeidienststelle entgegen.<\/p>\n<p>* pm: Polizei Marburg<\/p>\n","protected":false},"excerpt":{"rendered":"<p>Seit Mittwoch (11. M\u00e4rz) wird eine 14-j\u00e4hrige Jugendliche aus Marburg vermisst. Sie wurde zuletzt gegen 17 Uhr in der Stra\u00dfe &#8222;Flachspfuhl&#8220; im Stadtteil Dagobertshausen gesehen.<\/p>\n","protected":false},"author":2,"featured_media":0,"comment_status":"closed","ping_status":"open","sticky":false,"template":"","format":"standard","meta":{"advanced_seo_description":"","spay_email":"","jetpack_publicize_message":"","jetpack_is_tweetstorm":false,"jetpack_publicize_feature_enabled":true},"categories":[6],"tags":[263,16,123],"jetpack_featured_media_url":"","jetpack_publicize_connections":[],"jetpack_sharing_enabled":true,"jetpack_shortlink":"https:\/\/wp.me\/p8mhvd-57P","jetpack-related-posts":[{"id":19323,"url":"http:\/\/marburg.news\/?p=19323","url_meta":{"origin":19705,"position":0},"title":"M\u00e4dchen vermisst: Jugendliche k\u00f6nnte in Frankfurt sein","date":"12. Januar 2026","format":false,"excerpt":"Eine 14-j\u00e4hrige Jugendliche aus Marburg wird seit Sonntagabend vermisst. Die Polizei bittet um Mithilfe bei der Suche nach dem M\u00e4dchen. Seit Sonntag (11. Januar) wird die 14-j\u00e4hrige Nadia Anna Nowak aus Marburg vermisst. Zuletzt wurde sie gegen 16 Uhr gesehen. In der Vergangenheit hielt sie sich in Frankfurt am Main\u2026","rel":"","context":"In &quot;Sonstiges&quot;","img":{"alt_text":"","src":"","width":0,"height":0},"classes":[]},{"id":19770,"url":"http:\/\/marburg.news\/?p=19770","url_meta":{"origin":19705,"position":1},"title":"Vermisstensuche: Polizei bittet um Hinweise auf 13-j\u00e4hriges M\u00e4dchen","date":"25. M\u00e4rz 2026","format":false,"excerpt":"Ein 13-j\u00e4hriges M\u00e4dchen aus Marburg wird seit Freitag (13. M\u00e4rz) vermisst. Die Polizei bittet um Mithilfe bei der Suche. Seit Freitag (13. M\u00e4rz)wird die 13-j\u00e4hrige Selina Neda aus Marburg vermisst. Das M\u00e4dchen ist zirka 1,60 Meter gro\u00df, hat eine kr\u00e4ftige Statur, lange dunkelbraune Haare und braune Augen. Zur Bekleidung ist\u2026","rel":"","context":"In &quot;Sonstiges&quot;","img":{"alt_text":"","src":"","width":0,"height":0},"classes":[]},{"id":19913,"url":"http:\/\/marburg.news\/?p=19913","url_meta":{"origin":19705,"position":2},"title":"Gesucht: 14-j\u00e4hrige Jugendliche vermisst","date":"21. April 2026","format":false,"excerpt":"Eine 14-j\u00e4hrige Jugendliche aus Marburg wird seit Donnerstag (9. April) vermisst. Die Polizei bittet um Mithilfe bei der Suche nach dem M\u00e4dchen. Aliana ist zirka 1,60 Meter gro\u00df und schlank. Sie hat dunkelbraune Haare. Das M\u00e4dchen ist oftmals stark geschminkt. Zur Bekleidung ist bislang nichts bekannt. Zuletzt wurde Aliana am\u2026","rel":"","context":"In &quot;Sonstiges&quot;","img":{"alt_text":"","src":"","width":0,"height":0},"classes":[]},{"id":19126,"url":"http:\/\/marburg.news\/?p=19126","url_meta":{"origin":19705,"position":3},"title":"Fahndung f\u00fcrs Fortlaufen: Zwei Jugendliche aus Marburg vermisst","date":"1. Dezember 2025","format":false,"excerpt":"Vermisst werden seit Sonntag (30. November) zwei M\u00e4dchen aus Marburg im Alter von 15 und 16 Jahren. Sie k\u00f6nnten sich auch in Gie\u00dfen aufhalten. Die Polizei sucht seit Sonntag (30. November) nach der 15-j\u00e4hrigen Amy Lee Fynn W. und der 16-j\u00e4hrigen Misena B. Zuletzt wurden sie am Sonntagabend gegen 22.10\u2026","rel":"","context":"In &quot;Sonstiges&quot;","img":{"alt_text":"","src":"","width":0,"height":0},"classes":[]},{"id":19192,"url":"http:\/\/marburg.news\/?p=19192","url_meta":{"origin":19705,"position":4},"title":"In Marburg: Polizei sucht 14-j\u00e4hrige Vermisste","date":"11. Dezember 2025","format":false,"excerpt":"Seit Freitag (5. Dezember)wird eine 14-j\u00e4hrige Jugendliche aus Marburg vermisst. Sie ist circa 1,66 Meter gro\u00df und schlank. Cassi Leonie W. hat braune Augen und lockige schwarze Haare. Zum Zeitpunkt ihres Verschwindens trug sie einen beigefarbenen Wintermantel und eine schwarze Hose. Au\u00dferdem hatte sie einen Rucksack dabei. Die Polizei bittet\u2026","rel":"","context":"In &quot;Sonstiges&quot;","img":{"alt_text":"","src":"","width":0,"height":0},"classes":[]},{"id":17731,"url":"http:\/\/marburg.news\/?p=17731","url_meta":{"origin":19705,"position":5},"title":"Vermissten-Fahndung: Polizei sucht 14-j\u00e4hriges M\u00e4dchen","date":"26. M\u00e4rz 2025","format":false,"excerpt":"Seit Montag (24. M\u00e4rz) wird die 14-j\u00e4hrige Hamda vermisst. Letztmalig wurde sie Montagmorgen in Marburg gesehen. Hinweise auf ihren aktuellen Aufenthaltsort gibt es nicht. Das M\u00e4dchen ist 1,57 Meter gro\u00df und hat lange, schwarze Haare. Die Jugendliche tr\u00e4gt eine schwarze Brille, eine Zahnspange und ein schwarzes Kopftuch mit wei\u00dfem Untertuch.\u2026","rel":"","context":"In &quot;Sonstiges&quot;","img":{"alt_text":"","src":"","width":0,"height":0},"classes":[]}],"_links":{"self":[{"href":"http:\/\/marburg.news\/index.php?rest_route=\/wp\/v2\/posts\/19705"}],"collection":[{"href":"http:\/\/marburg.news\/index.php?rest_route=\/wp\/v2\/posts"}],"about":[{"href":"http:\/\/marburg.news\/index.php?rest_route=\/wp\/v2\/types\/post"}],"author":[{"embeddable":true,"href":"http:\/\/marburg.news\/index.php?rest_route=\/wp\/v2\/users\/2"}],"replies":[{"embeddable":true,"href":"http:\/\/marburg.news\/index.php?rest_route=%2Fwp%2Fv2%2Fcomments&post=19705"}],"version-history":[{"count":0,"href":"http:\/\/marburg.news\/index.php?rest_route=\/wp\/v2\/posts\/19705\/revisions"}],"wp:attachment":[{"href":"http:\/\/marburg.news\/index.php?rest_route=%2Fwp%2Fv2%2Fmedia&parent=19705"}],"wp:term":[{"taxonomy":"category","embeddable":true,"href":"http:\/\/marburg.news\/index.php?rest_route=%2Fwp%2Fv2%2Fcategories&post=19705"},{"taxonomy":"post_tag","embeddable":true,"href":"http:\/\/marburg.news\/index.php?rest_route=%2Fwp%2Fv2%2Ftags&post=19705"}],"curies":[{"name":"wp","href":"https:\/\/api.w.org\/{rel}","templated":true}]}}