{"id":19698,"date":"2026-03-12T17:50:00","date_gmt":"2026-03-12T16:50:00","guid":{"rendered":"http:\/\/marburg.news\/?p=19698"},"modified":"2026-03-12T17:50:00","modified_gmt":"2026-03-12T16:50:00","slug":"ausgeschlossen-maenner-muessen-am-frauentag-draussen-bleiben","status":"publish","type":"post","link":"http:\/\/marburg.news\/?p=19698","title":{"rendered":"Ausgeschlossen: M\u00e4nner m\u00fcssen am Frauentag drau\u00dfen bleiben"},"content":{"rendered":"<p>Einen reinen Frauentag gibt es im AquaMar am Sonntag (22. M\u00e4rz). Das hat die Stadt am Donnerstag (12. M\u00e4rz) angek\u00fcndigt. <!--more--><br \/>\nDas AquaMar wird am Sonntag (22. M\u00e4rz) von 10 bis 18 Uhr seine T\u00fcren f\u00fcr alle Frauen und M\u00e4dchen \u00f6ffnen. Kinder k\u00f6nnen in Begleitung einer Erwachsenen mitgebracht werden. Jungen d\u00fcrfen nur bis zum Alter von sechs Jahren mitkommen.<br \/>\nDie Besucherinnen k\u00f6nnen sich auf das gesamte Angebot des Sport- und Freizeitbads AquaMar freuen. Alle Frauen sind herzlich eingeladen, an diesem Tag ins AquaMar zu kommen. Der Frauentag bietet nicht nur die M\u00f6glichkeit, sich sportlich zu bet\u00e4tigen und zu entspannen, sondern auch, sich mit anderen Frauen in einem gesch\u00fctzten Rahmen auszutauschen.<\/p>\n<p>* pm: Stadt Marburg<\/p>\n","protected":false},"excerpt":{"rendered":"<p>Einen reinen Frauentag gibt es im AquaMar am Sonntag (22. M\u00e4rz). Das hat die Stadt am Donnerstag (12. M\u00e4rz) angek\u00fcndigt.<\/p>\n","protected":false},"author":2,"featured_media":0,"comment_status":"closed","ping_status":"open","sticky":false,"template":"","format":"standard","meta":{"advanced_seo_description":"","spay_email":"","jetpack_publicize_message":"","jetpack_is_tweetstorm":false,"jetpack_publicize_feature_enabled":true},"categories":[4,7],"tags":[317,180,2035],"jetpack_featured_media_url":"","jetpack_publicize_connections":[],"jetpack_sharing_enabled":true,"jetpack_shortlink":"https:\/\/wp.me\/p8mhvd-57I","jetpack-related-posts":[{"id":17508,"url":"http:\/\/marburg.news\/?p=17508","url_meta":{"origin":19698,"position":0},"title":"Wut wertsch\u00e4tzen: Umfangreiches Programm zum Internationalen Frauentag","date":"13. Februar 2025","format":false,"excerpt":"Stadt und Landkreis feiern den Internationalen Frauentag 2025. Rund um den 8. M\u00e4rz gibt es ein umfangreiches Programm. Am 8. M\u00e4rz ist Internationaler Frauentag. Zu diesem Anlass haben auch in diesem Jahr die Stadt Marburg, der Landkreis Marburg-Biedenkopf sowie viele Organisationen, Vereine und Initiativen ein vielseitiges Veranstaltungsangebot organisiert. Das Programm\u2026","rel":"","context":"In &quot;Politik&quot;","img":{"alt_text":"","src":"","width":0,"height":0},"classes":[]},{"id":19566,"url":"http:\/\/marburg.news\/?p=19566","url_meta":{"origin":19698,"position":1},"title":"Gleichstellungslage: Aktionswochen zum Internationalen Frauentag 2026","date":"17. Februar 2026","format":false,"excerpt":"Zum Internationalen Frauentag 2026 feiern Stadt und Kreis das 40-j\u00e4hrige Bestehen ihrer Gleichstellungsb\u00fcros. Dazu veranstalten sie gemeinsame Aktionswochen. Rund um den internationalen Frauentag am 8. M\u00e4rz laden der Landkreis Marburg-Biedenkopf und die Stadt Marburg zu Aktionswochen mit Ausstellungen, Lesungen, Diskussionen, Workshops und kulturellen Glanzlichtern ein. Eines der wichtigen Themen ist\u2026","rel":"","context":"In &quot;Politik&quot;","img":{"alt_text":"","src":"","width":0,"height":0},"classes":[]},{"id":15167,"url":"http:\/\/marburg.news\/?p=15167","url_meta":{"origin":19698,"position":2},"title":"Hessen hinten: F\u00fcr einen Feiertag am Frauentag","date":"9. M\u00e4rz 2024","format":false,"excerpt":"Der 8. M\u00e4rz ist Frauentag. Zumindest f\u00fcr Berlin und Mecklenburg-Vorpommern ist er gesetzlicher Feiertag. Und der Rest? Welche Argumente f\u00fcr einen Frauentag ziehen in den beiden Bundesl\u00e4ndern, die f\u00fcr die anderen wie Hessen offenbar nicht relevant sind? Mit dem internationale Frauentag wird im M\u00e4rz j\u00e4hrlich auf die Diskriminierung und Unterdr\u00fcckung\u2026","rel":"","context":"In &quot;Kultur&quot;","img":{"alt_text":"","src":"","width":0,"height":0},"classes":[]},{"id":11965,"url":"http:\/\/marburg.news\/?p=11965","url_meta":{"origin":19698,"position":3},"title":"Einfallsreiche Marburgerinnen: Vielf\u00e4ltiges Programm zum Frauentag","date":"17. Februar 2023","format":false,"excerpt":"Ein buntes Programm zum Internationalen Frauentag hat die Stadt Marburg am Freitag (17. Februar) angek\u00fcndigt. Es reicht vom \"Red Lunch\" bis zum Vortrag \u00fcber die Altersvorsorge. Zum Internationalen Frauentag startet am Mittwoch (1. M\u00e4rz) ein vielf\u00e4ltiges Programm. Die Stadt Marburg, der Landkreis Marburg-Biedenkopf sowie Akteur*innen verschiedener Institutionen und engagierte Einzelpersonen\u2026","rel":"","context":"In &quot;Bildung&quot;","img":{"alt_text":"","src":"","width":0,"height":0},"classes":[]},{"id":8851,"url":"http:\/\/marburg.news\/?p=8851","url_meta":{"origin":19698,"position":4},"title":"Motto am Frauentag: Stadt beflaggt das Rathaus","date":"28. Februar 2022","format":false,"excerpt":"Die Stadt beflaggt das Rathaus zum Internationalen Frauentag am 8. M\u00e4rz. Das hat sie am Montag (28. Februar) angek\u00fcndigt. Zum \"Internationalen Frauentag\" am Dienstag (8. M\u00e4rz) beflaggt die Universit\u00e4tsstadt Marburg das Rathaus. Der Tag wurde im Kampf f\u00fcr Frauenrechte und Gleichberechtigung in Deutschland 1911 zum ersten Mal gefeiert. Jedes Jahr\u2026","rel":"","context":"In &quot;Politik&quot;","img":{"alt_text":"","src":"","width":0,"height":0},"classes":[]},{"id":14966,"url":"http:\/\/marburg.news\/?p=14966","url_meta":{"origin":19698,"position":5},"title":"Feminismus feiern: Vielf\u00e4ltiges Programm zum Weltfrauentag","date":"16. Februar 2024","format":false,"excerpt":"Am 8. M\u00e4rz ist Weltfrauentag. Dazu sind im Landkreis Marburg-Biedenkopf viele Veranstaltungen geplant. \"Der Weltfrauentag wird auch in diesem Jahr zum Anlass genommen, weltweit die Errungenschaften und St\u00e4rken von Frauen zu feiern, aber auch Herausforderungen zu benennen\u201c, erl\u00e4uterte Janet Miller. Sie leitet das Kommunalen Frauen- und Gleichstellungsb\u00fcros des Landkreises. \u201eDie\u2026","rel":"","context":"In &quot;Bildung&quot;","img":{"alt_text":"","src":"","width":0,"height":0},"classes":[]}],"_links":{"self":[{"href":"http:\/\/marburg.news\/index.php?rest_route=\/wp\/v2\/posts\/19698"}],"collection":[{"href":"http:\/\/marburg.news\/index.php?rest_route=\/wp\/v2\/posts"}],"about":[{"href":"http:\/\/marburg.news\/index.php?rest_route=\/wp\/v2\/types\/post"}],"author":[{"embeddable":true,"href":"http:\/\/marburg.news\/index.php?rest_route=\/wp\/v2\/users\/2"}],"replies":[{"embeddable":true,"href":"http:\/\/marburg.news\/index.php?rest_route=%2Fwp%2Fv2%2Fcomments&post=19698"}],"version-history":[{"count":0,"href":"http:\/\/marburg.news\/index.php?rest_route=\/wp\/v2\/posts\/19698\/revisions"}],"wp:attachment":[{"href":"http:\/\/marburg.news\/index.php?rest_route=%2Fwp%2Fv2%2Fmedia&parent=19698"}],"wp:term":[{"taxonomy":"category","embeddable":true,"href":"http:\/\/marburg.news\/index.php?rest_route=%2Fwp%2Fv2%2Fcategories&post=19698"},{"taxonomy":"post_tag","embeddable":true,"href":"http:\/\/marburg.news\/index.php?rest_route=%2Fwp%2Fv2%2Ftags&post=19698"}],"curies":[{"name":"wp","href":"https:\/\/api.w.org\/{rel}","templated":true}]}}