{"id":19697,"date":"2026-03-12T17:45:00","date_gmt":"2026-03-12T16:45:00","guid":{"rendered":"http:\/\/marburg.news\/?p=19697"},"modified":"2026-03-12T17:45:00","modified_gmt":"2026-03-12T16:45:00","slug":"aufgeheult-warntag-war-diesmal-deutlich-zu-hoeren","status":"publish","type":"post","link":"http:\/\/marburg.news\/?p=19697","title":{"rendered":"Aufgeheult: Warntag war diesmal deutlich zu h\u00f6ren"},"content":{"rendered":"<p>Die Linie 1 fuhr kurz vor 10 Uhr am Philippshaus los. Der Gelenkbus war gut besetzt. <!--more--><br \/>\nAn der Haltestelle &#8222;Gutenbergstra\u00dfe&#8220; vor dem Kaufhaus Ahrens stiegen weitere Fahrg\u00e4ste zu. Einige mussten stehen. Als der Stadtbus den Rudolphsplatz erreichte, brach pl\u00f6tzlich ein h\u00f6llischer L\u00e4rm los.<br \/>\n\u00dcberall im Bus schrillte es laut auf. Im ersten Moment waren viele Fahrg\u00e4ste verunsichert; doch dann lasen sie auf den Displays ihrer Handys das Wort &#8222;Alarm . Der Donnerstag (12. M\u00e4rz) war landesweiter Warntag in Hessen. Um 10.01 Uhr wurde der Probealarm \u00fcberall im Land ausgel\u00f6st.<br \/>\nFast 50 Handys schrillten minutenlang laut los. Von Weidenhausen her war auch eine Sirene zu h\u00f6ren. Die Fahrg\u00e4ste im Stadtbus kamen miteinander ins Gespr\u00e4ch \u00fcber Krieg und Frieden sowie die Hoffnung darauf, dass dieser Probealarm niemals einen Ernstfall zur Folge haben m\u00f6ge.<br \/>\nUm 10.30 Uhr gab es dann &#8222;Entwarnung&#8220;. Irgendwo schrillte wieder das blecherne Ger\u00e4usch des Handy-Tons. Von der Feurwache an der Wilhelm-Roser-Stra\u00dfe her war eine heulende Sirene zu h\u00f6ren.<br \/>\nDas war der erste &#8222;Warntag&#8220;, den ich mitbekommen habe. Mein &#8222;Senioren-Handy&#8220; wird von der Warnung \u00fcber &#8222;Cell-Broadcast&#8220; n\u00e4mlich nicht erreicht. Die Sirene an der Wilhelm-Roser-Stra\u00dfe war am Donnerstag (12. M\u00e4rz) erstmals zu h\u00f6ren. Nachdem mich die Warnung nun nicht mehr in Frieden l\u00e4sst, darf nun der &#8211; nur durch Probealarme gest\u00f6rte &#8211; Frieden f\u00fcr alle kommen!<\/p>\n<p>* <a href=\"http:\/\/marburg.news\/team\/fjh\">Franz-Josef Hanke<\/a><\/p>\n","protected":false},"excerpt":{"rendered":"<p>Die Linie 1 fuhr kurz vor 10 Uhr am Philippshaus los. Der Gelenkbus war gut besetzt.<\/p>\n","protected":false},"author":2,"featured_media":0,"comment_status":"closed","ping_status":"open","sticky":false,"template":"","format":"standard","meta":{"advanced_seo_description":"","spay_email":"","jetpack_publicize_message":"","jetpack_is_tweetstorm":false,"jetpack_publicize_feature_enabled":true},"categories":[2,4],"tags":[4609,7084,4610],"jetpack_featured_media_url":"","jetpack_publicize_connections":[],"jetpack_sharing_enabled":true,"jetpack_shortlink":"https:\/\/wp.me\/p8mhvd-57H","jetpack-related-posts":[{"id":17610,"url":"http:\/\/marburg.news\/?p=17610","url_meta":{"origin":19697,"position":0},"title":"Einmal im Jahr: Landesweiter Warntag am 13. M\u00e4rz","date":"4. M\u00e4rz 2025","format":false,"excerpt":"Ein landesweiter Warntag findet am Donnerstag (13. M\u00e4rz) statt. Das hat die Stadt Marburg am Dienstag (4. M\u00e4rz) angek\u00fcndigt. Die Sirenen in den Ortsteilen und die Warn-Funktionen und Warn-Apps auf Mobiltelefonen werden am Donnerstag (13. M\u00e4rz) landesweit ausgel\u00f6st. Der hessenweite Probealarm startet um 10:15 Uhr. Ziel ist dabei, die technische\u2026","rel":"","context":"In &quot;Soziales&quot;","img":{"alt_text":"","src":"","width":0,"height":0},"classes":[]},{"id":19663,"url":"http:\/\/marburg.news\/?p=19663","url_meta":{"origin":19697,"position":1},"title":"Landesweit: Sirenen heulen in Hessen am 12. M\u00e4rz","date":"6. M\u00e4rz 2026","format":false,"excerpt":"Ein hessenweiter Warntag ist f\u00fcr Donnerstag (12. M\u00e4rz) geplant. Das hat die Stadt Marburg am Freitag (6. M\u00e4rz) mitgeteilt. Die Sirenen im gesamten Stadtgebiet sowie die Warn-Funktionen und Warn-Apps auf Mobiltelefonen werden am Donnerstag (12. M\u00e4rz) landesweit ausgel\u00f6st. Der hessenweite Probealarm startet um 10:01 Uhr. Sein Ziel ist, die technische\u2026","rel":"","context":"In &quot;Politik&quot;","img":{"alt_text":"","src":"","width":0,"height":0},"classes":[]},{"id":18656,"url":"http:\/\/marburg.news\/?p=18656","url_meta":{"origin":19697,"position":2},"title":"Zur Warnung: Bundesweiter Probealarm am 11. September","date":"5. September 2025","format":false,"excerpt":"Ein bundesweiter Warntag ist f\u00fcr Donnerstag (11. September) geplant. Dabei werden M\u00f6glichkeiten zur Warnung der Bev\u00f6lkerung erprobt. Der mittlerweile f\u00fcnfte bundesweite Warntag findet am Donnerstag (11. September) statt. Bei diesem Aktionstag von Bund, L\u00e4ndern und Kommunen werden die unterschiedlichen Mittel zur Warnung der Bev\u00f6lkerung erprobt. Ab 11 Uhr kommt es\u2026","rel":"","context":"In &quot;Politik&quot;","img":{"alt_text":"","src":"","width":0,"height":0},"classes":[]},{"id":16305,"url":"http:\/\/marburg.news\/?p=16305","url_meta":{"origin":19697,"position":3},"title":"Katastrophenalarm aus Kassel: Vierter bundesweiter Warntag am 12. September","date":"11. September 2024","format":false,"excerpt":"Der bundesweite Warntag am Donnerstag (12. September) ist eine Probe f\u00fcr den Ernstfall. Dabei werden M\u00f6glichkeiten zur Warnung der Bev\u00f6lkerung getestet. Der vierte bundesweite Warntag findet am Donnerstag (12. September) statt. Bei diesem Aktionstag von Bund, L\u00e4ndern und Kommunen werden die unterschiedlichen Mittel zur Warnung der Bev\u00f6lkerung erprobt. Ab 11\u2026","rel":"","context":"In &quot;Politik&quot;","img":{"alt_text":"","src":"","width":0,"height":0},"classes":[]},{"id":17643,"url":"http:\/\/marburg.news\/?p=17643","url_meta":{"origin":19697,"position":4},"title":"Herh\u00f6ren: Warnfahrzeuge und Drone in Marburg unterwegs","date":"11. M\u00e4rz 2025","format":false,"excerpt":"Warnfahrzeuge und Drohnen sind am landesweiten Warntag in Marburg unterwegs. Er findet am Donnerstag (13. M\u00e4rz) statt. Die Sirenen in den Ortsteilen und die Warn-Funktionen und Warn-Apps auf Mobiltelefonen werden am Donnerstag (13. M\u00e4rz) landesweit ausgel\u00f6st. Um 10.15 Uhr startet ein hessenweiter Probealarm und erklingt f\u00fcr jeweils eine Minute. In\u2026","rel":"","context":"In &quot;Soziales&quot;","img":{"alt_text":"","src":"","width":0,"height":0},"classes":[]},{"id":13788,"url":"http:\/\/marburg.news\/?p=13788","url_meta":{"origin":19697,"position":5},"title":"Feuerprobe: Bundesweiter Warntag am 14. September","date":"8. September 2023","format":false,"excerpt":"Ein bundesweiter Warntag findet am Donnerstag (14. September) statt. Dabei werden M\u00f6glichkeiten zur Warnung der Bev\u00f6lkerung erprobt. Der dritte bundesweite Warntag findet am 14. September 2023 statt. Bei diesem Aktionstag von Bund, L\u00e4ndern und Kommunen werden die unterschiedlichen Mittel zur Warnung der Bev\u00f6lkerung erprobt. Ab 11 Uhr erfolgt an diesem\u2026","rel":"","context":"In &quot;Politik&quot;","img":{"alt_text":"","src":"","width":0,"height":0},"classes":[]}],"_links":{"self":[{"href":"http:\/\/marburg.news\/index.php?rest_route=\/wp\/v2\/posts\/19697"}],"collection":[{"href":"http:\/\/marburg.news\/index.php?rest_route=\/wp\/v2\/posts"}],"about":[{"href":"http:\/\/marburg.news\/index.php?rest_route=\/wp\/v2\/types\/post"}],"author":[{"embeddable":true,"href":"http:\/\/marburg.news\/index.php?rest_route=\/wp\/v2\/users\/2"}],"replies":[{"embeddable":true,"href":"http:\/\/marburg.news\/index.php?rest_route=%2Fwp%2Fv2%2Fcomments&post=19697"}],"version-history":[{"count":0,"href":"http:\/\/marburg.news\/index.php?rest_route=\/wp\/v2\/posts\/19697\/revisions"}],"wp:attachment":[{"href":"http:\/\/marburg.news\/index.php?rest_route=%2Fwp%2Fv2%2Fmedia&parent=19697"}],"wp:term":[{"taxonomy":"category","embeddable":true,"href":"http:\/\/marburg.news\/index.php?rest_route=%2Fwp%2Fv2%2Fcategories&post=19697"},{"taxonomy":"post_tag","embeddable":true,"href":"http:\/\/marburg.news\/index.php?rest_route=%2Fwp%2Fv2%2Ftags&post=19697"}],"curies":[{"name":"wp","href":"https:\/\/api.w.org\/{rel}","templated":true}]}}