{"id":19693,"date":"2026-03-12T14:57:39","date_gmt":"2026-03-12T13:57:39","guid":{"rendered":"http:\/\/marburg.news\/?p=19693"},"modified":"2026-03-12T14:57:39","modified_gmt":"2026-03-12T13:57:39","slug":"aufgefordert-rp-ruft-zu-stimmabgabe-bei-kommunalwahl-auf","status":"publish","type":"post","link":"http:\/\/marburg.news\/?p=19693","title":{"rendered":"Aufgefordert: RP ruft zu Stimmabgabe bei Kommunalwahl auf"},"content":{"rendered":"<p>Regierungspr\u00e4sident Dr. Christoph Ullrich appelliert, am Sonntag (15. M\u00e4rz) an der Kommunalwahl teilzunehmen. &#8222;Auch Ihre Stimme entscheidet \u00fcber die Zukunft Ihrer Heimat.&#8220; <!--more--><br \/>\nIn wenigen Tagen ist <a href=\"http:\/\/wahl.marburgviews.de\/2026\">Kommunalwahl in Hessen<\/a>. Rund 4,7 Millionen Menschen sind am Sonntag (15. M\u00e4rz) aufgerufen, ihre Stimme abzugeben. &#8222;Viele B\u00fcrgerinnen und B\u00fcrger haben das bereits per Briefwahl oder direkt in Rath\u00e4usern getan&#8220;, sagte der Gie\u00dfener Regierungspr\u00e4sident Dr. Christoph Ullrich.<br \/>\nZugleich rief er dazu auf, die M\u00f6glichkeit der Stimmabgabe zu nutzen, egal ob per Briefwahl, zuvor oder am Wahltag selbst. &#8222;Schlie\u00dflich entscheidet auch Ihre Stimme \u00fcber die Zukunft Ihrer Heimat&#8220;, richtete sich der Regierungspr\u00e4sident an die mehr als 800.000 Wahlberechtigten in den f\u00fcnf Landkreisen des Regierungsbezirks, von ihrem Grundrecht Gebrauch zu machen. Am Sonntag geht es darum, wer in Gemeindevertretungen beziehungsweise Stadtverordnetenversammlungen, Kreistagen und, falls vorhanden, Orts- und Ausl\u00e4nderbeir\u00e4ten sitzt. &#8222;Diese Menschen f\u00e4llen Entscheidungen, die das t\u00e4gliche Leben betreffen.&#8220;<br \/>\nBriefwahlunterlagen k\u00f6nnen bis Freitag (13. M\u00e4rz) um 13 Uhr bei der jeweiligen Stadt oder Gemeinde beantragt werden. In Ausnahmef\u00e4llen bekommen Wahlberechtigte ihre Unterlagen auch noch bis 15 Uhr am Wahlsonntag. Wer lieber direkt in der Kabine im Wahllokal seine Kreuzchen machen m\u00f6chte, kann das am 15. M\u00e4rz von 8 bis 18 Uhr tun.<br \/>\nDanach beginnt das Ausz\u00e4hlen. Auch wichtig zu wissen: Die Wahlbriefe k\u00f6nnen am Sonntag ausschlie\u00dflich im Rathaus abgegeben werden.<\/p>\n<p>* pm: Regierungspr\u00e4sidium Gie\u00dfen<\/p>\n","protected":false},"excerpt":{"rendered":"<p>Regierungspr\u00e4sident Dr. Christoph Ullrich appelliert, am Sonntag (15. M\u00e4rz) an der Kommunalwahl teilzunehmen. &#8222;Auch Ihre Stimme entscheidet \u00fcber die Zukunft Ihrer Heimat.&#8220;<\/p>\n","protected":false},"author":2,"featured_media":0,"comment_status":"closed","ping_status":"open","sticky":false,"template":"","format":"standard","meta":{"advanced_seo_description":"","spay_email":"","jetpack_publicize_message":"","jetpack_is_tweetstorm":false,"jetpack_publicize_feature_enabled":true},"categories":[2],"tags":[2137,7407,1623],"jetpack_featured_media_url":"","jetpack_publicize_connections":[],"jetpack_sharing_enabled":true,"jetpack_shortlink":"https:\/\/wp.me\/p8mhvd-57D","jetpack-related-posts":[{"id":19419,"url":"http:\/\/marburg.news\/?p=19419","url_meta":{"origin":19693,"position":0},"title":"Angehalten: RP ruft zur Teilnahme an Kommunalwahl auf","date":"30. Januar 2026","format":false,"excerpt":"Regierungspr\u00e4sident Dr. Christoph Ullrich ruft zur Teilnahme bei der Kommunalwahl am 15. M\u00e4rz 2026 auf. Dabbei wies er auf die M\u00f6glichkeit der Briefwahl hin. Am Sonntag (15. M\u00e4rz) ist Kommunalwahl in Hessen. Rund 4,7 Millionen Menschen sind aufgerufen, ihre Stimme abzugeben. die M\u00f6glichkeit der Briefwahl sorgt daf\u00fcr, dass auch diejenigen\u2026","rel":"","context":"In &quot;Politik&quot;","img":{"alt_text":"","src":"","width":0,"height":0},"classes":[]},{"id":13921,"url":"http:\/\/marburg.news\/?p=13921","url_meta":{"origin":19693,"position":1},"title":"Gew\u00e4hlte Gef\u00e4hrdung: RP ruft zur Stimmabgabe auf","date":"2. Oktober 2023","format":false,"excerpt":"\"Jede Stimme ist eine Stimme f\u00fcr die Demokratie.\" Mit diesen Worten hat Regierungspr\u00e4sident Dr. Christoph Ullrich appelliert, am Sonntag (8. Oktober) zur Wahl zu gehen. Am Sonntag (8. Oktober) ist Landtagswahl in Hessen. \"Wer noch nicht per Brief gew\u00e4hlt hat, bitte ich: Gehen Sie w\u00e4hlen\", appellierte Regierungspr\u00e4sident Dr. Christoph Ullrich.\u2026","rel":"","context":"In &quot;Politik&quot;","img":{"alt_text":"","src":"","width":0,"height":0},"classes":[]},{"id":15659,"url":"http:\/\/marburg.news\/?p=15659","url_meta":{"origin":19693,"position":2},"title":"Wichtige Wahl: Regierungspr\u00e4sident ruft zur Teilnahme auf","date":"27. Mai 2024","format":false,"excerpt":"Bereits jetzt k\u00f6nnen Stimmberechtigte per Brief f\u00fcr Europa w\u00e4hlen. Auf die M\u00f6glichkeit der Briefwahl hat Regierungspr\u00e4sident Dr. Christoph Ullrich am Montag (27. Mai) hingewiesen. Wenn es warm wird, scheint fast jeder unterwegs zu sein. Damit dabei aber die Europawahl am Sonntag (9. Juni) nicht bei der Wochenendplanung durchrutscht, erinnert Regierungspr\u00e4sident\u2026","rel":"","context":"In &quot;Politik&quot;","img":{"alt_text":"","src":"","width":0,"height":0},"classes":[]},{"id":17547,"url":"http:\/\/marburg.news\/?p=17547","url_meta":{"origin":19693,"position":3},"title":"Ins Wahllokal gehen: RP ruft erneut zur Stimmabgabe auf","date":"20. Februar 2025","format":false,"excerpt":"Regierungspr\u00e4sident Dr. Christoph Ullrich appelliert, am Sonntag (23. Februar) w\u00e4hlen zu gehen. \"Demokratie lebt vom Mitmachen.\" Wie geht es in Deutschland weiter? Das ist eine der Fragen, \u00fcber die derzeit viel gesprochen, diskutiert und gestritten wird. Am Sonntag (23. Februar) ist der Tag der Entscheidung. Die Wahllokale zur Bundestagswahl 2025\u2026","rel":"","context":"In &quot;Politik&quot;","img":{"alt_text":"","src":"","width":0,"height":0},"classes":[]},{"id":15727,"url":"http:\/\/marburg.news\/?p=15727","url_meta":{"origin":19693,"position":4},"title":"Miteinander Masse machen: Nur in Europa mit wahrnehmbarer Stimme","date":"5. Juni 2024","format":false,"excerpt":"Regierungspr\u00e4sident Dr. Christoph Ullrich ruft zur Stimmabgabe bei der Europawahl auf. Nur im europ\u00e4ischen Konzert habe Deutschland eine wahrnehmbare Stimme. Am Sonntag (9. Juni) wird ein neues Europaparlament gew\u00e4hlt. \"Gehen Sie w\u00e4hlen und stimmen Sie damit f\u00fcr ein gemeinsames Europa\", rief Regierungspr\u00e4sident Dr. Christoph Ullrich am Mittwoch (5. Juni) die\u2026","rel":"","context":"In &quot;Politik&quot;","img":{"alt_text":"","src":"","width":0,"height":0},"classes":[]},{"id":6417,"url":"http:\/\/marburg.news\/?p=6417","url_meta":{"origin":19693,"position":5},"title":"Fast eine Pr\u00e4vention: Briefwahl zu OB- und Kommunalwahlen am 14. M\u00e4rz","date":"28. Januar 2021","format":false,"excerpt":"Kommunalwahlen finden am Sonntag (14. M\u00e4rz) in allen hessischen Gemeinden, St\u00e4dten und Kreisen statt. Zus\u00e4tzlich w\u00e4hlt Marburg einen Oberb\u00fcrgermeister oder eine neue Oberb\u00fcrgermeisterin. Wahlberechtigte k\u00f6nnen die Briefwahlunterlagen ab Montag (1. Februar) im Wahlamt direkt abholen. Dort k\u00f6nnen sie auch gleich w\u00e4hlen. Knapp 59.000 Marburgerinnen und Maarburger sind aufgerufen, \u00fcber die\u2026","rel":"","context":"In &quot;Politik&quot;","img":{"alt_text":"","src":"","width":0,"height":0},"classes":[]}],"_links":{"self":[{"href":"http:\/\/marburg.news\/index.php?rest_route=\/wp\/v2\/posts\/19693"}],"collection":[{"href":"http:\/\/marburg.news\/index.php?rest_route=\/wp\/v2\/posts"}],"about":[{"href":"http:\/\/marburg.news\/index.php?rest_route=\/wp\/v2\/types\/post"}],"author":[{"embeddable":true,"href":"http:\/\/marburg.news\/index.php?rest_route=\/wp\/v2\/users\/2"}],"replies":[{"embeddable":true,"href":"http:\/\/marburg.news\/index.php?rest_route=%2Fwp%2Fv2%2Fcomments&post=19693"}],"version-history":[{"count":0,"href":"http:\/\/marburg.news\/index.php?rest_route=\/wp\/v2\/posts\/19693\/revisions"}],"wp:attachment":[{"href":"http:\/\/marburg.news\/index.php?rest_route=%2Fwp%2Fv2%2Fmedia&parent=19693"}],"wp:term":[{"taxonomy":"category","embeddable":true,"href":"http:\/\/marburg.news\/index.php?rest_route=%2Fwp%2Fv2%2Fcategories&post=19693"},{"taxonomy":"post_tag","embeddable":true,"href":"http:\/\/marburg.news\/index.php?rest_route=%2Fwp%2Fv2%2Ftags&post=19693"}],"curies":[{"name":"wp","href":"https:\/\/api.w.org\/{rel}","templated":true}]}}