{"id":19689,"date":"2026-03-11T13:34:35","date_gmt":"2026-03-11T12:34:35","guid":{"rendered":"http:\/\/marburg.news\/?p=19689"},"modified":"2026-03-11T13:34:35","modified_gmt":"2026-03-11T12:34:35","slug":"demokratie-gestalten-kreis-startet-buergerrat-zum-ehrenamt","status":"publish","type":"post","link":"http:\/\/marburg.news\/?p=19689","title":{"rendered":"Demokratie gestalten: Kreis startet B\u00fcrgerrat zum Ehrenamt"},"content":{"rendered":"<p>Der Landkreis startet den ersten B\u00fcrgerrat als starkes Zeichen f\u00fcr Demokratie und Zusammenhalt. Mit dem &#8222;Ehrenamtsforum &#8211; Engagiert im Dialog&#8220; \u00fcbernimmt er eine bundesweite Vorreiterrolle. <!--more--><br \/>\nIn einer Zeit, in der gesellschaftliche Debatten zunehmend polarisieren und das Vertrauen in politische Prozesse unter Druck steht, setzt der Landkreis Marburg-Biedenkopf ein bewusstes Zeichen f\u00fcr mehr demokratische Mitgestaltung: Mit dem &#8222;Ehrenamtsforum &#8211; Engagiert im Dialog&#8220; startet erstmals ein B\u00fcrgerrat auf Kreisebene. Marburg-Biedenkopf ist damit der erste Landkreis in Deutschland, der das Format eines B\u00fcrgerrats als Instrument der Beteiligung nutzt.<br \/>\nZuf\u00e4llig ausgew\u00e4hlte B\u00fcrgerinnen und B\u00fcrger erarbeiten konkrete Empfehlungen zur Frage, wie ehrenamtliches Engagement gest\u00e4rkt und die generations\u00fcbergreifende Zusammenarbeit im Ehrenamt zukunftsf\u00e4hig gestaltet werden kann. Der B\u00fcrgerrat ber\u00e4t den Landrat direkt &#8211; verbindlich, transparent und \u00f6ffentlich nachvollziehbar.<br \/>\n&#8222;Ehrenamt ist das Fundament des gesellschaftlichen Zusammenhalts im Landkreis &#8211; in Vereinen, Initiativen, im Sport, in der Kultur, in Nachbarschaften und im sozialen Bereich&#8220;, erl\u00e4uterte Landrat Jens Womelsdorf.. &#8222;Gleichzeitig stehen aber viele Organisationen vor gro\u00dfen Herausforderungen: Nachwuchs fehlt, Engagement muss sich an ver\u00e4nderte Lebensrealit\u00e4ten anpassen, gesellschaftliche Vielfalt verlangt neue Formen der Zusammenarbeit.&#8220;<br \/>\nGenau hier setze das Ehrenamtsforum an: Sein Ziel sei, unterschiedliche Perspektiven zusammenzubringen und gemeinsam tragf\u00e4hige L\u00f6sungsans\u00e4tze zu entwickeln. &#8222;Der B\u00fcrgerrat ist dabei mehr als ein symbolisches Beteiligungsangebot&#8220;, unterstrich Womelsdorf.<br \/>\n&#8222;Demokratie lebt vom Mitmachen&#8220;, bekr\u00e4ftigte der Landrat. Gerade in herausfordernden Zeiten sei es entscheidend, Menschen aktiv einzubeziehen und ihre Perspektiven ernst zu nehmen. &#8222;Das Ehrenamtsforum ist ein klares Bekenntnis zu einer offenen, dialogorientierten Politik. Ich werde mich pers\u00f6nlich mit den Ergebnissen befassen und allen Teilnehmenden eine R\u00fcckmeldung geben. Dar\u00fcber hinaus werden die Ergebnisse des Ehrenamtsforums auch Kreistag und Kreisausschuss vorgestellt. Im Zuge der politischen Beratungen wird dann zu beraten sein, ob und wie die Empfehlungen des Ehrenamtsforums in konkretem Verwaltungshandeln umgesetzt werden k\u00f6nnen.&#8220;<br \/>\nDie Teilnehmenden werden per Zufallsverfahren ausgew\u00e4hlt, angeschrieben und zur Mitarbeit eingeladen, um ein m\u00f6glichst vielf\u00e4ltiges Abbild der Bev\u00f6lkerung zu erreichen. Fachwissen ist nicht erforderlich &#8211; gefragt sind Alltagserfahrungen, unterschiedliche Lebensrealit\u00e4ten und neue Ideen. Besonders angesprochen werden junge Menschen zwischen 16 und 30 Jahren sowie B\u00fcrgerinnen und B\u00fcrger mit Migrationsgeschichte, deren Perspektiven in gesellschaftlichen Prozessen bislang oft unterrepr\u00e4sentiert sind.<br \/>\nMit seinem &#8222;Ehrenamtsforum&#8220; st\u00e4rkt der Landkreis Marburg-Biedenkopf nicht nur das freiwillige Engagement, sondern auch die demokratische Kultur vor Ort. Das neue Format steht f\u00fcr eine Politik, die zuh\u00f6rt, Verantwortung teilt und gesellschaftlichen Zusammenhalt aktiv gestaltet als gemeinsame Aufgabe von Verwaltung, Politik und B\u00fcrgerschaft.<br \/>\n&#8222;Wir wollen B\u00fcrgerbeteiligung nicht nur ank\u00fcndigen, sondern verbindlich gestalten&#8220;, betonte der Landrat. &#8222;Das Ehrenamtsforum ist ein klares Signal: Die Erfahrungen und Ideen der Menschen im Landkreis flie\u00dfen in politische Entscheidungsprozesse ein, denn die Menschen sind die Expertinnen und Experten f\u00fcr die Herausforderungen in ihrer Lebenswelt.&#8220; Weitere Informationen zum Thema B\u00fcrgerrat und Ehrenamtsforum online gibt es unter <a href=\"http:\/\/www.mein-marburg-biedenkopf.de\">www.mein-marburg-biedenkopf.de<\/a>.<\/p>\n<p>* pm: Landkreis Marburg-Biedenkopf<\/p>\n","protected":false},"excerpt":{"rendered":"<p>Der Landkreis startet den ersten B\u00fcrgerrat als starkes Zeichen f\u00fcr Demokratie und Zusammenhalt. Mit dem &#8222;Ehrenamtsforum &#8211; Engagiert im Dialog&#8220; \u00fcbernimmt er eine bundesweite Vorreiterrolle.<\/p>\n","protected":false},"author":2,"featured_media":0,"comment_status":"closed","ping_status":"open","sticky":false,"template":"","format":"standard","meta":{"advanced_seo_description":"","spay_email":"","jetpack_publicize_message":"","jetpack_is_tweetstorm":false,"jetpack_publicize_feature_enabled":true},"categories":[2,4],"tags":[6859,622,89],"jetpack_featured_media_url":"","jetpack_publicize_connections":[],"jetpack_sharing_enabled":true,"jetpack_shortlink":"https:\/\/wp.me\/p8mhvd-57z","jetpack-related-posts":[{"id":19750,"url":"http:\/\/marburg.news\/?p=19750","url_meta":{"origin":19689,"position":0},"title":"Aktuelle Aufforderung: Kreis informiert \u00fcber seinen ersten B\u00fcrgerrat","date":"20. M\u00e4rz 2026","format":false,"excerpt":"Eine digitale Info-Veranstaltung \u00fcber den ersten B\u00fcrgerrat des Kreises findet am Mittwoch (25. M\u00e4rz) statt. Bei ihm handelt es sich um ein neues Format f\u00fcr mehr Engagement und Mitgestaltung. Der Landkreis Marburg-Biedenkopf geht mit einem neuen Format f\u00fcr mehr Teilhabe an den Start: Mit dem \"Ehrenamtsforum - Engagiert im Dialog\"\u2026","rel":"","context":"In &quot;Politik&quot;","img":{"alt_text":"","src":"","width":0,"height":0},"classes":[]},{"id":18014,"url":"http:\/\/marburg.news\/?p=18014","url_meta":{"origin":19689,"position":1},"title":"Demokratie erneuern: Netzwerkrat als Vorbote f\u00fcr B\u00fcrgerr\u00e4te","date":"17. Mai 2025","format":false,"excerpt":"Einen \"Netzwerkrat\" hat das Marburger Netzwerk f\u00fcr Demokratie und gegen Rassismus gegr\u00fcndet. Ihm geh\u00f6ren zw\u00f6lf Pers\u00f6nlichkeiten der Stadtgesellschaft an. Der neue Netzwerkrat soll in die Gesellschaft hineinwirken. Noch besser k\u00f6nnte er das, wenn auch eine behinderte Person darin vertreten w\u00e4re. Doch die benannten Vertreterinnen und Vertreter werden die Belange auch\u2026","rel":"","context":"In &quot;Politik&quot;","img":{"alt_text":"","src":"","width":0,"height":0},"classes":[]},{"id":15408,"url":"http:\/\/marburg.news\/?p=15408","url_meta":{"origin":19689,"position":2},"title":"F\u00fcr Beteiligung: Kreis erzielt \u00fcberdurchschnittliche Ergebnisse","date":"16. April 2024","format":false,"excerpt":"Eine \u00fcberdurchschnittliche Qualit\u00e4t bei B\u00fcrgerbeteiligung attestiert das Berlin Institut f\u00fcr Partizipation (bipar) dem Kreis. Ausf\u00fchrliche Evaluations-Ergebnisse werden am Montag (22. April) vorgestellt. Die B\u00fcrgerbeteiligung im Landkreis Marburg-Biedenkopf ist von \u00fcberdurchschnittlicher Qualit\u00e4t. Es gibt aber auch noch Potential f\u00fcr Verbesserungen. So lautet das Fazit des Berlin Instituts f\u00fcr Partizipation (bipar), das\u2026","rel":"","context":"In &quot;Politik&quot;","img":{"alt_text":"","src":"","width":0,"height":0},"classes":[]},{"id":15560,"url":"http:\/\/marburg.news\/?p=15560","url_meta":{"origin":19689,"position":3},"title":"250.000 Einwohner: \u00dcberdurchschnittliche Beteiligung im Landkreis","date":"8. Mai 2024","format":false,"excerpt":"Die Ergebnisse seiner Evaluation hat das \"Berlin Institut f\u00fcr Partizipation\" am Montag (22. April) vorgestellt. Demnach ist die B\u00fcrgerbeteiligung im Landkreis von \u00fcberdurchschnittlicher Qualit\u00e4t. Die B\u00fcrgerbeteiligung im Landkreis Marburg-Biedenkopf ist von \"\u00fcberdurchschnittlicher Qualit\u00e4t\". Zu diesem Ergebnis kam das \"Berlin Institut f\u00fcr Partizipation\" (bipar) in einer Evaluierung der Strukturen und Prozesse\u2026","rel":"","context":"In &quot;Politik&quot;","img":{"alt_text":"","src":"","width":0,"height":0},"classes":[]},{"id":17934,"url":"http:\/\/marburg.news\/?p=17934","url_meta":{"origin":19689,"position":4},"title":"Wegen Bewegung: Kreis startet B\u00fcrgerdialog zu Sportkonzept","date":"2. Mai 2025","format":false,"excerpt":"Die B\u00fcrgerbeteiligung im Rahmen der Sportentwicklungsplanung des Landkreises Marburg-Biedenkopf geht in die n\u00e4chste Runde. Dazu startet ein Online-Dialog. Die Rahmenbedingungen f\u00fcr den Sport im Landkreis Marburg-Biedenkopf langfristig zu sichern und bedarfsgerecht weiterzuentwickeln, ist das Ziel der aktuellen Sportentwicklungsplanung des Landkreises Marburg-Biedenkopf. Diese Planung ist ein langfristiger Prozess, an deren Ende\u2026","rel":"","context":"In &quot;Politik&quot;","img":{"alt_text":"","src":"","width":0,"height":0},"classes":[]},{"id":10043,"url":"http:\/\/marburg.news\/?p=10043","url_meta":{"origin":19689,"position":5},"title":"Landrat an Landkreis: Womelsdorf ins Amt eingef\u00fchrt","date":"1. Juli 2022","format":false,"excerpt":"Jens Womelsdorf ist jetzt Landrat. Klimaschutz nannte er als zentrales Thema der Zukunft im Kreis. In der Kreistagssitzung am Freitag (1. Juli) ist Jens Womelsdorf als neuer Landrat des Landkreises Marburg-Biedenkopf offiziell in sein Amt eingef\u00fchrt worden. Nach der \u00dcbergabe der Ernennungsurkunde durch den Ersten Kreisbeigeordneten Marian Zachow legte Womelsdorf\u2026","rel":"","context":"In &quot;Politik&quot;","img":{"alt_text":"Jens Womelsdorf","src":"https:\/\/i0.wp.com\/marburg.news\/wp-content\/uploads\/2022\/05\/20220505_134513.jpg?fit=1200%2C1200&resize=350%2C200","width":350,"height":200},"classes":[]}],"_links":{"self":[{"href":"http:\/\/marburg.news\/index.php?rest_route=\/wp\/v2\/posts\/19689"}],"collection":[{"href":"http:\/\/marburg.news\/index.php?rest_route=\/wp\/v2\/posts"}],"about":[{"href":"http:\/\/marburg.news\/index.php?rest_route=\/wp\/v2\/types\/post"}],"author":[{"embeddable":true,"href":"http:\/\/marburg.news\/index.php?rest_route=\/wp\/v2\/users\/2"}],"replies":[{"embeddable":true,"href":"http:\/\/marburg.news\/index.php?rest_route=%2Fwp%2Fv2%2Fcomments&post=19689"}],"version-history":[{"count":0,"href":"http:\/\/marburg.news\/index.php?rest_route=\/wp\/v2\/posts\/19689\/revisions"}],"wp:attachment":[{"href":"http:\/\/marburg.news\/index.php?rest_route=%2Fwp%2Fv2%2Fmedia&parent=19689"}],"wp:term":[{"taxonomy":"category","embeddable":true,"href":"http:\/\/marburg.news\/index.php?rest_route=%2Fwp%2Fv2%2Fcategories&post=19689"},{"taxonomy":"post_tag","embeddable":true,"href":"http:\/\/marburg.news\/index.php?rest_route=%2Fwp%2Fv2%2Ftags&post=19689"}],"curies":[{"name":"wp","href":"https:\/\/api.w.org\/{rel}","templated":true}]}}