{"id":19688,"date":"2026-03-11T13:17:32","date_gmt":"2026-03-11T12:17:32","guid":{"rendered":"http:\/\/marburg.news\/?p=19688"},"modified":"2026-03-11T13:17:32","modified_gmt":"2026-03-11T12:17:32","slug":"demenz-vorbeugen-geistig-fit-bleiben-mit-10-massnahmen","status":"publish","type":"post","link":"http:\/\/marburg.news\/?p=19688","title":{"rendered":"Demenz vorbeugen: Geistig fit bleiben mit 10 Ma\u00dfnahmen"},"content":{"rendered":"<p>&#8222;Geistig fit bleiben &#8211; mit 10 Ma\u00dfnahmen Demenz vorbeugen&#8220; lautet der Titel eines Vortrags am Donnerstag (19. M\u00e4rz). Er ist Teil des Rahmenprogramms zur Ausstellung &#8222;Demensch&#8220;. <!--more--><br \/>\nDie Stadt Marburg l\u00e4dt zusammen mit der Alzheimer Gesellschaft Marburg-Biedenkopf zum Vortrag &#8222;Geistig fit bleiben &#8211; mit 10 Ma\u00dfnahmen Demenz vorbeugen&#8220; ein. Die Veranstaltung findet am Donnerstag (19. M\u00e4rz) um 16 Uhr im Beratungszentrum mit integriertem Pflegest\u00fctzpunkt (BiP) Am Gr\u00fcn 16 statt. Der Eintritt ist frei.<br \/>\nDas Risiko f\u00fcr eine demenzielle Erkrankung l\u00e4sst sich verringern. Tipps dazu gibt die Gerontologin Elisabeth Bender. Erarbeitet wurde der Vortrag von der Deutschen Alzheimer Gesellschaft. Grundlage sind aktuelle wissenschaftliche Erkenntnisse zur Pr\u00e4vention von Demenz.<br \/>\nTeilnehmende erhalten zun\u00e4chst einen Einblick in die Funktionsweise des Gehirns. Daran ankn\u00fcpfend werden insgesamt 14 Risikofaktoren f\u00fcr eine Demenz beschrieben. Diese Risikofaktoren lassen sich beeinflussen. Anschlie\u00dfend geht es um Verhaltensweisen, die zum Erhalt der geistigen Fitness beitragen k\u00f6nnen.<br \/>\nDer Vortrag ist Teil des Rahmenprogramms zur Ausstellung &#8222;Demensch&#8220;. Sie ist noch bis Samstag (2. April( im BiP zu sehen. Sie pr\u00e4sentiert Cartoons des Zeichners Peter Gaymann.<br \/>\nSeinie Bilder n\u00e4hern sich dem Alltag von Menschen mit Demenz mit einem Augenzwinkern an und werben f\u00fcr Respekt und Verst\u00e4ndnis. Der Eintritt ist ebenfalls frei. Interessierte k\u00f6nnen die Ausstellung w\u00e4hrend der \u00d6ffnungszeiten des BiP montags, dienstags und mittwochs von 8.30 bis 13 Uhr sowie donnerstags von 14 bis 17 Uhr besuchen.<br \/>\nIm BiP sind auch Informationen \u00fcber Beratungsangebote und Hilfen f\u00fcr Menschen mit Demenz und ihre Angeh\u00f6rigen erh\u00e4ltlich. Zu bekommen sind sie entweder vor Ort oder telefonisch unter 06421\/201-1844 sowie per E-Mail an altenplanung@marburg-stadt.de. Wer Interesse an einem Gespr\u00e4ch mit der Alzheimer Gesellschaft Marburg-Biedenkopf hat, wendet sich an 06421\/690-393 oder per E-Mail an info@alzheimer-mr.de. Weitere Informationen finden sich auf der Homepage der Stadt Marburg unter <a href=\"http:\/\/www.marburg.de\/bip\">www.marburg.de\/bip<\/a>.<\/p>\n<p>* pm: Stadt Marburg<\/p>\n","protected":false},"excerpt":{"rendered":"<p>&#8222;Geistig fit bleiben &#8211; mit 10 Ma\u00dfnahmen Demenz vorbeugen&#8220; lautet der Titel eines Vortrags am Donnerstag (19. M\u00e4rz). Er ist Teil des Rahmenprogramms zur Ausstellung &#8222;Demensch&#8220;.<\/p>\n","protected":false},"author":2,"featured_media":0,"comment_status":"closed","ping_status":"open","sticky":false,"template":"","format":"standard","meta":{"advanced_seo_description":"","spay_email":"","jetpack_publicize_message":"","jetpack_is_tweetstorm":false,"jetpack_publicize_feature_enabled":true},"categories":[4],"tags":[235,794,926],"jetpack_featured_media_url":"","jetpack_publicize_connections":[],"jetpack_sharing_enabled":true,"jetpack_shortlink":"https:\/\/wp.me\/p8mhvd-57y","jetpack-related-posts":[{"id":19408,"url":"http:\/\/marburg.news\/?p=19408","url_meta":{"origin":19688,"position":0},"title":"Aufr\u00fcttelnde Aufstellung: Demensch wirft neuen Blick auf Demenz","date":"28. Januar 2026","format":false,"excerpt":"Einen neuen Blick auf das Thema \"Demenz\" wirft die Ausstellung \"Demensch\". Sie wird am Dienstag (3. Februar)im BiP er\u00f6ffnet. In der Ausstellung \"Demensch\" des Cartoonisten Peter Gaymann geht es um einen humorvollen Blick auf das Thema Demenz. Die Zeichnungen sollen den Alltag der Betroffenen aufzeigen und dabei f\u00fcr das Thema\u2026","rel":"","context":"In &quot;Soziales&quot;","img":{"alt_text":"","src":"","width":0,"height":0},"classes":[]},{"id":12511,"url":"http:\/\/marburg.news\/?p=12511","url_meta":{"origin":19688,"position":1},"title":"Umgangsformen: Kommunikation mit Menschen mit Demenz","date":"4. Mai 2023","format":false,"excerpt":"Die Kommunikation mit Menschen mit Demenz ist Thema eines Vortrags am Donnerstag (11. Mai) in Schr\u00f6ck. Referentin ist Laura Exner. Den Vortrag \"Erfolgreiche Kommunikation im Umgang mit Menschen mit Demenz\" bietet die Stadt Marburg gemeinsam mit der Alzheimer Gesellschaft Marburg-Biedenkopf und dem F\u00f6rderverein Hingilskoots-Scheune Schr\u00f6ck an. Er findet am Donnerstag\u2026","rel":"","context":"In &quot;Bildung&quot;","img":{"alt_text":"","src":"","width":0,"height":0},"classes":[]},{"id":15723,"url":"http:\/\/marburg.news\/?p=15723","url_meta":{"origin":19688,"position":2},"title":"Krankheit kanalisieren: Demenz-Box b\u00fcndelt Informationen","date":"4. Juni 2024","format":false,"excerpt":"Eine \"Demenz-Box\" b\u00fcndelt Informationen f\u00fcr Betroffene und Angeh\u00f6rige. Der Kreis, die Stadt und die Alzheimer Gesellschaft arbeiten bei diesem Projekt Hand in Hand. Menschen mit Demenz und ihre Angeh\u00f6rigen k\u00f6nnen im Landkreis Marburg-Biedenkopf auf verschiedene Hilfen aus dem medizinischen und sozialen Bereich zur\u00fcckgreifen. Um diese Unterst\u00fctzungsm\u00f6glichkeiten noch bekannter zu machen,\u2026","rel":"","context":"In &quot;Soziales&quot;","img":{"alt_text":"","src":"","width":0,"height":0},"classes":[]},{"id":19537,"url":"http:\/\/marburg.news\/?p=19537","url_meta":{"origin":19688,"position":3},"title":"Neue Auflage: Informationsbox Demenz kostenlos erh\u00e4ltlich","date":"13. Februar 2026","format":false,"excerpt":"Es gibt eine Neuauflage der \"Informationsbox Demenz\". Sie enth\u00e4lt Umschl\u00e4ge mit kostenlosen Informationen f\u00fcr Ratsuchende. Zum Thema Demenz gibt es Informationen f\u00fcr Betroffene und Angeh\u00f6rige nun in einer Box geb\u00fcndelt auch in Filialen der Sparkasse Marburg-Biedenkopf (SKMB). Der Landkreis, die Stadt Marburg und die Alzheimer Gesellschaft haben eine Neuauflage der\u2026","rel":"","context":"In &quot;Bildung&quot;","img":{"alt_text":"","src":"","width":0,"height":0},"classes":[]},{"id":365,"url":"http:\/\/marburg.news\/?p=365","url_meta":{"origin":19688,"position":4},"title":"Mit Demenz dabei: Spies unterzeichnete Esslinger Aufruf","date":"31. M\u00e4rz 2017","format":false,"excerpt":"Um die Teilhabe von Menschen mit Demenz weiter zu st\u00e4rken, haben Oberb\u00fcrgermeister Dr. Thomas Spies und Annett Adler von der \"Lokalen Allianz f\u00fcr Menschen mit Demenz\" am Mittwoch (29. M\u00e4rz) vor 50 Interessierten feierlich den Esslinger Aufruf unterzeichnet. Der Esslinger Aufruf f\u00fcr ein besseres Leben mit Demenz wurde in der\u2026","rel":"","context":"In &quot;Soziales&quot;","img":{"alt_text":"","src":"","width":0,"height":0},"classes":[]},{"id":8865,"url":"http:\/\/marburg.news\/?p=8865","url_meta":{"origin":19688,"position":5},"title":"Kompetenz in Krankenhaus: Brosch\u00fcre zu Demenz auch in Russisch und T\u00fcrkisch","date":"1. M\u00e4rz 2022","format":false,"excerpt":"Alles rund um einen Krankenhausaufenthalt enth\u00e4lt eine neue Brosch\u00fcre. Die Infos f\u00fcr Menschen mit Demenz wurden auch in andere Sprachen \u00fcbersetzt. In einer Brosch\u00fcre k\u00f6nnen sich Angeh\u00f6rige von Menschen mit Demenz seit 2018 dar\u00fcber informieren, wie sie einen m\u00f6glichen Krankenhausaufenthalt der Betroffenen vorbereiten k\u00f6nnen.Da die kostenlose Brosch\u00fcre sich als so\u2026","rel":"","context":"In &quot;Soziales&quot;","img":{"alt_text":"","src":"","width":0,"height":0},"classes":[]}],"_links":{"self":[{"href":"http:\/\/marburg.news\/index.php?rest_route=\/wp\/v2\/posts\/19688"}],"collection":[{"href":"http:\/\/marburg.news\/index.php?rest_route=\/wp\/v2\/posts"}],"about":[{"href":"http:\/\/marburg.news\/index.php?rest_route=\/wp\/v2\/types\/post"}],"author":[{"embeddable":true,"href":"http:\/\/marburg.news\/index.php?rest_route=\/wp\/v2\/users\/2"}],"replies":[{"embeddable":true,"href":"http:\/\/marburg.news\/index.php?rest_route=%2Fwp%2Fv2%2Fcomments&post=19688"}],"version-history":[{"count":0,"href":"http:\/\/marburg.news\/index.php?rest_route=\/wp\/v2\/posts\/19688\/revisions"}],"wp:attachment":[{"href":"http:\/\/marburg.news\/index.php?rest_route=%2Fwp%2Fv2%2Fmedia&parent=19688"}],"wp:term":[{"taxonomy":"category","embeddable":true,"href":"http:\/\/marburg.news\/index.php?rest_route=%2Fwp%2Fv2%2Fcategories&post=19688"},{"taxonomy":"post_tag","embeddable":true,"href":"http:\/\/marburg.news\/index.php?rest_route=%2Fwp%2Fv2%2Ftags&post=19688"}],"curies":[{"name":"wp","href":"https:\/\/api.w.org\/{rel}","templated":true}]}}