{"id":19687,"date":"2026-03-11T09:41:40","date_gmt":"2026-03-11T08:41:40","guid":{"rendered":"http:\/\/marburg.news\/?p=19687"},"modified":"2026-03-11T09:41:40","modified_gmt":"2026-03-11T08:41:40","slug":"ergebnisse-erklaeren-wahlparty-der-linken-im-kreisbuero","status":"publish","type":"post","link":"http:\/\/marburg.news\/?p=19687","title":{"rendered":"Ergebnisse erkl\u00e4ren: Wahlparty der Linken im Kreisb\u00fcro"},"content":{"rendered":"<p>Eine Wahlparty veranstalten Die Linken am Sonntag (15. M\u00e4rz) in Marburg. Dabei m\u00f6chte sie den Ausgang der Kommunalwahlen bewerten und feiern. <!--more--><br \/>\nAm Wahlabend l\u00e4dt Die Linke Marburg-Biedenkopf alle W\u00e4hler*innen zu ihrer Wahlparty ab 18 Uhr ins Parteib\u00fcro an der Elisabethstra\u00dfe ein. In gem\u00fctlicher Athmosph\u00e4re wird gemeinsam mit den Spitzenkandidierenden Miriam Stoll (Stadt) und Alexander Kuhne (Kreis) sowohl auf den vergangenen Wahlkampf, als auch auf die kommenden Ergebnisse geschaut. Dar\u00fcber hinaus wird es die M\u00f6glichkeit geben mit den Kandidierenden und anderen Aktiven ins Gespr\u00e4ch zu kommen. Der Eintritt ist frei.<\/p>\n<p>* pm: Die Linke Marburg-Biedenkopf<\/p>\n","protected":false},"excerpt":{"rendered":"<p>Eine Wahlparty veranstalten Die Linken am Sonntag (15. M\u00e4rz) in Marburg. Dabei m\u00f6chte sie den Ausgang der Kommunalwahlen bewerten und feiern.<\/p>\n","protected":false},"author":2,"featured_media":0,"comment_status":"closed","ping_status":"open","sticky":false,"template":"","format":"standard","meta":{"advanced_seo_description":"","spay_email":"","jetpack_publicize_message":"","jetpack_is_tweetstorm":false,"jetpack_publicize_feature_enabled":true},"categories":[2],"tags":[2137,280,5814],"jetpack_featured_media_url":"","jetpack_publicize_connections":[],"jetpack_sharing_enabled":true,"jetpack_shortlink":"https:\/\/wp.me\/p8mhvd-57x","jetpack-related-posts":[{"id":17596,"url":"http:\/\/marburg.news\/?p=17596","url_meta":{"origin":19687,"position":0},"title":"Gegen Allgemeintrend: Bestes Ergebnis im Westen f\u00fcr Linke in Marburg","date":"28. Februar 2025","format":false,"excerpt":"Mit 19,0 Prozent der Zweitstimmen hat Die Linke In Marburg das beste Ergebnis in allen hessischen Gemeinden erzielt. Das Resultat im Landkreis Marburg-Biedenkopf ist ebenfalls das beste aller Landkreise in Hessen. Bei der Bundestagswahl 2025 war Die Linke in der Universit\u00e4tsstadt Marburg besonders erfolgreich. Nach einer \u00dcberpr\u00fcfung der Ergebnisse in\u2026","rel":"","context":"In &quot;Politik&quot;","img":{"alt_text":"","src":"","width":0,"height":0},"classes":[]},{"id":7172,"url":"http:\/\/marburg.news\/?p=7172","url_meta":{"origin":19687,"position":1},"title":"Zur\u00fcck ins Mittelalter: Linke zu &#8222;Querdenken&#8220; und &#8222;Weiterdenken Marburg&#8220;","date":"8. Juni 2021","format":false,"excerpt":"\"Freiheit geht nur solidarisch!\" das erkl\u00e4rte die Marburger Linke zu \"Querdenken\" und einer \"Weiterdenken Marburg\"-Demo am Samstag (12. Juni). \"DIE LINKE. Marburg-Biedenkopf steht fest hinter dem Beschluss Unteilbar: Freiheit geht nur solidarisch unseres Bundesparteivorstands vom 11. April und positioniert sich damit auch lokal eindeutig gegen Querdenken\", bekr\u00e4ftigte der Linken-Kreisvorsitzende Maximilian\u2026","rel":"","context":"In &quot;Politik&quot;","img":{"alt_text":"","src":"","width":0,"height":0},"classes":[]},{"id":17537,"url":"http:\/\/marburg.news\/?p=17537","url_meta":{"origin":19687,"position":2},"title":"Herangewachsene Hoffnung: Verdoppelung der Unterschriften f\u00fcr Die Linke","date":"18. Februar 2025","format":false,"excerpt":"Ein Rekordergebnis f\u00fcr ihren Wahlaufruf vermeldete Die Linke am Dienstag (18. Februar). Dadurch sieht sich die Partei best\u00e4tigt in ihrer Hoffnung auf ein gutes Wahlergebnis. bei allen wichtigen Wahlen organisiert der Kreisverband der Linken zusammen mit Sympathisierenden einen Wahlaufruf f\u00fcr die Partei. Bei der Bundestagswahl 2021 unterst\u00fctzten 219 Personen aus\u2026","rel":"","context":"In &quot;Politik&quot;","img":{"alt_text":"","src":"","width":0,"height":0},"classes":[]},{"id":17514,"url":"http:\/\/marburg.news\/?p=17514","url_meta":{"origin":19687,"position":3},"title":"N\u00e4chste Partei: Linke Marburg verdoppelt Mitgliederzahl","date":"14. Februar 2025","format":false,"excerpt":"Verdoppelt hat Die Linke ihre Mitgliedszahl in Marburg. Das hat die Linke Marburg-Biedenkopf am Freitag (14. Februar) mitgeteilt. vor einem halben Jahr galt Die Linke noch als Auslaufmodell und chancenlos bei der Bundestagswahl am Sonntag (23. Februar). Doch heute wird sie von einer Eintrittswelle geradezu \u00fcberrollt und steigt auf Werte\u2026","rel":"","context":"In &quot;Politik&quot;","img":{"alt_text":"","src":"","width":0,"height":0},"classes":[]},{"id":18204,"url":"http:\/\/marburg.news\/?p=18204","url_meta":{"origin":19687,"position":4},"title":"Antisemitismus angeprangert: Linke verurteilt Mordaufrufegegen Israelis in Marburg","date":"16. Juni 2025","format":false,"excerpt":"Die Linke Marburg-Biedenkopf verurteilt antisemitische Mordaufrufe in Marburg. Das hat sie am Montag (16. Juni) in einer Presseerkl\u00e4rung ausdr\u00fccklich betont. Wie das Junge Forum Marburg der Deutsch-Israelischen Gesellschaft in einer Pressemitteilung vom Freitag (13. Juni) ver\u00f6ffentlicht hat, sind am Ortenbergsteg Schmierereien aufgetaucht, in denen zum Mord an Israelis aufgerufen wird.\u2026","rel":"","context":"In &quot;Politik&quot;","img":{"alt_text":"","src":"","width":0,"height":0},"classes":[]},{"id":14849,"url":"http:\/\/marburg.news\/?p=14849","url_meta":{"origin":19687,"position":5},"title":"Neue Gr\u00fcndung: Fraktion Die Linke in der  StVV","date":"1. Februar 2024","format":false,"excerpt":"Der Kreisvorstand der Partei Die Linke Marburg-Biedenkopf spricht sich im Einvernehmen mit ihren drei Stadtverordneten und dem Magistratsmitglied daf\u00fcr aus, eine eigene Fraktion der Partei Die Linke in der Stadtverordnetenversammlung (StVV) zu bilden. Sie fordert von den verbliebenen Mitgliedern der Fraktion Marburger Linke, diese umzubenennen, da bei den n\u00e4chsten Kommunalwahlen\u2026","rel":"","context":"In &quot;Politik&quot;","img":{"alt_text":"","src":"","width":0,"height":0},"classes":[]}],"_links":{"self":[{"href":"http:\/\/marburg.news\/index.php?rest_route=\/wp\/v2\/posts\/19687"}],"collection":[{"href":"http:\/\/marburg.news\/index.php?rest_route=\/wp\/v2\/posts"}],"about":[{"href":"http:\/\/marburg.news\/index.php?rest_route=\/wp\/v2\/types\/post"}],"author":[{"embeddable":true,"href":"http:\/\/marburg.news\/index.php?rest_route=\/wp\/v2\/users\/2"}],"replies":[{"embeddable":true,"href":"http:\/\/marburg.news\/index.php?rest_route=%2Fwp%2Fv2%2Fcomments&post=19687"}],"version-history":[{"count":0,"href":"http:\/\/marburg.news\/index.php?rest_route=\/wp\/v2\/posts\/19687\/revisions"}],"wp:attachment":[{"href":"http:\/\/marburg.news\/index.php?rest_route=%2Fwp%2Fv2%2Fmedia&parent=19687"}],"wp:term":[{"taxonomy":"category","embeddable":true,"href":"http:\/\/marburg.news\/index.php?rest_route=%2Fwp%2Fv2%2Fcategories&post=19687"},{"taxonomy":"post_tag","embeddable":true,"href":"http:\/\/marburg.news\/index.php?rest_route=%2Fwp%2Fv2%2Ftags&post=19687"}],"curies":[{"name":"wp","href":"https:\/\/api.w.org\/{rel}","templated":true}]}}