{"id":19684,"date":"2026-03-10T14:40:00","date_gmt":"2026-03-10T13:40:00","guid":{"rendered":"http:\/\/marburg.news\/?p=19684"},"modified":"2026-03-10T14:40:00","modified_gmt":"2026-03-10T13:40:00","slug":"fahrerflucht-verkehrsunfall-auf-parkplatz-in-cappel","status":"publish","type":"post","link":"http:\/\/marburg.news\/?p=19684","title":{"rendered":"Fahrerflucht: Verkehrsunfall auf Parkplatz in Cappel"},"content":{"rendered":"<p>Nach einer Unfallflucht auf einem Parkplatz in Cappel bittet die Polizei um Mithilfe. Zu der Verkehrsunfallflucht kam es am Samstag (7. M\u00e4rz) gegen 13.45 Uhr auf dem Kundenparkplatz des Tegut-Marktes an der Marburger Stra\u00dfe. <!--more--><br \/>\nEine 24-j\u00e4hrige Fahrerin war mit ihrem schwarzen Opel Astra auf dem Parkplatz in Richtung Beltersh\u00e4user Stra\u00dfe unterwegs. In H\u00f6he des Haupteingangs hielt sie an, um der Fahrerin eines schwarzen VW Polo das Ausparken zu erm\u00f6glichen. Dabei kam es zum Zusammensto\u00df der Au\u00dfenspiegel beider Fahrzeuge. Ohne die Personalien mit der 24-j\u00e4hrigen Autofahrerin auszutauschen, fuhr die Frau in ihrem schwarzen Kleinwagen vom Parkplatz.<br \/>\nLaut Zeugenangaben wird die Fahrerin zwischen 50 und 60 Jahre alt mit kurzen schwarzen Haaren beschrieben. An dem Spiegelgeh\u00e4use des Opels entstand Sachschaden. Die Polizei Marburg bittet Zeugen, die den Unfall beobachtet haben und Hinweise auf die Fahrerin sowie ihr Fahrzeug mit Marburger &#8222;MR&#8220;-Kennzeichen geben k\u00f6nnen, sich unter der Telefonnummer 06421\/406-0 zu melden.<\/p>\n<p>* pm: Polizei Marburg<\/p>\n","protected":false},"excerpt":{"rendered":"<p>Nach einer Unfallflucht auf einem Parkplatz in Cappel bittet die Polizei um Mithilfe. Zu der Verkehrsunfallflucht kam es am Samstag (7. M\u00e4rz) gegen 13.45 Uhr auf dem Kundenparkplatz des Tegut-Marktes an der Marburger Stra\u00dfe.<\/p>\n","protected":false},"author":2,"featured_media":0,"comment_status":"closed","ping_status":"open","sticky":false,"template":"","format":"standard","meta":{"advanced_seo_description":"","spay_email":"","jetpack_publicize_message":"","jetpack_is_tweetstorm":false,"jetpack_publicize_feature_enabled":true},"categories":[6],"tags":[637,16,34],"jetpack_featured_media_url":"","jetpack_publicize_connections":[],"jetpack_sharing_enabled":true,"jetpack_shortlink":"https:\/\/wp.me\/p8mhvd-57u","jetpack-related-posts":[{"id":3544,"url":"http:\/\/marburg.news\/?p=3544","url_meta":{"origin":19684,"position":0},"title":"Zwei Unf\u00e4lle: Zusammensto\u00df auf Kreuzung und Schaden im Studentendorf","date":"25. April 2019","format":false,"excerpt":"Zu einem Verkehrsunfall kam es am Mittwoch (24. April) um 22.25 Uhr in Cappel. Unfallort war die Kreuzung der Beltersh\u00e4user Stra\u00dfe mit der Marburger Stra\u00dfe und der S\u00fcdspange. Eine 58 Jahre alte Frau fuhr mit ihrem wei\u00dfen Nissan auf dem linken Fahrstreifen der S\u00fcdspange. Sie wollte die Kreuzung geradeaus zur\u2026","rel":"","context":"In &quot;Sonstiges&quot;","img":{"alt_text":"","src":"","width":0,"height":0},"classes":[]},{"id":1470,"url":"http:\/\/marburg.news\/?p=1470","url_meta":{"origin":19684,"position":1},"title":"Kollision in Cappel: Auto auf Tegut-Parkplatz besch\u00e4digt","date":"21. Dezember 2017","format":false,"excerpt":"Ein typischer Unfall passierte am Dienstag (19. Dezember) zwischen 14.55 und 16.30 Uhr auf dem Parkplatz des tegut-Markts an der Marburger Stra\u00dfe. Als die Fahrerin zur\u00fcckkehrte, bemerkte sie an ihrem schwarzen VW Tiguan hinten rechts einen frischen Unfallschaden. Am Auto fand sie weder einen Zettel, noch sonstige Hinweise auf das\u2026","rel":"","context":"In &quot;Sonstiges&quot;","img":{"alt_text":"","src":"","width":0,"height":0},"classes":[]},{"id":18909,"url":"http:\/\/marburg.news\/?p=18909","url_meta":{"origin":19684,"position":2},"title":"Ins Heck: Unfallflucht nach Auffahrunfall auf Schulparkplatz","date":"28. Oktober 2025","format":false,"excerpt":"Zu einer Unfallflucht auf dem Parkplatz der \"Kaufm\u00e4nnischen Schulen\" an der Leopold-Lucas-Stra\u00dfe kam es am Donnerstag (23. Oktober) gegen 13.45 Uhr. In diesem Zusammenhang sucht die Polizei die Fahrerin eines schwarzen VW Tiguan. Zudem sucht sie Zeugen, die den Unfall beobachtet haben. Ein Ford und der VW Tiguan waren in\u2026","rel":"","context":"In &quot;Sonstiges&quot;","img":{"alt_text":"","src":"","width":0,"height":0},"classes":[]},{"id":9411,"url":"http:\/\/marburg.news\/?p=9411","url_meta":{"origin":19684,"position":3},"title":"Unkonventionelle Unfallbew\u00e4ltigung: Schaden auf Parkplatz bei Gartencenter","date":"6. Mai 2022","format":false,"excerpt":"Eine Unfallflucht erfolgte am Donnerstag (5. Mai) auf dem Parkplatz des Gartencenters an der Stephan-Niderehe-Stra\u00dfe. Die Unfallzeit liegt zwischen 12.50 und 13.10 Uhr. Als die Fahrerin wieder zu ihrem schwarzen VW Golf Kombi kam, bemerkte sie hinten rechts einen frischen Unfallschaden. Ein Verursacher hatte sich weder im Gesch\u00e4ft noch bei\u2026","rel":"","context":"In &quot;Sonstiges&quot;","img":{"alt_text":"","src":"","width":0,"height":0},"classes":[]},{"id":15014,"url":"http:\/\/marburg.news\/?p=15014","url_meta":{"origin":19684,"position":4},"title":"Kreisel f\u00fcr Kollision: Unfallflucht bei Supermarkt in Cappel","date":"20. Februar 2024","format":false,"excerpt":"Ein Unfall im Kreisverkehr passierte am Montag (19. Februar) im Bereich der Marburger Stra\u00dfe in H\u00f6he des Tegut und Lidl-Marktes. Ein Unbekannter fuhr gegen 12.15 Uhr vom Tegut-Parkplatz aus in den Kreisverkehr ein. Dabei achtete er nicht auf die Fahrzeuge, die sich bereits im Kreisel befanden. Um eine Kollision mit\u2026","rel":"","context":"In &quot;Sonstiges&quot;","img":{"alt_text":"","src":"","width":0,"height":0},"classes":[]},{"id":7175,"url":"http:\/\/marburg.news\/?p=7175","url_meta":{"origin":19684,"position":5},"title":"Zur\u00fcck in Cappel: Zweimal meldeten Zeugen eine Unfallflucht","date":"8. Juni 2021","format":false,"excerpt":"Dank aufmerksamer Zeugen bleiben zwei Autobesitzer nicht auf ihrem Schaden sitzen. Zwei andere Autofahrer m\u00fcssen sich demn\u00e4chst wegen Unfallflucht verantworten. Da war am Montag (7. Juni) zwischen 12.15 und 12.20 Uhr zun\u00e4chst der Vorfall auf dem Parkplatz des tegut-Markts an der Marburger Stra\u00dfe. Dort machte sich der Einkaufswagen einer Kundin\u2026","rel":"","context":"In &quot;Sonstiges&quot;","img":{"alt_text":"","src":"","width":0,"height":0},"classes":[]}],"_links":{"self":[{"href":"http:\/\/marburg.news\/index.php?rest_route=\/wp\/v2\/posts\/19684"}],"collection":[{"href":"http:\/\/marburg.news\/index.php?rest_route=\/wp\/v2\/posts"}],"about":[{"href":"http:\/\/marburg.news\/index.php?rest_route=\/wp\/v2\/types\/post"}],"author":[{"embeddable":true,"href":"http:\/\/marburg.news\/index.php?rest_route=\/wp\/v2\/users\/2"}],"replies":[{"embeddable":true,"href":"http:\/\/marburg.news\/index.php?rest_route=%2Fwp%2Fv2%2Fcomments&post=19684"}],"version-history":[{"count":0,"href":"http:\/\/marburg.news\/index.php?rest_route=\/wp\/v2\/posts\/19684\/revisions"}],"wp:attachment":[{"href":"http:\/\/marburg.news\/index.php?rest_route=%2Fwp%2Fv2%2Fmedia&parent=19684"}],"wp:term":[{"taxonomy":"category","embeddable":true,"href":"http:\/\/marburg.news\/index.php?rest_route=%2Fwp%2Fv2%2Fcategories&post=19684"},{"taxonomy":"post_tag","embeddable":true,"href":"http:\/\/marburg.news\/index.php?rest_route=%2Fwp%2Fv2%2Ftags&post=19684"}],"curies":[{"name":"wp","href":"https:\/\/api.w.org\/{rel}","templated":true}]}}