{"id":19679,"date":"2026-03-09T14:40:00","date_gmt":"2026-03-09T13:40:00","guid":{"rendered":"http:\/\/marburg.news\/?p=19679"},"modified":"2026-03-09T14:40:00","modified_gmt":"2026-03-09T13:40:00","slug":"gegen-gewohnheit-geaenderte-busfahrplaene-wegen-bauarbeiten","status":"publish","type":"post","link":"http:\/\/marburg.news\/?p=19679","title":{"rendered":"Gegen Gewohnheit: Ge\u00e4nderte Busfahrpl\u00e4ne wegen Bauarbeiten"},"content":{"rendered":"<p>Die s\u00fcdliche Zufahrt der Lahnberge wird ab Sonntag (22. M\u00e4rz) bis voraussichtlich Samstag (25. April) gesperrt. Das hat erhebliche Auswirkungen auf den Stadtbusverkehr. <!--more--><br \/>\nDie Ma\u00dfnahme unterteilt sich in die Abschnitte 2 bis 4b. Um f\u00fcr Fahrpersonal und Kunden eine Einheitlichkeit herbeizuf\u00fchren, haben die Stadtwerke sich dazu entschieden, in diesen Bauabschnitten keinen Unterschied in der Linienf\u00fchrung darzustellen. Das bedeutet: Von Sonntag (22. M\u00e4rz) bis Samstag (25. April) gibt es einheitliche Fahrwege.<br \/>\nDie Linien 2 und 6 verkehren wie im ersten Bauabschnitt. Die Linie 2 verkehrt Montag bis Freitag eingek\u00fcrzt von Cappel nur bis zur Haltestelle &#8222;Botanischer Garten&#8220;. Der Bereich Richtsberg wird nicht bedient.<br \/>\nDie Linie 6 verkehrt Samstag und Sonntag eingek\u00fcrzt nur bis zur Haltestelle &#8222;Eisenacher Weg&#8220;. Dort entf\u00e4llt die Bedienung vom Eisenacher Weg bis zur Fontanestra\u00dfe.<br \/>\nWeitere Anpassungen erfolgen auf den Linien 7, 9, 12, 15, 18, 19 und 27: Die Linie 7 verkehrt eingek\u00fcrzt in beiden Fachrichtungen zwischen H\u00f6lderlinstra\u00dfe und Hauptbahnhof \u00fcber Gro\u00dfseelheimer Stra\u00dfe, S\u00fcdbahnhof, Innenstadt. Die Bedienung Lahnberge entf\u00e4llt.<br \/>\nDie Linie 9 verkehrt zwischen Fontanestra\u00dfe und Elisabethkirche. Am Rudolphsplatz besteht die M\u00f6glichkeit zum Umstieg in die Linien 2 und 27 Richtung Lahnberge. Auch hier entf\u00e4llt die Bedienung des Bereichs Lahnberge.<br \/>\nDie Linie 12 verkehrt auf ge\u00e4ndertem Fahrweg Montag bis Freitag vom S\u00fcdbahnhofn \u00fcber Cappel, Moischt und Schr\u00f6ck zum Klinikum auf den Lahnbergen sowie auf geleichem Wege zur\u00fcck. Bedienung der Gro\u00dfseelheimer Stra\u00dfe entf\u00e4llt. Schulfahrten der Linie 15 von und zur Richtsberg-Gesamtschule (RGS) werden \u00fcber S\u00fcdbahnhof Beltersh\u00e4user Stra\u00dfe zum Richtsberg umgeleitet. Sch\u00fclerinnen und Sch\u00fcler aus dem Bereich der Gro\u00dfseelheimer Stra\u00dfe werden gebeten, mit den Linien 7 und 27 zum S\u00fcdbahnhof vorzufahren und dort in die Busse zur Richtsberg-Gesamtschule umzusteigen.<br \/>\nDie Fahrten der Linie 18 von und zur Richtsberg-Gesamtschule sowie in die Innenstadt und zur\u00fcck werden \u00fcber Schr\u00f6ck, Moischt und die Beltersh\u00e4user Stra\u00dfe gef\u00fchrt. Die Fahrtbeziehung Sachsenring, Lahnberge als Li. 19 und weiter bis zur Richtberg-Gesamtschule als Linie 18 wird von Wehrda \u00fcber den Kaufmarkt zum Hauptbahnhof und von dort weiter \u00fcber Krumbogen, Weintrautstra\u00dfe S\u00fcdbahnhof zum Richtsberg gef\u00fchrt.<br \/>\nDie Fahrten der Linie 19 von Cappel \u00fcber den Richtsberg zu den Lahnbergen bekommen einen neuen Fahrweg von Cappel \u00fcber S\u00fcdbahnhof, Cappeler Berg, Erlenring, Innenstadt zum Hauptbahnhof weiter zu den Lahnbergen. Fahrg\u00e4ste vom Richtsberg m\u00fcssen mit den Linien 1 und 4 zum S\u00fcdbahnhof vorfahren und dort in die Linie 19 umsteigen. Die Fahrt von Wehrda wird \u00fcber Wehrdaer Weg, Elisabethkirche, Hauptbahnhof, Panoramstra\u00dfe zu den Lahnbergen gef\u00fchrt. Die weiteren Fahrten fahren \u00fcber die Innenstadt und den Hauptbahnhof zu den Lahnbergen.<br \/>\nDer Abschnitt Konrad-Adenauer-Br\u00fccke bis H\u00f6lderlinstra\u00dfe wird nicht bedient. Ausgenommen davon ist Sonntag fr\u00fch: Dann verkehrt eine Linie 19 ab H\u00f6lderlinstra\u00dfe durch die Innenstadt und die Panoramastra\u00dfe zu den Lahnbergen.<br \/>\nDie Linie 27 verkehrt verk\u00fcrzt in beiden Fahrtrichtungen zwischen Lahnberge und H\u00f6lderlinstra\u00dfe. Die Taktl\u00fccke von 10 bis 14 Uhr in der vorlesungsfreien Zeit entf\u00e4llt.<br \/>\nDie Bedienung der Haltestelle &#8222;Sonnenblick&#8220; erfolgt per Anruftaxi Montag bis Samstag durch die Firma Brunett. Das Taxi f\u00e4hrt einmal st\u00fcndlich vom Hauptbahnhof zum Sonnenblick ab 6.45 bis 20.45 Uhr und Sonnenblick zum Hauptbahnhof 6.15 bis 21.15 Uhr. Fahrten vor 08:00 Uhr m\u00fcssen bis 20:00 Uhr am Vorabend vorbestellt werden.<br \/>\nBestellungen werden unter der Rufnummer 06421\/880099 entgegengenommen. Sonntags ist die Bedienung durch das regul\u00e4re AST sichergestellt. Genaue Abfahrtszeiten zu den betroffenen Linien werden in der elften Kalenderwoche auf der Homepage <a href=\"http:\/\/www.stadtbus-marburg.de\">www.stadtbus-marburg.de<\/a> ver\u00f6ffentlicht und k\u00f6nne dort eingesehen werden.<\/p>\n<p>* pm: Stadtwerke Marburg<\/p>\n","protected":false},"excerpt":{"rendered":"<p>Die s\u00fcdliche Zufahrt der Lahnberge wird ab Sonntag (22. M\u00e4rz) bis voraussichtlich Samstag (25. April) gesperrt. Das hat erhebliche Auswirkungen auf den Stadtbusverkehr.<\/p>\n","protected":false},"author":2,"featured_media":0,"comment_status":"closed","ping_status":"open","sticky":false,"template":"","format":"standard","meta":{"advanced_seo_description":"","spay_email":"","jetpack_publicize_message":"","jetpack_is_tweetstorm":false,"jetpack_publicize_feature_enabled":true},"categories":[4],"tags":[1073,968,456],"jetpack_featured_media_url":"","jetpack_publicize_connections":[],"jetpack_sharing_enabled":true,"jetpack_shortlink":"https:\/\/wp.me\/p8mhvd-57p","jetpack-related-posts":[{"id":19607,"url":"http:\/\/marburg.news\/?p=19607","url_meta":{"origin":19679,"position":0},"title":"Angefangen: Fahrplan\u00e4nderungen wegen Br\u00fcckensanierung","date":"24. Februar 2026","format":false,"excerpt":"Hessen Mobil wird ab Montag (2. M\u00e4rz)im Bereich der Zufahrt zu den Lahnbergen Br\u00fcckenbauarbeiten durchf\u00fchren. Das hat die Stadt am Dienstag (24. Februar) angek\u00fcndigt. Auf den Landesstra\u00dfen L3088 und L3092 werden Br\u00fcckeninstandsetzungs- und Fahrbahnsanierungsarbeiten durchgef\u00fchrt. Durch die Bauma\u00dfnahme kommt es zu erheblichen Einschr\u00e4nkungen bei der Bedienung im Bereich der Lahnberge.\u2026","rel":"","context":"In &quot;Soziales&quot;","img":{"alt_text":"","src":"","width":0,"height":0},"classes":[]},{"id":18135,"url":"http:\/\/marburg.news\/?p=18135","url_meta":{"origin":19679,"position":1},"title":"Wiederholte Sperrung: Jedermann verursacht Umleitungen der Stadtbuslinien","date":"5. Juni 2025","format":false,"excerpt":"Die Deutschhausstra\u00dfe wird von Mittwoch (11. Juni) bis Sonntag (15. Juni) zwischen Elisabethstra\u00dfe und Bunsenstra\u00dfe in der Zeit von 18 bis 23Uhr gesperrt. Grund f\u00fcr die Sperrung ist eine Theaterauff\u00fchrung auf dem Firmaneiplatz. Dort f\u00fchrt das Hessische Landestheater Marburg (HLTM) zwischen Mittwoch (11. Juni) und 'Sonntag (15. Juni) das Theaterst\u00fcck\u2026","rel":"","context":"In &quot;Soziales&quot;","img":{"alt_text":"","src":"","width":0,"height":0},"classes":[]},{"id":18270,"url":"http:\/\/marburg.news\/?p=18270","url_meta":{"origin":19679,"position":2},"title":"Ausweichm\u00f6glichkeiten: Alte Kasseler Stra\u00dfe wegen Bauarbeiten gesperrt","date":"27. Juni 2025","format":false,"excerpt":"Eine Vollsperrung im Nordviertel vom 7. bis 9. Juli hat die Stadt am Freitag (27. Juni) angek\u00fcndigt. Betroffen davon ist auch die Buslinie 8. Die Alte Kasseler Stra\u00dfe im Nordviertel wird zwischen Montag (7. Juli) und Mittwoch (9. Juli) vollgesperrt. Grund f\u00fcr die Vollsperrung sind Tiefbauarbeiten zum Verlegen von Stromkabeln\u2026","rel":"","context":"In &quot;Soziales&quot;","img":{"alt_text":"","src":"","width":0,"height":0},"classes":[]},{"id":16034,"url":"http:\/\/marburg.news\/?p=16034","url_meta":{"origin":19679,"position":3},"title":"Auf Abwegen: Sperrung bringt \u00c4nderungen im Busverkehr","date":"25. Juli 2024","format":false,"excerpt":"Wegen neuer Fernw\u00e4rmeleitungen wird die Stra\u00dfe \"Lahntor\" vom 5. bis 30. August voll gesperrt. Das bringt auch Einschr\u00e4nkungen im Busverkehr mit sich. Voll gesperrt wird das \"Lahntor\" von Montag (5. August) bis voraussichtlich Freitag (30. August), damit Leitungen f\u00fcr Fernw\u00e4rme verlegt werden k\u00f6nnen. Die Umleitung erfolgt \u00fcber die Reitgasse und\u2026","rel":"","context":"In &quot;Soziales&quot;","img":{"alt_text":"","src":"","width":0,"height":0},"classes":[]},{"id":18313,"url":"http:\/\/marburg.news\/?p=18313","url_meta":{"origin":19679,"position":4},"title":"Ein Hochsommerwunschtraum: Barrierefreier Ausbau der Bushaltestelle Mengelsgasse","date":"3. Juli 2025","format":false,"excerpt":"Bauarbeiten an der Haltestelle \"Mengelsgasse\" hat die Stadt am Donnerstag (3. Juli) angek\u00fcndigt. Vor allem die Stadtbusse werden deswegen in Wehrda umgeleitet. Der Haltestellenbereich \"Wehrda Mengelsgasse wird ab Montag (7. Juli) an der Einm\u00fcndung in die Wehrdaer Stra\u00dfe voll gesperrt. Grund f\u00fcr die Sperrung ist der barrierefreie Ausbau der Haltestelle\u2026","rel":"","context":"In &quot;Soziales&quot;","img":{"alt_text":"","src":"","width":0,"height":0},"classes":[]},{"id":6820,"url":"http:\/\/marburg.news\/?p=6820","url_meta":{"origin":19679,"position":5},"title":"Freie Ostern: Bauarbeiten im Barf\u00fc\u00dfertor","date":"4. April 2021","format":false,"excerpt":"Die Erneuerung des Fahrbahnbelags im Barf\u00fc\u00dfertor beginnt gleicch nach Ostern. Daf\u00fcr wird die Stra\u00dfe teilweise f\u00fcr Autos gesperrt. Der Fahrbahnbelag in der Stra\u00dfe \"Barf\u00fc\u00dfertor\" wird von Dienstag (6. April) bis Samstag (10. April) erneuert. F\u00fcr die Bauarbeiten muss ein Teilst\u00fcck der Stra\u00dfe zwischen dem Zugang zur Emil-von-Behring-Schule und der Einm\u00fcndung\u2026","rel":"","context":"In &quot;Politik&quot;","img":{"alt_text":"","src":"","width":0,"height":0},"classes":[]}],"_links":{"self":[{"href":"http:\/\/marburg.news\/index.php?rest_route=\/wp\/v2\/posts\/19679"}],"collection":[{"href":"http:\/\/marburg.news\/index.php?rest_route=\/wp\/v2\/posts"}],"about":[{"href":"http:\/\/marburg.news\/index.php?rest_route=\/wp\/v2\/types\/post"}],"author":[{"embeddable":true,"href":"http:\/\/marburg.news\/index.php?rest_route=\/wp\/v2\/users\/2"}],"replies":[{"embeddable":true,"href":"http:\/\/marburg.news\/index.php?rest_route=%2Fwp%2Fv2%2Fcomments&post=19679"}],"version-history":[{"count":0,"href":"http:\/\/marburg.news\/index.php?rest_route=\/wp\/v2\/posts\/19679\/revisions"}],"wp:attachment":[{"href":"http:\/\/marburg.news\/index.php?rest_route=%2Fwp%2Fv2%2Fmedia&parent=19679"}],"wp:term":[{"taxonomy":"category","embeddable":true,"href":"http:\/\/marburg.news\/index.php?rest_route=%2Fwp%2Fv2%2Fcategories&post=19679"},{"taxonomy":"post_tag","embeddable":true,"href":"http:\/\/marburg.news\/index.php?rest_route=%2Fwp%2Fv2%2Ftags&post=19679"}],"curies":[{"name":"wp","href":"https:\/\/api.w.org\/{rel}","templated":true}]}}