{"id":19678,"date":"2026-03-09T13:09:23","date_gmt":"2026-03-09T12:09:23","guid":{"rendered":"http:\/\/marburg.news\/?p=19678"},"modified":"2026-03-09T13:09:23","modified_gmt":"2026-03-09T12:09:23","slug":"gegen-traegheit-noch-plaetze-frei-bei-jugendfahrten","status":"publish","type":"post","link":"http:\/\/marburg.news\/?p=19678","title":{"rendered":"Gegen Tr\u00e4gheit: Noch Pl\u00e4tze frei bei Jugendfahrten"},"content":{"rendered":"<p>Auf freie Pl\u00e4tze in Jugendfahrten nach Frankfurt und Hamburg hat die Stadt Marburg am Montag (9. M\u00e4rz) hingewiesen. Eine Anmeldung ist noch m\u00f6glich bis Montag (23. M\u00e4rz). <!--more--><br \/>\nF\u00fcr Jugendliche ab 14 Jahre organisiert die Stadt Marburg zwei Fahrten mit einem Programm-Mix aus Politischer Bildung, Kultur und Freizeit. Los geht es an Pfingsten: Von Freitag (22. Mai) bis Montag (25. Mai) lautet das Motto &#8222;Frankfurt mal anders&#8220;. In den Sommerferien vom Sonntag (5. Juli) bis Freitag (10. Juli) hei\u00dft es dann &#8222;Moin Hamburg &#8211; Auf den Spuren einer lebenswerten Stadt&#8220;.<br \/>\nF\u00fcr beide Fahrten gibt es noch freie Pl\u00e4tze. Eine Anmeldung ist bis Montag (23. M\u00e4rz) m\u00f6glich. Mit den Fahrten m\u00f6chte das Jugendbildungswerk der Stadt Marburg zum Kennenlernen attraktiver St\u00e4dte einladen und besondere Einblicke erm\u00f6glichen.<br \/>\nIn Frankfurt haben die Jugendlichen unter anderem die M\u00f6glichkeit, an einem Graffiti-Workshop im Kulturzentrum &#8222;Naxoshalle&#8220; teilzunehmen. Auch ein Workshop im Techno-Museum &#8222;MOMEM&#8220; (Museum of Modern Electronic Music) wird besucht. Dabei besch\u00e4ftigt sich die Gruppe mit dem Thema &#8222;Stadt als Jugendort&#8220; und schaut, was Frankfurt speziell f\u00fcr junge Leute alles zu bieten hat.<br \/>\nIn Hamburg steht die &#8222;lebenswerte Stadt&#8220; im Fokus. Dort werden soziale und kulturelle Orte besucht, darunter das G\u00e4ngeviertel oder die Fux Kaserne in Hamburg Altona. Dort befindet sich auch das Hostel. Zudem steht ein Konzertbesuch in der Elbphilharmonie auf dem Programm.<br \/>\nDas Freizeitprogramm wird mit den Teilnehmenden gemeinsam entwickelt und bietet unter anderem Platz f\u00fcr Kino, Theater oder Chillen am Main oder Elbstrand. Weitere Infos und die Anmeldung finden sich auf der Homepage der Jugendf\u00f6rderung der Stadt Marburg unter <a href=\"http:\/\/www.hausderjugend-marburg.de\/in-den-schulferien\/\">www.hausderjugend-marburg.de\/in-den-schulferien\/<\/a>.<\/p>\n<p>* pm: Stadt Marburg<\/p>\n","protected":false},"excerpt":{"rendered":"<p>Auf freie Pl\u00e4tze in Jugendfahrten nach Frankfurt und Hamburg hat die Stadt Marburg am Montag (9. M\u00e4rz) hingewiesen. Eine Anmeldung ist noch m\u00f6glich bis Montag (23. M\u00e4rz).<\/p>\n","protected":false},"author":2,"featured_media":0,"comment_status":"closed","ping_status":"open","sticky":false,"template":"","format":"standard","meta":{"advanced_seo_description":"","spay_email":"","jetpack_publicize_message":"","jetpack_is_tweetstorm":false,"jetpack_publicize_feature_enabled":true},"categories":[5,2],"tags":[2811,6802,204],"jetpack_featured_media_url":"","jetpack_publicize_connections":[],"jetpack_sharing_enabled":true,"jetpack_shortlink":"https:\/\/wp.me\/p8mhvd-57o","jetpack-related-posts":[{"id":15848,"url":"http:\/\/marburg.news\/?p=15848","url_meta":{"origin":19678,"position":0},"title":"Betreuungsangebote: Noch Pl\u00e4tze frei in den Sommerferien","date":"21. Juni 2024","format":false,"excerpt":"Noch gibt es freie Pl\u00e4tze f\u00fcr die Kinderbetreuungen in den Sommerferien. Eine Anmeldung ist noch bis Montag (8. Juli) m\u00f6glich. Noch bis Montag (8. Juli) haben Eltern die M\u00f6glichkeit, ihr Kind beziehungsweise ihre Kinder f\u00fcr einen Betreuungsplatz w\u00e4hrend der Sommerferien anzumelden. Es gibt noch vereinzelt freie Pl\u00e4tze. Die Anmeldung erfolgt\u2026","rel":"","context":"In &quot;Soziales&quot;","img":{"alt_text":"","src":"","width":0,"height":0},"classes":[]},{"id":17720,"url":"http:\/\/marburg.news\/?p=17720","url_meta":{"origin":19678,"position":1},"title":"Pl\u00e4tze frei: Ferienbetreuung f\u00fcr Kinder zu Ostern","date":"25. M\u00e4rz 2025","format":false,"excerpt":"Auf freie Pl\u00e4tze in der Ferienbetreuung f\u00fcr Ostern hat die Stadt am Montag (24. M\u00e4rz) hingewieseen. In den Betreuungsangeboten der Stadt Marburg f\u00fcr die Osterferien sind noch Pl\u00e4tze frei. Alle Angebote finden von 8 bis 16 Uhr statt und richten sich an Grundsch\u00fcler*innen der ersten bis vierten Klasse. In f\u00fcnf\u2026","rel":"","context":"In &quot;Soziales&quot;","img":{"alt_text":"","src":"","width":0,"height":0},"classes":[]},{"id":18303,"url":"http:\/\/marburg.news\/?p=18303","url_meta":{"origin":19678,"position":2},"title":"Ferien mit Freizeit: Der Landkreis hat noch Pl\u00e4tze frei","date":"2. Juli 2025","format":false,"excerpt":"Freie Pl\u00e4tze f\u00fcr Sommerfreizeiten in Schuby, Gl\u00fccksburg und Wolfshausen hat der Landkreis gemeldet. Interessierte sollten sich m\u00f6glichst schnell daf\u00fcr melden. F\u00fcr die diesj\u00e4hrigen Ferienfreizeiten des Landkreises Marburg-Biedenkopf nach Gl\u00fccksburg und Schuby sowie in die Freizeit- und Bildungsst\u00e4tte Wolfshausen gibt es noch freie Pl\u00e4tze. Das hat der Landkreis am Mittwoch (2.\u2026","rel":"","context":"In &quot;Soziales&quot;","img":{"alt_text":"","src":"","width":0,"height":0},"classes":[]},{"id":12053,"url":"http:\/\/marburg.news\/?p=12053","url_meta":{"origin":19678,"position":3},"title":"Ferien mit Aussicht: Noch Pl\u00e4tze frei bei Jugendf\u00f6rderung des Kreises","date":"1. M\u00e4rz 2023","format":false,"excerpt":"Kinder und Jugendliche k\u00f6nnen in den Ferien neue Erfahrungen sammeln. In den Ferienangeboten des Landkreises sind noch Pl\u00e4tze frei. In den Ferienangeboten des Landkreises Marburg-Biedenkopf f\u00fcr Kinder und Jugendliche gibt es noch freie Pl\u00e4tze. Auch bei unterschiedlichen Wochenend-Angeboten des Kreises f\u00fcr junge Menschen ist noch eine Anmeldung m\u00f6glich. Damit bietet\u2026","rel":"","context":"In &quot;Bildung&quot;","img":{"alt_text":"","src":"","width":0,"height":0},"classes":[]},{"id":15069,"url":"http:\/\/marburg.news\/?p=15069","url_meta":{"origin":19678,"position":4},"title":"Vortr\u00e4ge der VHS: Noch Pl\u00e4tze frei f\u00fcr Termine im M\u00e4rz","date":"28. Februar 2024","format":false,"excerpt":"Von \"Biodiversit\u00e4t\" bis \"Website\" reicht die Spannweite der Kurse der vhs Marburg. Einige Pl\u00e4tze darin sind noch frei. Im M\u00e4rz starten viele Kurse der Volkshochschule (vhs) Marburg. Bei einigen Kursen sind noch Pl\u00e4tze frei, berichtete die VHS am Mittwoch (28. Februar). \"Von der Sesshaftwerdung der Menschen zu den ersten Zivilisationen.\u2026","rel":"","context":"In &quot;Bildung&quot;","img":{"alt_text":"","src":"","width":0,"height":0},"classes":[]},{"id":19683,"url":"http:\/\/marburg.news\/?p=19683","url_meta":{"origin":19678,"position":5},"title":"Babyschwimmen: Noch Pl\u00e4tze frei im Hallenbad Wehrda","date":"10. M\u00e4rz 2026","format":false,"excerpt":"Auf freie Pl\u00e4tze beim Babyschwimmen hat die Stadt am Dienstag (10. M\u00e4rz) hingewiesen. Der Kurs findet im Hallenbad Wehrda statt. F\u00fcr das n\u00e4chste Babyschwimmen sind noch Pl\u00e4tze frei. Interessierte k\u00f6nnen sich weiterhin anmelden. Der Kurs startet am Montag (27. April() im Hallenbad in Wehrda und findet montags in der Zeit\u2026","rel":"","context":"In &quot;Sport&quot;","img":{"alt_text":"","src":"","width":0,"height":0},"classes":[]}],"_links":{"self":[{"href":"http:\/\/marburg.news\/index.php?rest_route=\/wp\/v2\/posts\/19678"}],"collection":[{"href":"http:\/\/marburg.news\/index.php?rest_route=\/wp\/v2\/posts"}],"about":[{"href":"http:\/\/marburg.news\/index.php?rest_route=\/wp\/v2\/types\/post"}],"author":[{"embeddable":true,"href":"http:\/\/marburg.news\/index.php?rest_route=\/wp\/v2\/users\/2"}],"replies":[{"embeddable":true,"href":"http:\/\/marburg.news\/index.php?rest_route=%2Fwp%2Fv2%2Fcomments&post=19678"}],"version-history":[{"count":0,"href":"http:\/\/marburg.news\/index.php?rest_route=\/wp\/v2\/posts\/19678\/revisions"}],"wp:attachment":[{"href":"http:\/\/marburg.news\/index.php?rest_route=%2Fwp%2Fv2%2Fmedia&parent=19678"}],"wp:term":[{"taxonomy":"category","embeddable":true,"href":"http:\/\/marburg.news\/index.php?rest_route=%2Fwp%2Fv2%2Fcategories&post=19678"},{"taxonomy":"post_tag","embeddable":true,"href":"http:\/\/marburg.news\/index.php?rest_route=%2Fwp%2Fv2%2Ftags&post=19678"}],"curies":[{"name":"wp","href":"https:\/\/api.w.org\/{rel}","templated":true}]}}