{"id":19677,"date":"2026-03-09T12:36:45","date_gmt":"2026-03-09T11:36:45","guid":{"rendered":"http:\/\/marburg.news\/?p=19677"},"modified":"2026-03-09T12:36:45","modified_gmt":"2026-03-09T11:36:45","slug":"gegen-gleichgueltigkeit-jana-trommer-sitzt-diemsal-im-suedviertel","status":"publish","type":"post","link":"http:\/\/marburg.news\/?p=19677","title":{"rendered":"Gegen Gleichg\u00fcltigkeit: Jana Trommer sitzt diemsal im S\u00fcdviertel"},"content":{"rendered":"<p>Jana Trommer macht weiter. Ihre n\u00e4chste &#8222;Kunstaktion&#8220; hat sie f\u00fcr Freitag (13. M\u00e4rz) angek\u00fcndigt. <!--more--><br \/>\nDiesmal m\u00f6chte Jana Trommer ihre <a href=\"http:\/\/marburg.news\/?p=19640\">allw\u00f6chentliche &#8222;Kunstaktion&#8220; f\u00fcr Klimaschutz<\/a> auf der Frankfurter Stra\u00dfe beim Fu\u00dfg\u00e4nger\u00fcbergang &#8222;Auf der Weide&#8220; durchf\u00fchren. Mit ihrer Aktion am Freitag (13. M\u00e4rz) von 16.30 bis 16.45 Uhr m\u00f6chte die Marburger Psychologin wieder auf St\u00f6rungen durch die Klimakrise und die Gefahren durch fehlenden Klimaschutz hinweisen. Zugleich fordert sie von der Regie\u00adrung, ernsthafte Schutzma\u00dfnahmen durch Klimaschutz zu ergreifen.<br \/>\n&#8222;Ich werde dann die Stra\u00dfe \u00fcber eine gr\u00fcne Fu\u00dfg\u00e4ngerampel betreten und die Fahrbahn nicht wieder verlassen&#8220;, k\u00fcndigte Trommer mit ihrer ewig gleichlautenden Standardverlautbarung an. Wenn die Autos Gr\u00fcn erhalten, werde sie nicht weiter gehen. &#8222;Ich werde mich zum Ausdruck meiner Gewaltfreiheit hinsetzen und die H\u00e4nde heben&#8220;, schrieb sie. &#8222;Ich werde mich nicht festkleben oder auf andere Weise schwer machen oder mit Gegenst\u00e4nden verbinden.&#8220;<\/p>\n<p>* pm: Jana Trommer, Marburg<\/p>\n","protected":false},"excerpt":{"rendered":"<p>Jana Trommer macht weiter. Ihre n\u00e4chste &#8222;Kunstaktion&#8220; hat sie f\u00fcr Freitag (13. M\u00e4rz) angek\u00fcndigt.<\/p>\n","protected":false},"author":2,"featured_media":0,"comment_status":"closed","ping_status":"open","sticky":false,"template":"","format":"standard","meta":{"advanced_seo_description":"","spay_email":"","jetpack_publicize_message":"","jetpack_is_tweetstorm":false,"jetpack_publicize_feature_enabled":true},"categories":[3,2],"tags":[5169,506,4454],"jetpack_featured_media_url":"","jetpack_publicize_connections":[],"jetpack_sharing_enabled":true,"jetpack_shortlink":"https:\/\/wp.me\/p8mhvd-57n","jetpack-related-posts":[{"id":19761,"url":"http:\/\/marburg.news\/?p=19761","url_meta":{"origin":19677,"position":0},"title":"Im Krisenfall: Jana Trommer sitzt unweit der CDU","date":"23. M\u00e4rz 2026","format":false,"excerpt":"Ihre n\u00e4chste \"Kunstaktion\" f\u00fcr Klimaschutz richtet Jana Trommer direkt an die CDU. Daf\u00fcr hat sie sich eine passende Kreuzung in Marburg ausgesucht. In H\u00f6rweite des CDU-B\u00fcros m\u00f6chte Jana Trommer am Freitag (27. M\u00e4rz) von 16.30 bis 16.45 Uhr auf der Gisselberger Stra\u00dfe beim Fu\u00dfg\u00e4nger\u00fcbergang an der Ecke zur Frankfurter Stra\u00dfe\u2026","rel":"","context":"In &quot;Politik&quot;","img":{"alt_text":"","src":"","width":0,"height":0},"classes":[]},{"id":19322,"url":"http:\/\/marburg.news\/?p=19322","url_meta":{"origin":19677,"position":1},"title":"Klimakunst: Jana Trommer bleibt im Pilgrimstein","date":"11. Januar 2026","format":false,"excerpt":"Jana Trommer macht auch 2026 weiter mit ihren \"Kunstaktionen\" f\u00fcr Klimaschutz. Die n\u00e4chste Aktion hat die Marburgerin f\u00fcr Freitag (16. Januar) angek\u00fcndigt. Am Freitag (16. Januar) von 16.30 bis 16.45 Uhr will Jana Trommer am Pilgrimstein beim Fu\u00dfg\u00e4nger\u00fcbergang an der Einhornapotheke ihre n\u00e4chste Kunstaktion durchf\u00fchren. Damit m\u00f6chte die Psychologin die\u2026","rel":"","context":"In &quot;Kultur&quot;","img":{"alt_text":"","src":"","width":0,"height":0},"classes":[]},{"id":19093,"url":"http:\/\/marburg.news\/?p=19093","url_meta":{"origin":19677,"position":2},"title":"Kreuzungen kennenlernen: Jana Trommer sitzt diesmal am Rudolphsplatz","date":"24. November 2025","format":false,"excerpt":"Ihre n\u00e4chste \"Kunstaktion\" f\u00fcr Klimaschutz hat Jana Trommer am Montag (24. November) angek\u00fcndigt. Diesmal will sich die Kinderpsychologin wieder amRudolphsplatz auf die Stra\u00dfe setzen. Stattfinden soll die Aktion am Freitag (28. November) von 16 bis 16.15 Uhr beim Fu\u00dfg\u00e4nger\u00fcbergang \u00fcber die Universit\u00e4tsstra\u00dfe in Richtung S\u00fcden. Mit ihrer allw\u00f6chentlichen \"Kunstaktion\" m\u00f6chte\u2026","rel":"","context":"In &quot;Politik&quot;","img":{"alt_text":"","src":"","width":0,"height":0},"classes":[]},{"id":19360,"url":"http:\/\/marburg.news\/?p=19360","url_meta":{"origin":19677,"position":3},"title":"Kunstaktion: Jana Trommer sitzt erneut im Pilgrimstein","date":"19. Januar 2026","format":false,"excerpt":"Auch ihre n\u00e4chste \"Kunstaktion\" f\u00fcr Klimaschutz m\u00f6chte Jana Trommer wieder im Pilgrimstein durchf\u00fchren. Das hat sie am Montag (19. Januar) angek\u00fcndigt. \"Am Freitag (23. Januar) von 16.30 bis 16.45 Uhr werde ich in Marburg am Pilgrimstein - Fu\u00dfg\u00e4nger\u00fcbergang an der Einhornapotheke - eine Kunstaktion durchf\u00fchren, mit der ich die St\u00f6rungen\u2026","rel":"","context":"In &quot;Kultur&quot;","img":{"alt_text":"","src":"","width":0,"height":0},"classes":[]},{"id":19725,"url":"http:\/\/marburg.news\/?p=19725","url_meta":{"origin":19677,"position":4},"title":"Im Pilgrimstein: Jana Trommer macht hartn\u00e4ckig weiter","date":"17. M\u00e4rz 2026","format":false,"excerpt":"Im Pilgrimstein beim Fu\u00dfg\u00e4nger\u00fcbergang an der Einm\u00fcndung in die Biegenstra\u00dfe m\u00f6chte Jana Trommer ihre n\u00e4chste \"Kunstaktion\" f\u00fcr Klimaschutz durchf\u00fchren. Stattfinden soll sie am Freitag (20. M\u00e4rz) von 16.30 bis 16.45 Uhr. Mit ihrer - immer gleichen - \"Kunstaktion\" m\u00f6chte Jana Trommer \"die St\u00f6rungen durch die Klimakrise\" symbolisieren und \"auf die\u2026","rel":"","context":"In &quot;Kultur&quot;","img":{"alt_text":"","src":"","width":0,"height":0},"classes":[]},{"id":19294,"url":"http:\/\/marburg.news\/?p=19294","url_meta":{"origin":19677,"position":5},"title":"Weitere Kunstaktionen: Jana Trommer setzt sich auf den Pilgrimstein","date":"5. Januar 2026","format":false,"excerpt":"Ihre \"kunstaktionen f\u00fcr Klimaschutz\" will Jana Trommer auch im Neuen Jahr fortsetzen. Das bekundete die Kinderpsychologin am Montag (5. Januar) mit einer \u00f6ffentlichen Aktions-Ank\u00fcndigung. Die n\u00e4chste \"Kunstaktion\" will Jana Trommer demnach am Freitag (9. Januar) von 16.30 bis 16.45 Uhr am Pilgrimstein beim Fu\u00dfg\u00e4nger\u00fcbergang vor dem Oberstadtaufzug durchf\u00fchren. Damit m\u00f6chte\u2026","rel":"","context":"In &quot;Kultur&quot;","img":{"alt_text":"","src":"","width":0,"height":0},"classes":[]}],"_links":{"self":[{"href":"http:\/\/marburg.news\/index.php?rest_route=\/wp\/v2\/posts\/19677"}],"collection":[{"href":"http:\/\/marburg.news\/index.php?rest_route=\/wp\/v2\/posts"}],"about":[{"href":"http:\/\/marburg.news\/index.php?rest_route=\/wp\/v2\/types\/post"}],"author":[{"embeddable":true,"href":"http:\/\/marburg.news\/index.php?rest_route=\/wp\/v2\/users\/2"}],"replies":[{"embeddable":true,"href":"http:\/\/marburg.news\/index.php?rest_route=%2Fwp%2Fv2%2Fcomments&post=19677"}],"version-history":[{"count":0,"href":"http:\/\/marburg.news\/index.php?rest_route=\/wp\/v2\/posts\/19677\/revisions"}],"wp:attachment":[{"href":"http:\/\/marburg.news\/index.php?rest_route=%2Fwp%2Fv2%2Fmedia&parent=19677"}],"wp:term":[{"taxonomy":"category","embeddable":true,"href":"http:\/\/marburg.news\/index.php?rest_route=%2Fwp%2Fv2%2Fcategories&post=19677"},{"taxonomy":"post_tag","embeddable":true,"href":"http:\/\/marburg.news\/index.php?rest_route=%2Fwp%2Fv2%2Ftags&post=19677"}],"curies":[{"name":"wp","href":"https:\/\/api.w.org\/{rel}","templated":true}]}}