{"id":19675,"date":"2026-03-09T10:18:22","date_gmt":"2026-03-09T09:18:22","guid":{"rendered":"http:\/\/marburg.news\/?p=19675"},"modified":"2026-03-09T10:18:22","modified_gmt":"2026-03-09T09:18:22","slug":"gegen-rassismus-gedenken-in-hanau-und-gedanken-ans-mittelmeer","status":"publish","type":"post","link":"http:\/\/marburg.news\/?p=19675","title":{"rendered":"Gegen Rassismus: Gedenken in Hanau und Gedanken ans Mittelmeer"},"content":{"rendered":"<p>W\u00e4hrend der internationalen Wochen gegen Rassismus organisiert das Jugendbildungswerk der Stadt Marburg zwei Veranstaltungen f\u00fcr junge Menschen. Themen sind das Gedenken in Hanau und ein Workshop zu Seenotrettung f\u00fcr Jugendliche und junge Erwachsene. <!--more--><br \/>\nAm Samstag (21. M\u00e4rz) bietet das Jugendbildungswerk von 9.30 bis 18.30 Uhr eine Fahrt nach Hanau an. Vor Ort wird der Opfer des rassistischen Anschlags vor sechs Jahren gedacht. Der Besuch nimmt die Folgen rechtsextremer Hetze in den Blick.<br \/>\nDie Teilnehmenden besch\u00e4ftigen sich unter anderem mit der Frage, wie aus dem Erinnern an diese schreckliche Tat ein Ver\u00e4ndern im Sinne einer Bek\u00e4mpfung von Rassismus entstehen kann. In einem Workshop der Bildungsinitiative Ferhat Unvar, die von Angeh\u00f6rigen eines Opfers des Anschlags gegr\u00fcndet wurde, werden diese und weitere Fragen gemeinsam bearbeitet. Die Fahrt l\u00e4dt dazu ein, in einem gesch\u00fctzten Rahmen \u00fcber Gef\u00fchle, Gedanken und Sorgen zum Terror von Hanau zu sprechen.<br \/>\nEin Workshop zur Seenotrettung steht am Sonntag (22. M\u00e4rz) auf dem Programm. Von 14 bis 18 Uhr findet im Haus der Jugend im Marburger S\u00fcdviertel der Graphic Novel Workshop &#8222;Das Schimmern der See&#8220; statt. Der Autor und Sea Watch-Aktivist Adrian Pourviseh l\u00e4dt dazu ein, den Blick auf das Fluchtgeschehen im Mittelmeer zu sch\u00e4rfen. Der Workshop zu Seenotrettung setzt sich kritisch mit der Menschenrechtslage an den europ\u00e4ischen Au\u00dfengrenzen auseinander. Anhand der Erz\u00e4hlungen aus dem Graphic Novel werden die Teilnehmenden f\u00fcr die Themen Flucht und Migration sensibilisiert. Die Bilder und Gedanken, die in der Auseinandersetzung mit dem Thema entstehen, werden mit Pinsel und Papier in einem angeleiteten kreativen Prozess bearbeitet.<br \/>\nBeide Angebote sind kostenfrei und richten sich an Jugendliche und junge Erwachsene von 14 bis 26 Jahren. Die Anmeldung erfolgt bis Sonntag (15. M\u00e4rz) per E-Mail an: jugendbildungswerk@marburg-stadt.de. Weitere Informationen finden sich auch auf der Seite der Jugendf\u00f6rderung der Stadt Marburg unter <a href=\"http:\/\/www.hausderjugend-marburg.de\/politische-bildungsangebote\/\">www.hausderjugend-marburg.de\/politische-bildungsangebote\/<\/a>.<\/p>\n<p>* pm: Stadt Marburg<\/p>\n","protected":false},"excerpt":{"rendered":"<p>W\u00e4hrend der internationalen Wochen gegen Rassismus organisiert das Jugendbildungswerk der Stadt Marburg zwei Veranstaltungen f\u00fcr junge Menschen. Themen sind das Gedenken in Hanau und ein Workshop zu Seenotrettung f\u00fcr Jugendliche und junge Erwachsene.<\/p>\n","protected":false},"author":2,"featured_media":0,"comment_status":"closed","ping_status":"open","sticky":false,"template":"","format":"standard","meta":{"advanced_seo_description":"","spay_email":"","jetpack_publicize_message":"","jetpack_is_tweetstorm":false,"jetpack_publicize_feature_enabled":true},"categories":[5,2,4],"tags":[2353,204,1446],"jetpack_featured_media_url":"","jetpack_publicize_connections":[],"jetpack_sharing_enabled":true,"jetpack_shortlink":"https:\/\/wp.me\/p8mhvd-57l","jetpack-related-posts":[{"id":5570,"url":"http:\/\/marburg.news\/?p=5570","url_meta":{"origin":19675,"position":0},"title":"Stilles Gedenken: Erinnerung an die Opfer des Anschlags in Hanau","date":"20. August 2020","format":false,"excerpt":"Ein stilles Gedenken veranstalten die Stadt und der Ausl\u00e4nderbeirat anl\u00e4sslich des rassistischen Anschlags von Hanau. Noch bis Freitag (21. August) sind alle eingeladen, auf dem Elisabeth-Blochmann-Platz Kerzen anzuz\u00fcnden, Blumen niederzulegen und der Opfer von Rassismus in Deutschland zu gedenken. \"Rassismus ist keine Meinung, sondern ein Verbrechen\", betonte Oberb\u00fcrgermeister Dr. Thomas\u2026","rel":"","context":"In &quot;Politik&quot;","img":{"alt_text":"","src":"","width":0,"height":0},"classes":[]},{"id":4755,"url":"http:\/\/marburg.news\/?p=4755","url_meta":{"origin":19675,"position":1},"title":"4.500 gegen Rassismus: Schweigemarsch durch Marburg f\u00fcr Opfer von Hanau","date":"22. Februar 2020","format":false,"excerpt":"Gut 4.500 Menschen haben am Samstag (22. Februar) in Marburg gegen Rassismus demonstriert. Im Gedenken der Opfer des rassistischen Anschlags in Hanau zogen sie in einem Schweigemarsch durch die Stadt. Vertreter der j\u00fcdischen Gemeinde hatten demonstrativ ihre Kippa aufgesetzt. Karnevalisten trugen ein Spruchband mit der Parole \"Helau gegen Hass -\u2026","rel":"","context":"In &quot;Politik&quot;","img":{"alt_text":"","src":"","width":0,"height":0},"classes":[]},{"id":11657,"url":"http:\/\/marburg.news\/?p=11657","url_meta":{"origin":19675,"position":2},"title":"Zusammen zugeh\u00f6rt: 19. Februar Hanau im Gespr\u00e4ch","date":"12. Januar 2023","format":false,"excerpt":"\"Bei Krankheit gibt es die AOK, bei Unf\u00e4llen den ADAC, doch f\u00fcr so was gibt es nichts\", stellte Emis G\u00fcrb\u00fcz fest. Opfer rassistischer Anschl\u00e4ge bekommen keine richtige Unterst\u00fctzung. In der Trauer um seinen ermordeten Bruder wurde G\u00fcrb\u00fcz von den Beh\u00f6rden nicht nur alleingelassen, sondern sogar noch durch eine sogenannte \"Gef\u00e4hrderansprache\"\u2026","rel":"","context":"In &quot;Politik&quot;","img":{"alt_text":"","src":"","width":0,"height":0},"classes":[]},{"id":5925,"url":"http:\/\/marburg.news\/?p=5925","url_meta":{"origin":19675,"position":3},"title":"Erfreuliche Entscheidung: Hessischer Integrationspreis st\u00e4rkt Zusammenhalt","date":"29. Oktober 2020","format":false,"excerpt":"Der 17. Hessische Integrationspreis steht unter dem Motto \"\"Gemeinsam gegen Rassismus\". Unter den vier Preistr\u00e4gern ist auch ein Projekt aus Marburg. Vielfalt bereichert! Damit sie sich entfalten kann, arbeitet die Hessische Landesregierung daran, Vielfalt zu f\u00f6rdern. Erfolgreiche Integrationspolitik tr\u00e4gt wesentlich dazu bei, diesen Raum zu schaffen. Auch 2020 wurden mit\u2026","rel":"","context":"In &quot;Politik&quot;","img":{"alt_text":"","src":"","width":0,"height":0},"classes":[]},{"id":6561,"url":"http:\/\/marburg.news\/?p=6561","url_meta":{"origin":19675,"position":4},"title":"Tot und traurig: Stadt beflaggt Rathaus am 19. Februar","date":"17. Februar 2021","format":false,"excerpt":"Zum Gedenken der Opfer des Terroranschlags vom 19. Februar 2020 in Hanau beflaggt die Stadt Marburg am Freitag (19. Februar) das Rathaus auf halbmast. Hessens Innenminister Peter Beuth hat dazu aufgerufen. Aus rassistischer Verblendung erschoss ein 42-j\u00e4hriger Mann am 19. Februar 2020 instesamt zehn Menschen und sich selbst. In einem\u2026","rel":"","context":"In &quot;Politik&quot;","img":{"alt_text":"","src":"","width":0,"height":0},"classes":[]},{"id":11601,"url":"http:\/\/marburg.news\/?p=11601","url_meta":{"origin":19675,"position":5},"title":"Erinnerungen gesammelt: Gespr\u00e4che mit Hinterbliebenen aus Hanau","date":"5. Januar 2023","format":false,"excerpt":"\"HANAU ERINNERN!\" lautet der Titel einer Veranstaltung am Mittwoch (11. Januar) im Theater am Schwanhof (TaSch). Das Hessische Landestheater Marburg f\u00fchrt dabei ein Gespr\u00e4ch mit der \"Initiative 19. Februar Hanau\". F\u00fcr Mittwoch (11. Januar) l\u00e4dt das Hessische Landestheater in Verbindung mit der \"Initiative 19. Februar Hanau\" dazu ein, angesichts des\u2026","rel":"","context":"In &quot;Politik&quot;","img":{"alt_text":"","src":"","width":0,"height":0},"classes":[]}],"_links":{"self":[{"href":"http:\/\/marburg.news\/index.php?rest_route=\/wp\/v2\/posts\/19675"}],"collection":[{"href":"http:\/\/marburg.news\/index.php?rest_route=\/wp\/v2\/posts"}],"about":[{"href":"http:\/\/marburg.news\/index.php?rest_route=\/wp\/v2\/types\/post"}],"author":[{"embeddable":true,"href":"http:\/\/marburg.news\/index.php?rest_route=\/wp\/v2\/users\/2"}],"replies":[{"embeddable":true,"href":"http:\/\/marburg.news\/index.php?rest_route=%2Fwp%2Fv2%2Fcomments&post=19675"}],"version-history":[{"count":0,"href":"http:\/\/marburg.news\/index.php?rest_route=\/wp\/v2\/posts\/19675\/revisions"}],"wp:attachment":[{"href":"http:\/\/marburg.news\/index.php?rest_route=%2Fwp%2Fv2%2Fmedia&parent=19675"}],"wp:term":[{"taxonomy":"category","embeddable":true,"href":"http:\/\/marburg.news\/index.php?rest_route=%2Fwp%2Fv2%2Fcategories&post=19675"},{"taxonomy":"post_tag","embeddable":true,"href":"http:\/\/marburg.news\/index.php?rest_route=%2Fwp%2Fv2%2Ftags&post=19675"}],"curies":[{"name":"wp","href":"https:\/\/api.w.org\/{rel}","templated":true}]}}