{"id":19674,"date":"2026-03-08T18:34:21","date_gmt":"2026-03-08T17:34:21","guid":{"rendered":"http:\/\/marburg.news\/?p=19674"},"modified":"2026-03-08T18:34:21","modified_gmt":"2026-03-08T17:34:21","slug":"hagels-hoffnung-verhagelt-das-laendle-hat-gruen-gewaehlt","status":"publish","type":"post","link":"http:\/\/marburg.news\/?p=19674","title":{"rendered":"Hagels Hoffnung verhagelt: Das L\u00e4ndle hat gr\u00fcn gew\u00e4hlt"},"content":{"rendered":"<p>Baden-W\u00fcrttemberg bleibt gr\u00fcn. Cem \u00d6zdemir wird wahrscheinlich die Nachfolge von Winfried Kretschmann antreten. <!--more--><br \/>\nLaut einer Umfrage von Infratest dimap erreicht die gr\u00fcn-schwarze Landesregierung in Stuttgart mehr als 60 Prozent der Landtagsmandate. Die Gr\u00fcnen erhalten danach gut 32 Prozent. Mit gut 29 Prozent ramgiert die CDU auf dem zweiten Platz. Dahinter kommt die AfD mit gut 17 Prozent vor der SPD mit 5,5 Prozent.<br \/>\nWenn sich dieses Ergebnis so bewahrheitet, dann ist das vor Allem ein Erfolg f\u00fcr Cem \u00d6zdemir. Der charismatische L\u00e4ndle-Migrant hat dem eher farblosen CDU-Kandidaten Manuel Hagel eindeutig die Schau gestohlen. Das schlechte Ergbenis von SPD sowie von FDP und Linken, die beide nicht mehr in den Stuttgarter Landtag einziehen, legt nahe, dass manche ihrer Anh\u00e4nger ihr Kreuz dann doch lieber bei den Gr\u00fcnen gemacht haben, um \u00d6zdemir auf den Sessel des Ministerpr\u00e4sidenten zu w\u00e4hlen.<br \/>\nNoch ist das Wahlergebnis nicht endg\u00fcltig. Doch die Tendenz deutet schon darauf hin, dass die Schwaben ihrem Ruf als eher konservative Anh\u00e4nger von Ordnung und Anstand gerecht geworden sind. So bleibt dort wohl alles beim Alten, auch wenn der &#8222;Landesvater&#8220; wechselt.<br \/>\nAuf die baden-w\u00fcrttembergische Landtagswahl folgen mit nur einer Woche Abstand bereits die <a href=\"http:\/\/wahl.marburgviews.de\/2026\">Kommunalwahlen in Hessen<\/a>. Marburg k\u00f6nnte da eine Parallele zu Stuttgart herstellen, indem auch hier Die Gr\u00fcnen st\u00e4rkste Partei werden. Die CDU dagegen d\u00fcrfte in der mittelhessischen Universit\u00e4tsstadt wenig Aussichten auf den zweiten Platz haben. Da ist in Marburg dann doch wohl eher die SPD st\u00e4rker.<br \/>\nAuch Die Linke hat gute Chancen, in Marburg \u00fcberdurchschnittlich gut abzuschneiden. Die AfD hingegen d\u00fcrfte es in der progressiv-solidarischen Studentenstadt wohl eher schwer haben. Die FDP wird sich nach ihrem Wahldebakel in Baden-W\u00fcrttemberg wohl warm anziehen m\u00fcssen, stehen ihre Zukunftsaussichten damit bundesweit ziemlich schlecht. Wichtig ist in jedem Fall aber, dass ale Wahlberechtigten von ihrem Stimmrecht Gebrauch machen und mit ihrem Votum die Demokratie auch vor Ort st\u00e4rken.<\/p>\n<p>* <a href=\"http:\/\/marburg.news\/team\/fjh\">Franz-Josef Hanke<\/a><\/p>\n","protected":false},"excerpt":{"rendered":"<p>Baden-W\u00fcrttemberg bleibt gr\u00fcn. Cem \u00d6zdemir wird wahrscheinlich die Nachfolge von Winfried Kretschmann antreten.<\/p>\n","protected":false},"author":2,"featured_media":0,"comment_status":"closed","ping_status":"open","sticky":false,"template":"","format":"standard","meta":{"advanced_seo_description":"","spay_email":"","jetpack_publicize_message":"","jetpack_is_tweetstorm":false,"jetpack_publicize_feature_enabled":true},"categories":[2],"tags":[7402,271,1608],"jetpack_featured_media_url":"","jetpack_publicize_connections":[],"jetpack_sharing_enabled":true,"jetpack_shortlink":"https:\/\/wp.me\/p8mhvd-57k","jetpack-related-posts":[{"id":17561,"url":"http:\/\/marburg.news\/?p=17561","url_meta":{"origin":19674,"position":0},"title":"Marburg motiviert: Die mittelhessische Universit\u00e4tsstadt ist gr\u00fcn, rot und noch lange nicht blau","date":"24. Februar 2025","format":false,"excerpt":"Wieder einmal hat Marburg anders gew\u00e4hlt als der Rest von Deutschland. Mit 10.799 Stimmen und 22,51 Prozent sind Die Gr\u00fcnen im Stadtgebiet st\u00e4rkste Partei. Damit konnten sie ihr Ergebnis von der Landtagswahl 2023 allerdings nicht ganz erreichen. Damals verbuchten sie in der Stadt Marburg 25,8 Prozent. Bei der Europawahl 2024\u2026","rel":"","context":"In &quot;Politik&quot;","img":{"alt_text":"","src":"","width":0,"height":0},"classes":[]},{"id":17560,"url":"http:\/\/marburg.news\/?p=17560","url_meta":{"origin":19674,"position":1},"title":"Bartol bleibt: Die vorl\u00e4ufigen Ergebnisse im Wahlkreis 170","date":"24. Februar 2025","format":false,"excerpt":"S\u00f6ren bartol bleibt der Vertreter des Wahlkreises 170 im Deutschen Bundestag. Bei der Bundestagswahl am Sonntag (23. Februar) errang er 30,3 Prozent der Erststimmen. Insgesamt 45.774 Wahlberechtigte stimmten am Sonntag (23. Februar f\u00fcr den Staatssekret\u00e4r S\u00f6ren Bartol von der SPD. Gegen\u00fcber der Bundestagswahl 2021 ist sein Stimmanteil damit jedoch um\u2026","rel":"","context":"In &quot;Politik&quot;","img":{"alt_text":"","src":"","width":0,"height":0},"classes":[]},{"id":19720,"url":"http:\/\/marburg.news\/?p=19720","url_meta":{"origin":19674,"position":2},"title":"Stand der Stadtverordnetenwahl: CDU vor Gr\u00fcnen, SPD und Linken","date":"16. M\u00e4rz 2026","format":false,"excerpt":"Die Ergebnisse der Kommunalwahl wurden am Montag (16. M\u00e4rz) noch ausgez\u00e4hlt. Bei 104 von 121 eingegangenen Ergebnissen zur Wahl der Stadtverordnetenversammlung war der Stand am Abend schon relativ klar. St\u00e4rkste Partei in der Stadtverordnetenversammlung (StVV) ist nachvorl\u00e4ufigem Ausz\u00e4hlungsstand die CDU mit 23,67 Prozent vor den Gr\u00fcnen mit 18,78 Prozent und\u2026","rel":"","context":"In &quot;Politik&quot;","img":{"alt_text":"","src":"","width":0,"height":0},"classes":[]},{"id":1134,"url":"http:\/\/marburg.news\/?p=1134","url_meta":{"origin":19674,"position":3},"title":"bartol bleibt im Bundestag: AfD auch in Marburg drittst\u00e4rkste Partei","date":"25. September 2017","format":false,"excerpt":"S\u00f6ren bartol hat das Direktmandat im Wahlkreis 171 behauptet. Mit 35,72 Prozent der Erststimmen zieht der SPD-Abgeordnete erneut f\u00fcr Marburg-Biedenkopf in den Bundestag ein. Dr. Stefan Heck von der CDU kam auf 33,38 Prozent der Erststimmen. Den dritten Platz belegte Julian Schmidt von der AfD mit 10,23 Prozent. Als einzige\u2026","rel":"","context":"In &quot;Politik&quot;","img":{"alt_text":"Bartol","src":"https:\/\/i0.wp.com\/marburg.news\/wp-content\/uploads\/2017\/08\/bartol01.jpg?fit=1000%2C849&resize=350%2C200","width":350,"height":200},"classes":[]},{"id":6736,"url":"http:\/\/marburg.news\/?p=6736","url_meta":{"origin":19674,"position":4},"title":"Ankreuzen und abz\u00e4hlen: Deutliche gr\u00fcn-rot-rote Mehrheit in der StVV","date":"19. M\u00e4rz 2021","format":false,"excerpt":"In Marburg gibt es eine deutliche Mehrheit \"links von der Mitte\". Zusammen verf\u00fcgen Gr\u00fcne, SPD und Linke \u00fcber 36 der 59 Sitze im Stadtparlament. Das Vorl\u00e4ufige Amtliche Endergebnis der Wahl zur Stadtverordnetenversammlung (StVV) am Sonntag (14. M\u00e4rz) hat f\u00fcr die Gr\u00fcnen bei 26,01 Prozent der kumulierten und panaschierten Stimmen 15\u2026","rel":"","context":"In &quot;Politik&quot;","img":{"alt_text":"","src":"","width":0,"height":0},"classes":[]},{"id":2763,"url":"http:\/\/marburg.news\/?p=2763","url_meta":{"origin":19674,"position":5},"title":"Hessen hat gew\u00e4hlt: Bamberger gewinnt Direktmandat f\u00fcr Marburg","date":"29. Oktober 2018","format":false,"excerpt":"Dirk Bamberger hat das Direktmandat im Wahlkreis 13 gewonnen. Mit 28,68 Prozent lag er vor Handan \u00d6zg\u00fcven von der SPDD. Insgesamt erhielt der cDU-Bewerber 18.531 Stimmen. Die bisherige Inhaberin des Marburger Direktmandats kam hingegen auf nur 16.330 Stimmen oder 25,28 Prozent. Den dritten Platz belegte die Gr\u00fcnen-Landesvorsitzende Angela Dorn mit\u2026","rel":"","context":"In &quot;Politik&quot;","img":{"alt_text":"Dirk Bamberger","src":"https:\/\/i0.wp.com\/marburg.news\/wp-content\/uploads\/2018\/09\/bamberger15.jpg?fit=675%2C1200&resize=350%2C200","width":350,"height":200},"classes":[]}],"_links":{"self":[{"href":"http:\/\/marburg.news\/index.php?rest_route=\/wp\/v2\/posts\/19674"}],"collection":[{"href":"http:\/\/marburg.news\/index.php?rest_route=\/wp\/v2\/posts"}],"about":[{"href":"http:\/\/marburg.news\/index.php?rest_route=\/wp\/v2\/types\/post"}],"author":[{"embeddable":true,"href":"http:\/\/marburg.news\/index.php?rest_route=\/wp\/v2\/users\/2"}],"replies":[{"embeddable":true,"href":"http:\/\/marburg.news\/index.php?rest_route=%2Fwp%2Fv2%2Fcomments&post=19674"}],"version-history":[{"count":0,"href":"http:\/\/marburg.news\/index.php?rest_route=\/wp\/v2\/posts\/19674\/revisions"}],"wp:attachment":[{"href":"http:\/\/marburg.news\/index.php?rest_route=%2Fwp%2Fv2%2Fmedia&parent=19674"}],"wp:term":[{"taxonomy":"category","embeddable":true,"href":"http:\/\/marburg.news\/index.php?rest_route=%2Fwp%2Fv2%2Fcategories&post=19674"},{"taxonomy":"post_tag","embeddable":true,"href":"http:\/\/marburg.news\/index.php?rest_route=%2Fwp%2Fv2%2Ftags&post=19674"}],"curies":[{"name":"wp","href":"https:\/\/api.w.org\/{rel}","templated":true}]}}