{"id":19673,"date":"2026-03-07T17:51:39","date_gmt":"2026-03-07T16:51:39","guid":{"rendered":"http:\/\/marburg.news\/?p=19673"},"modified":"2026-03-07T17:51:39","modified_gmt":"2026-03-07T16:51:39","slug":"8-maerz-verkehrsbeeintraechtigungen-in-der-innenstadt","status":"publish","type":"post","link":"http:\/\/marburg.news\/?p=19673","title":{"rendered":"8. M\u00e4rz: Verkehrsbeeintr\u00e4chtigungen in der Innenstadt"},"content":{"rendered":"<p>Verkehrsbeeintr\u00e4chtigungen in der Innenstadt am Sonntag 8. M\u00e4rz) hat die Stadt Marburg angek\u00fcndigt. Sie sollen von 16 bis 19 Uhr andauern. <!--more--><br \/>\nAufgrund einer sich fortbewegenden Versammlung mit mehreren Kundgebungen ist am Sonntag (8. M\u00e4rz) im Zeitraum von 16 bis 19 Uhr mit Verkehrsbeeintr\u00e4chtigungen im Marburger Innenstadtraum zu rechnen. Ortskundigen Verkehrsteilnehmer*innen wird empfohlen, die Innenstadt gro\u00dfr\u00e4umig zu umfahren.<\/p>\n<p>* pm: Stadt Marburg<\/p>\n","protected":false},"excerpt":{"rendered":"<p>Verkehrsbeeintr\u00e4chtigungen in der Innenstadt am Sonntag 8. M\u00e4rz) hat die Stadt Marburg angek\u00fcndigt. Sie sollen von 16 bis 19 Uhr andauern.<\/p>\n","protected":false},"author":2,"featured_media":0,"comment_status":"closed","ping_status":"open","sticky":false,"template":"","format":"standard","meta":{"advanced_seo_description":"","spay_email":"","jetpack_publicize_message":"","jetpack_is_tweetstorm":false,"jetpack_publicize_feature_enabled":true},"categories":[2,4],"tags":[1909,3639,7394],"jetpack_featured_media_url":"","jetpack_publicize_connections":[],"jetpack_sharing_enabled":true,"jetpack_shortlink":"https:\/\/wp.me\/p8mhvd-57j","jetpack-related-posts":[{"id":18878,"url":"http:\/\/marburg.news\/?p=18878","url_meta":{"origin":19673,"position":0},"title":"Mehrere Gr\u00fcnde: Verkehrsbehinderungen in der Innenstadt am 25. Oktober","date":"23. Oktober 2025","format":false,"excerpt":"Auf Verkehrsbeeintr\u00e4chtigungen in der Innenstadt am Samstag (25. Oktober) hat die Stadt hingewiesen. Grund sind gleich mehrere Demonstrationen und Veranstaltungen. Aufgrund mehrerer Demonstrationen und Veranstaltungen im Stadtgebiet, ist am Samstag (25. Oktober) von zirka 11 bis voraussichtlich 16 Uhr mit Verkehrsbeeintr\u00e4chtigungen in der Marburger Innenstadt zu rechnen. Ortskundigen Verkehrsteilnehmenden wird\u2026","rel":"","context":"In &quot;Politik&quot;","img":{"alt_text":"","src":"","width":0,"height":0},"classes":[]},{"id":19647,"url":"http:\/\/marburg.news\/?p=19647","url_meta":{"origin":19673,"position":1},"title":"Oberstadt dicht gemacht: Stadt k\u00fcndigt Intervallsperrungen an","date":"3. M\u00e4rz 2026","format":false,"excerpt":"Verkehrseinschr\u00e4nkungen in der Oberstadt hat die Stadt Marburg am Dienstag (3. M\u00e4rz) angek\u00fcndigt. Von Mittwoch (4. MN\u00e4rz) bis Freitag (6. M\u00e4rz soll es dort Intervallsperrungen geben. Im Bereich der Oberstadt kann es im Zeitraum von Mittwoch (4. M\u00e4rz) bis Freitag (6. M\u00e4rz) zu geringf\u00fcgigen Verkehrsbehinderungen durch kurzzeitige Intervallsperrungen kommen. Diese\u2026","rel":"","context":"In &quot;Soziales&quot;","img":{"alt_text":"","src":"","width":0,"height":0},"classes":[]},{"id":14695,"url":"http:\/\/marburg.news\/?p=14695","url_meta":{"origin":19673,"position":2},"title":"Neue Baumf\u00e4llarbeiten: Wiederholte Verkehrsbeeintr\u00e4chtigungen in Marbach","date":"2. Januar 2024","format":false,"excerpt":"Verkehrsbeeintr\u00e4chtigungen am 6. und 13. Januar hat die Stadt am Dienstag (2. Januar) gemeldet. Betroffen sind der Ginsterweg und die Emil-von-Behring-Stra\u00dfe. Aufgrund von Baumf\u00e4llarbeiten wird der Ginsterweg an der Ausfahrt zur Emil-von-Behring-Stra\u00dfe am Samstag (6. Januar) und am Samstag (13. Januar) vollgesperrt. Der Verkehr wird w\u00e4hrend der Arbeiten \u00fcber die\u2026","rel":"","context":"In &quot;Soziales&quot;","img":{"alt_text":"","src":"","width":0,"height":0},"classes":[]},{"id":13192,"url":"http:\/\/marburg.news\/?p=13192","url_meta":{"origin":19673,"position":3},"title":"Lange Leitungen, lange Arbeiten: Bis November Verkehrsbeeintr\u00e4chtigungen auf dem Richtsberg","date":"9. Juli 2023","format":false,"excerpt":"Bauarbeiten auf dem Richtsberg f\u00fchren bis in den Herbst hinein zu Verkehrseinschr\u00e4nkungen. Sie betreffen gro\u00dfe Teile des Marburger Stadtteils. Im Zuge der Verlegung von Versorgungsleitungen im Bereich des oberen Richtsbergs kommt es in den Stra\u00dfen Leipziger und Berliner Stra\u00dfe, Am Richtsberg, Rostocker und Greifswalder Weg, zu Verkehrseinschr\u00e4nkungen. Die Bauma\u00dfnahme stellt\u2026","rel":"","context":"In &quot;Soziales&quot;","img":{"alt_text":"","src":"","width":0,"height":0},"classes":[]},{"id":19679,"url":"http:\/\/marburg.news\/?p=19679","url_meta":{"origin":19673,"position":4},"title":"Gegen Gewohnheit: Ge\u00e4nderte Busfahrpl\u00e4ne wegen Bauarbeiten","date":"9. M\u00e4rz 2026","format":false,"excerpt":"Die s\u00fcdliche Zufahrt der Lahnberge wird ab Sonntag (22. M\u00e4rz) bis voraussichtlich Samstag (25. April) gesperrt. Das hat erhebliche Auswirkungen auf den Stadtbusverkehr. Die Ma\u00dfnahme unterteilt sich in die Abschnitte 2 bis 4b. Um f\u00fcr Fahrpersonal und Kunden eine Einheitlichkeit herbeizuf\u00fchren, haben die Stadtwerke sich dazu entschieden, in diesen Bauabschnitten\u2026","rel":"","context":"In &quot;Soziales&quot;","img":{"alt_text":"","src":"","width":0,"height":0},"classes":[]},{"id":19710,"url":"http:\/\/marburg.news\/?p=19710","url_meta":{"origin":19673,"position":5},"title":"Vor der Wahl: Gleich mehrere Demonstrationen in Mittelhessen","date":"14. M\u00e4rz 2026","format":false,"excerpt":"Das Polizeipr\u00e4sidium Mittelhessen begleitet am Samstag (14. M\u00e4rz) mehrere Demonstrationslagen und Veranstaltungen in der mittelhessischen Region. Insbesondere in Marburg und Gie\u00dfen wurde eine Vielzahl an Infost\u00e4nden der Parteien angemeldet. Im Zusammenhang mit den Kommunalwahlen am Sonntag (15. M\u00e4rz) ist in Gie\u00dfen f\u00fcr den Nachmittag ab 14 Uhr eine Versammlung mit\u2026","rel":"","context":"In &quot;Politik&quot;","img":{"alt_text":"","src":"","width":0,"height":0},"classes":[]}],"_links":{"self":[{"href":"http:\/\/marburg.news\/index.php?rest_route=\/wp\/v2\/posts\/19673"}],"collection":[{"href":"http:\/\/marburg.news\/index.php?rest_route=\/wp\/v2\/posts"}],"about":[{"href":"http:\/\/marburg.news\/index.php?rest_route=\/wp\/v2\/types\/post"}],"author":[{"embeddable":true,"href":"http:\/\/marburg.news\/index.php?rest_route=\/wp\/v2\/users\/2"}],"replies":[{"embeddable":true,"href":"http:\/\/marburg.news\/index.php?rest_route=%2Fwp%2Fv2%2Fcomments&post=19673"}],"version-history":[{"count":0,"href":"http:\/\/marburg.news\/index.php?rest_route=\/wp\/v2\/posts\/19673\/revisions"}],"wp:attachment":[{"href":"http:\/\/marburg.news\/index.php?rest_route=%2Fwp%2Fv2%2Fmedia&parent=19673"}],"wp:term":[{"taxonomy":"category","embeddable":true,"href":"http:\/\/marburg.news\/index.php?rest_route=%2Fwp%2Fv2%2Fcategories&post=19673"},{"taxonomy":"post_tag","embeddable":true,"href":"http:\/\/marburg.news\/index.php?rest_route=%2Fwp%2Fv2%2Ftags&post=19673"}],"curies":[{"name":"wp","href":"https:\/\/api.w.org\/{rel}","templated":true}]}}