{"id":19670,"date":"2026-03-06T16:10:00","date_gmt":"2026-03-06T15:10:00","guid":{"rendered":"http:\/\/marburg.news\/?p=19670"},"modified":"2026-03-06T16:10:00","modified_gmt":"2026-03-06T15:10:00","slug":"schulweit-spenden-fuer-mitwirkung-beim-hoergenuss","status":"publish","type":"post","link":"http:\/\/marburg.news\/?p=19670","title":{"rendered":"Schulweit: Spenden f\u00fcr Mitwirkung beim &#8222;H\u00f6rgenuss&#8220;"},"content":{"rendered":"<p>Die Mitwirkenden Schulen beim &#8222;H\u00f6rgenuss&#8220; 2025 haben Spendengelder erhalten. Insgesamt wurden 2.000 Euro wurden an vier Schulen verteilt. <!--more--><br \/>\n\u00dcber 200 Sch\u00fclerinnen und Sch\u00fcler pr\u00e4sentierten am 5. Dezember 2025 in der Lutherischen Pfarrkirche St. Marien in Marburg die musikalische Vielfalt der Schulen im Landkreis Marburg-Biedenkopf. Ihr &#8222;H\u00f6rgenuss&#8220;-Konzert begeisterte die Zuschauenden und Zuh\u00f6renden mit hoher Qualit\u00e4t. Jetzt hat Landrat Jens Womelsdorf die eingenommenen Spenden an die Vertreterinnen und Vertreter der Schulen weitergegeben.<br \/>\n&#8222;Der H\u00f6rgenuss hat die hohe musikalische Leistungsst\u00e4rke der Schulen im Landkreis wieder einmal deutlich gemacht&#8220;, erkl\u00e4rte Landrat Jens Womelsdorf. &#8222;Ein gro\u00dfes Lob an die mitwirkenden Sch\u00fclerinnen und Sch\u00fcler f\u00fcr deren Leistungen und gleichzeitig ein gro\u00dfes Lob an die Lehrkr\u00e4fte f\u00fcr die musikalische Ausbildung an den mitwirkenden Schulen. Das hat wieder einmal richtig viel Spa\u00df gemacht und ist immer ein H\u00f6hepunkt am Jahresende. Bei der Veranstaltung kam die Spendensumme von 1.545 Euro zusammen, die &#8211; wie angek\u00fcndigt &#8211; komplett zur musikalischen F\u00f6rderung an die mitwirkenden Schulen weitergegeben wird.&#8220;<br \/>\nAuch Sparkassen-Kommunikationsleiter Michael Frantz w\u00fcrdigte die Veranstaltung: &#8222;Die Sparkasse Marburg-Biedenkopf unterst\u00fctzt das Projekt H\u00f6rgenuss von Beginn an. Und wir freuen uns immer wieder \u00fcber die hohe musikalische Qualit\u00e4t, die die Schulen bei dieser Veranstaltung pr\u00e4sentieren.&#8220;<br \/>\nDurch die erg\u00e4nzende Spende der Sparkasse konnte die Spendensumme auf 2.000 Euro aufgestockt werden. Somit erhalten die Alfred-Wegener-Schule in Kirchhain, die Europaschule in Gladenbach, die Lahntalschule in Biedenkopf sowie die Martin-Luther-Schule in Marburg jeweils 500 Euro f\u00fcr die musikalische Bildung.<br \/>\nDie Kreisverwaltung hatte die Veranstaltung organisiert, f\u00fcr die passenden Rahmenbedingungen gesorgt und die gelungene und aufw\u00e4ndige Technik sowie die Beleuchtung durch die Firma Flashlight gezahlt. Auch bei Pfarrer Uli Biskamp bedankte sich Landrat Jens Womelsdorf ausdr\u00fccklich. Der Pfarrer half engagiert bei der Veranstaltung und ist mit daf\u00fcr zust\u00e4ndig, dass der &#8222;H\u00f6rgenuss im Advent&#8220; inzwischen zu einem festen Ereignis in der Lutherischen Pfarrkirche geworden ist.<\/p>\n<p>* pm: Landkreis Marburg-Biedenkopf<\/p>\n","protected":false},"excerpt":{"rendered":"<p>Die Mitwirkenden Schulen beim &#8222;H\u00f6rgenuss&#8220; 2025 haben Spendengelder erhalten. Insgesamt wurden 2.000 Euro wurden an vier Schulen verteilt.<\/p>\n","protected":false},"author":2,"featured_media":0,"comment_status":"closed","ping_status":"open","sticky":false,"template":"","format":"standard","meta":{"advanced_seo_description":"","spay_email":"","jetpack_publicize_message":"","jetpack_is_tweetstorm":false,"jetpack_publicize_feature_enabled":true},"categories":[5,3],"tags":[2203,358,365],"jetpack_featured_media_url":"","jetpack_publicize_connections":[],"jetpack_sharing_enabled":true,"jetpack_shortlink":"https:\/\/wp.me\/p8mhvd-57g","jetpack-related-posts":[{"id":19103,"url":"http:\/\/marburg.news\/?p=19103","url_meta":{"origin":19670,"position":0},"title":"Keine Klangeweile: Schulen pr\u00e4sentieren H\u00f6rgenuss im Advent","date":"25. November 2025","format":false,"excerpt":"Beim \"H\u00f6rgenuss im Advent\" stimmen vier Schulen das Publikum auf Weihnachten ein. Das Konzert findet am Freitag (5. Dezember) in der Lutherischen Pfarrkirche statt. \u00dcber 200 Sch\u00fclerinnen und Sch\u00fcler pr\u00e4sentieren am Freitag (5. Dezember) in der Lutherischen Pfarrkirche St. Marien am Lutherischen Kirchhof in Marburg unter dem Titel \"H\u00f6rgenuss im\u2026","rel":"","context":"In &quot;Kultur&quot;","img":{"alt_text":"","src":"","width":0,"height":0},"classes":[]},{"id":14504,"url":"http:\/\/marburg.news\/?p=14504","url_meta":{"origin":19670,"position":1},"title":"Maximaler Anklang: Schulen pr\u00e4sentieren H\u00f6rgenuss im Advent","date":"30. November 2023","format":false,"excerpt":"Zum \"H\u00f6rgenuss im Advent\" l\u00e4dt der Landkreis Marburg-Biedenkopf auch in diesem Jahr wieder in die Lutherische Pfarrkirche ein. Sch\u00fclerinnen und Sch\u00fcler verschiedener Schulen gestalten das musikalische Programm. Unter dem Titel \"H\u00f6rgenuss im Advent\" pr\u00e4sentieren Sch\u00fclerinnen und Sch\u00fcler am Freitag (8. Dezember) in der Lutherischen Pfarrkirche St. Marien am Lutherischen Kirchhof\u2026","rel":"","context":"In &quot;Kultur&quot;","img":{"alt_text":"","src":"","width":0,"height":0},"classes":[]},{"id":16990,"url":"http:\/\/marburg.news\/?p=16990","url_meta":{"origin":19670,"position":2},"title":"Musikalische Vielfalt: Erneuter H\u00f6rgenuss im Advent","date":"28. November 2024","format":false,"excerpt":"Der Kreis bietet wieder einen \"H\u00f6rgenuss im Advent\". Dabei pr\u00e4sentieren Schulen aus dem Landkreis musikalische Vielfalt. \u00dcber 100 Sch\u00fclerinnen und Sch\u00fcler pr\u00e4sentieren am Freitag (6. Dezember) in der Lutherischen Pfarrkirche St. Marien am Lutherischen Kirchhof unter dem Titel \"H\u00f6rgenuss im Advent\" wieder die musikalische Vielfalt der Schulen im Landkreis Marburg-Biedenkopf.\u2026","rel":"","context":"In &quot;Kultur&quot;","img":{"alt_text":"","src":"","width":0,"height":0},"classes":[]},{"id":11295,"url":"http:\/\/marburg.news\/?p=11295","url_meta":{"origin":19670,"position":3},"title":"Hineingesungen: Sch\u00fcler pr\u00e4sentieren H\u00f6rgenuss im Advent","date":"25. November 2022","format":false,"excerpt":"Drei Schulen pr\u00e4sentieren in der Lutherischen Pfarrkirche einen \"H\u00f6rgenuss im Advent\". Vielf\u00e4ltige Musikbeitr\u00e4ge stimmen am Freitag (2. Dezember) auf die Weihnachtszeit ein. Mehr als 100 Sch\u00fclerinnen und Sch\u00fcler pr\u00e4sentieren am Freitag (2. Dezember) in der Lutherischen Pfarrkirche St. Marien die musikalische Vielfalt der Schulen im Landkreis Marburg-Biedenkopf. Das Konzert beginnt\u2026","rel":"","context":"In &quot;Kultur&quot;","img":{"alt_text":"","src":"","width":0,"height":0},"classes":[]},{"id":11409,"url":"http:\/\/marburg.news\/?p=11409","url_meta":{"origin":19670,"position":4},"title":"Trotz Corona: 120 Sch\u00fcler pr\u00e4sentierten H\u00f6rgenuss im Advent","date":"8. Dezember 2022","format":false,"excerpt":"Vielseitige Musikbeitr\u00e4ge stimmten in der Lutherischen Pfarrkirche auf die Weihnachtszeit ein. Sch\u00fclerinnen und Sch\u00fcler haben dort wieder einen \"H\u00f6rgenuss im Advent\" pr\u00e4sentiert. Rund 120 Sch\u00fclerinnen und Sch\u00fcler haben am Freitag (2. Dezember) in der Lutherischen Pfarrkirche wieder einen \"H\u00f6rgenuss im Advent\" geboten. Ensembles sowie Solistinnen und Solisten der Lahntalschule Biedenkopf,\u2026","rel":"","context":"In &quot;Bildung&quot;","img":{"alt_text":"","src":"","width":0,"height":0},"classes":[]},{"id":19183,"url":"http:\/\/marburg.news\/?p=19183","url_meta":{"origin":19670,"position":5},"title":"Erfolgreiches Event: Schulen pr\u00e4sentierten H\u00f6rgenuss im advent","date":"9. Dezember 2025","format":false,"excerpt":"Sch\u00fclerinnen und Sch\u00fcler stimmen auf Weihnachten ein. In der Lutherischen Pfarrkirche pr\u00e4sentierten sie am Freitag (5. Dezember) einen musikalischen \"H\u00f6rgenuss im Advent\". Mit dem traditionellen Konzert \"H\u00f6rgenuss im Advent\" hat der Landkreis Marburg-Biedenkopf wieder gemeinsam mit Sch\u00fclerinnen und Sch\u00fclern heimischer Schulen auf das Weihnachtsfest eingestimmt. Sch\u00fclerinnen und Sch\u00fcler der Europaschule\u2026","rel":"","context":"In &quot;Kultur&quot;","img":{"alt_text":"","src":"","width":0,"height":0},"classes":[]}],"_links":{"self":[{"href":"http:\/\/marburg.news\/index.php?rest_route=\/wp\/v2\/posts\/19670"}],"collection":[{"href":"http:\/\/marburg.news\/index.php?rest_route=\/wp\/v2\/posts"}],"about":[{"href":"http:\/\/marburg.news\/index.php?rest_route=\/wp\/v2\/types\/post"}],"author":[{"embeddable":true,"href":"http:\/\/marburg.news\/index.php?rest_route=\/wp\/v2\/users\/2"}],"replies":[{"embeddable":true,"href":"http:\/\/marburg.news\/index.php?rest_route=%2Fwp%2Fv2%2Fcomments&post=19670"}],"version-history":[{"count":0,"href":"http:\/\/marburg.news\/index.php?rest_route=\/wp\/v2\/posts\/19670\/revisions"}],"wp:attachment":[{"href":"http:\/\/marburg.news\/index.php?rest_route=%2Fwp%2Fv2%2Fmedia&parent=19670"}],"wp:term":[{"taxonomy":"category","embeddable":true,"href":"http:\/\/marburg.news\/index.php?rest_route=%2Fwp%2Fv2%2Fcategories&post=19670"},{"taxonomy":"post_tag","embeddable":true,"href":"http:\/\/marburg.news\/index.php?rest_route=%2Fwp%2Fv2%2Ftags&post=19670"}],"curies":[{"name":"wp","href":"https:\/\/api.w.org\/{rel}","templated":true}]}}