{"id":19669,"date":"2026-03-06T15:45:00","date_gmt":"2026-03-06T14:45:00","guid":{"rendered":"http:\/\/marburg.news\/?p=19669"},"modified":"2026-03-06T15:45:00","modified_gmt":"2026-03-06T14:45:00","slug":"krisenweit-fachtagung-zur-versorgung-amputierter-kinder","status":"publish","type":"post","link":"http:\/\/marburg.news\/?p=19669","title":{"rendered":"Krisenweit: Fachtagung zur Versorgung amputierter Kinder"},"content":{"rendered":"<p>Die Fachtagung &#8222;Re-Move Kids&#8220; findet am Samstag (28. M\u00e4rz) in Marburg statt. Dieses Projekt widmet sich der spezialisierten medizinischen Versorgung amputierter Kinder aus Krisengebieten. <!--more--><br \/>\nDabei geht es um weit mehr als &#8222;nur&#8220; humanit\u00e4re Hilfe: Die Veranstalter wollen aufzeigen, wie durch hochspezialisierte Medizin &#8211; von innovativer Prothetik aus dem 3D-Drucker bis hin zur komplexen Rehabilitation &#8211;<br \/>\ntraumatisierten Kindern ein St\u00fcck Zukunft zur\u00fcckgegeben werden kann. Daf\u00fcr bringen sie f\u00fchrende Experten, Techniker und Hilfsorganisationen zusammen. Alle Details zum Programm und die Online-Anmeldung finden Interessierte auf der Projektseite <a href=\"https:\/\/www.re-move-kids.de\/\">www.re-move-kids.de\/<\/a>.<\/p>\n<p>* pm: Re-Move Kids, Marburg<\/p>\n","protected":false},"excerpt":{"rendered":"<p>Die Fachtagung &#8222;Re-Move Kids&#8220; findet am Samstag (28. M\u00e4rz) in Marburg statt. Dieses Projekt widmet sich der spezialisierten medizinischen Versorgung amputierter Kinder aus Krisengebieten.<\/p>\n","protected":false},"author":2,"featured_media":0,"comment_status":"closed","ping_status":"open","sticky":false,"template":"","format":"standard","meta":{"advanced_seo_description":"","spay_email":"","jetpack_publicize_message":"","jetpack_is_tweetstorm":false,"jetpack_publicize_feature_enabled":true},"categories":[5,4],"tags":[7400,173,701],"jetpack_featured_media_url":"","jetpack_publicize_connections":[],"jetpack_sharing_enabled":true,"jetpack_shortlink":"https:\/\/wp.me\/p8mhvd-57f","jetpack-related-posts":[{"id":19776,"url":"http:\/\/marburg.news\/?p=19776","url_meta":{"origin":19669,"position":0},"title":"Trinkgeldspende: Geld von Wein &#038; K\u00e4se f\u00fcr Kinder in Pal\u00e4stina","date":"25. M\u00e4rz 2026","format":false,"excerpt":"1.000 Euro sind durch eine Trinkgeldsammel-Aktion des Wein & K\u00e4se Teams in Marburg zusammengekommen. Dieser Betrag wird helfen, die medizinische Versorgung, Rehabilitation und psychosoziale Unterst\u00fctzung von Kindern in Nahost verbessern. \"Meine Mitarbeiter*innen haben \u00fcber einen l\u00e4ngeren Zeitraum ihr Trinkgeld gesammelt\", berichtete Robert Sabo, Inhaber von Wein & K\u00e4se in Marburg.\u2026","rel":"","context":"In &quot;Soziales&quot;","img":{"alt_text":"","src":"","width":0,"height":0},"classes":[]},{"id":9592,"url":"http:\/\/marburg.news\/?p=9592","url_meta":{"origin":19669,"position":1},"title":"Orte der Aktion: Fachtag f\u00fcr Nachwuchs in der Jugendhilfe","date":"19. Mai 2022","format":false,"excerpt":"Einblicke in ihre Arbeit bei der station\u00e4ren Jugendhilfe haben junge Fachkr\u00e4fte bei einem Fachtag f\u00fcr den Nachwuchs gegeben. Dieses Angebot ist einmalig in Hessen. Beim Fachtag \"Stark Nachgefragt - Perspektiven der zuk\u00fcnftigen Fachkr\u00e4fte\" haben sich die Teilnehmenden mit jungen Fachkr\u00e4ften aus Jugendhilfeeinrichtungen ausgetauscht, um ein realistisches Bild dieser beruflichen Perspektive\u2026","rel":"","context":"In &quot;Bildung&quot;","img":{"alt_text":"","src":"","width":0,"height":0},"classes":[]},{"id":5024,"url":"http:\/\/marburg.news\/?p=5024","url_meta":{"origin":19669,"position":2},"title":"Entscheidung: 500 Teilnehmende bei virtueller DaF-Fachtagung","date":"27. April 2020","format":false,"excerpt":"Mit den zunehmenden Migrationsbewegungen r\u00fcckt auch das Fach \"Deutsch als Fremdsprache\" (DaF) in den Fokus der \u00d6ffentlichkeit. Von Mittwoch (22. April) bis Donnerstag (23. April) stand es im Zentrum einer gro\u00dfen virtuellen Fachtagung der Philipps-Universit\u00e4t. Gute Sprachkompetenzen legen den Grundstein f\u00fcr gesellschaftliche Teilhabe, sei es in der Schule, Hochschule oder\u2026","rel":"","context":"In &quot;Bildung&quot;","img":{"alt_text":"","src":"","width":0,"height":0},"classes":[]},{"id":15156,"url":"http:\/\/marburg.news\/?p=15156","url_meta":{"origin":19669,"position":3},"title":"Gut gekl\u00e4rt: Fachtagung zu kommunaler Konfliktbearbeitung","date":"7. M\u00e4rz 2024","format":false,"excerpt":"Eine Fachtagung zum Thema \"Kommunale Konfliktbearbeitung\" haben Stadt und Uni durchgef\u00fchrt. Sie stand unter dem Motto \"Konflikte in der \u00d6ffentlichkeit sehen - Gewalt verhindern\". Kommunale Konfliktbearbeitung ist ein vielschichtiges Thema. N\u00e4chtliche Partys im \u00f6ffentlichen Raum sorgen beispielsweise f\u00fcr Konflikte zwischen Feiernden und Anwohnenden. Zudem klagen Ordnungskr\u00e4fte, Feuerwehr und Rettungskr\u00e4fte \u00fcber\u2026","rel":"","context":"In &quot;Bildung&quot;","img":{"alt_text":"","src":"","width":0,"height":0},"classes":[]},{"id":19575,"url":"http:\/\/marburg.news\/?p=19575","url_meta":{"origin":19669,"position":4},"title":"F\u00fcr Kinder: Land unterst\u00fctzt Trauma-Beratungsstelle","date":"19. Februar 2026","format":false,"excerpt":"Das Land Hessen unterst\u00fctzt die Einrichtung einer \"Trauma-Anlaufstelle und Fachberatung f\u00fcr Kinder und Jugendliche\" (TAF) in Marburg. Sie soll Kinder sch\u00fctzen sowie Kinder- und Jugendgesundheit st\u00e4rken. mit rund 147.000 Euro st\u00e4rkt das Land Hessen den Kinderschutz und die Kinder- und Jugendgesundheit nachhaltig: F\u00fcr die Einrichtung einer \"Trauma-Anlaufstelle und Fachberatung f\u00fcr\u2026","rel":"","context":"In &quot;Soziales&quot;","img":{"alt_text":"","src":"","width":0,"height":0},"classes":[]},{"id":13309,"url":"http:\/\/marburg.news\/?p=13309","url_meta":{"origin":19669,"position":5},"title":"F\u00fcr Gesundheit: Angebote in Stadt und Landkreis","date":"19. Juli 2023","format":false,"excerpt":"\u201cGesund altern\u201d lautete das Motto der sechsten Pr\u00e4ventionskonferenz. Auch die Lebensabschnitte j\u00fcngerer Menschen wurden dabei in den Blick genommen.\u00a0 Die Pr\u00e4ventionskonferenz der Initiative \u201eGesundheit f\u00f6rdern \u2013 Versorgung st\u00e4rken\u201c bot einen Fachvortrag sowie Workshops. Auch einen Einblick zum aktuellen Stand des gemeinsamen Pr\u00e4ventionsplans von Stadt und Landkreis gab es. \u201eGesundheitsf\u00f6rderung und\u2026","rel":"","context":"In &quot;Soziales&quot;","img":{"alt_text":"","src":"","width":0,"height":0},"classes":[]}],"_links":{"self":[{"href":"http:\/\/marburg.news\/index.php?rest_route=\/wp\/v2\/posts\/19669"}],"collection":[{"href":"http:\/\/marburg.news\/index.php?rest_route=\/wp\/v2\/posts"}],"about":[{"href":"http:\/\/marburg.news\/index.php?rest_route=\/wp\/v2\/types\/post"}],"author":[{"embeddable":true,"href":"http:\/\/marburg.news\/index.php?rest_route=\/wp\/v2\/users\/2"}],"replies":[{"embeddable":true,"href":"http:\/\/marburg.news\/index.php?rest_route=%2Fwp%2Fv2%2Fcomments&post=19669"}],"version-history":[{"count":0,"href":"http:\/\/marburg.news\/index.php?rest_route=\/wp\/v2\/posts\/19669\/revisions"}],"wp:attachment":[{"href":"http:\/\/marburg.news\/index.php?rest_route=%2Fwp%2Fv2%2Fmedia&parent=19669"}],"wp:term":[{"taxonomy":"category","embeddable":true,"href":"http:\/\/marburg.news\/index.php?rest_route=%2Fwp%2Fv2%2Fcategories&post=19669"},{"taxonomy":"post_tag","embeddable":true,"href":"http:\/\/marburg.news\/index.php?rest_route=%2Fwp%2Fv2%2Ftags&post=19669"}],"curies":[{"name":"wp","href":"https:\/\/api.w.org\/{rel}","templated":true}]}}