{"id":19668,"date":"2026-03-06T15:40:00","date_gmt":"2026-03-06T14:40:00","guid":{"rendered":"http:\/\/marburg.news\/?p=19668"},"modified":"2026-03-06T15:40:00","modified_gmt":"2026-03-06T14:40:00","slug":"hessenweit-kreis-ruft-zur-teilnahme-an-kommunalwahl-auf","status":"publish","type":"post","link":"http:\/\/marburg.news\/?p=19668","title":{"rendered":"Hessenweit: Kreis ruft zur Teilnahme an Kommunalwahl auf"},"content":{"rendered":"<p>Die Kreisspitze ruft zur Teilnahme an den Kommunalwahlen auf. Die Wahlen bezeichnete sie als &#8222;Herzschlag der Demokratie&#8220;. <!--more--><br \/>\nAm Sonntag (15. M\u00e4rz) sind in Hessen Kommunalwahlen. In Marburg-Biedenkopf wird dann unter anderem ein <a href=\"http:\/\/wahl.marburgviews.de\">neuer Kreistag<\/a> gew\u00e4hlt. Der Kreistagsvorsitzende Detlef Ruffert, Landrat Jens Womelsdorf und der Erste Kreisbeigeordnete Peter Neidel w\u00fcnschen sich eine hohe Wahlbeteiligung.<br \/>\n&#8222;Wahlen sind der Herzschlag der Demokratie&#8220;, erkl\u00e4rte der Kreistagsvorsitzende Detlef Ruffert. &#8222;Sie sind die Basis unseres demokratischen Miteinanders.&#8220; Das gelte vor allem f\u00fcr die kommunale Ebene, best\u00e4tigen Landrat Jens Womelsdorf und der Erste Kreisbeigeordnete Peter Neidel.<br \/>\n&#8222;Hier, wie auch in den St\u00e4dten und Gemeinden, ist die Politik ganz nah dran an dem, was die B\u00fcrgerinnen und B\u00fcrger wirklich bewegt&#8220;, betonten sie. Auch Kreiswahlleiter Oliver Delschen hofft auf eine hohe Wahlbeteiligung.<br \/>\nDer Kreistag ist das oberste Gremium des Landkreises. Hier entscheiden ehrenamtliche Abgeordnete \u00fcber alle grundlegenden Angelegenheiten des Kreises. Bei der diesj\u00e4hrigen Kreistagswahl treten zw\u00f6lf Parteien und Gruppierungen an.<br \/>\nAm Sonntag (15. M\u00e4rz) sind aber nicht nur die Wahlen f\u00fcr einen neuen Kreistag: Im Kreis Marburg-Biedenkopf sind knapp 190.000 M\u00e4nner und Frauen dazu aufgerufen, \u00fcber die k\u00fcnftige Zusammensetzung der Gemeindevertretungen und Stadtverordnetenversammlungen zu entscheiden. Zudem stehen in einigen Kommunen Orts- und Ausl\u00e4nderbeiratswahlen an.<br \/>\nMehr Infos dazu gibt es auf der Wahlseite der <a href=\"http:\/\/marburg.news\/team\">marburg.news-Redaktion<\/a> unter <a href=\"\/&amp;\/wahl.marburgviews.de\/2026\">wahl.marburgviews.de<\/a> sowie auf der Homepage des Kreises unter <a>www.marburg-biedenkopf.de\/politik_und_gremien\/wahlen.php<\/a>.<\/p>\n<p>* pm: Landkreis Marburg-Biedenkopf<\/p>\n","protected":false},"excerpt":{"rendered":"<p>Die Kreisspitze ruft zur Teilnahme an den Kommunalwahlen auf. Die Wahlen bezeichnete sie als &#8222;Herzschlag der Demokratie&#8220;.<\/p>\n","protected":false},"author":2,"featured_media":0,"comment_status":"closed","ping_status":"open","sticky":false,"template":"","format":"standard","meta":{"advanced_seo_description":"","spay_email":"","jetpack_publicize_message":"","jetpack_is_tweetstorm":false,"jetpack_publicize_feature_enabled":true},"categories":[2],"tags":[3117,89,6679],"jetpack_featured_media_url":"","jetpack_publicize_connections":[],"jetpack_sharing_enabled":true,"jetpack_shortlink":"https:\/\/wp.me\/p8mhvd-57e","jetpack-related-posts":[{"id":17521,"url":"http:\/\/marburg.news\/?p=17521","url_meta":{"origin":19668,"position":0},"title":"Stimmen statt Schimpfen: Kreisspitze ruft zur Wahl auf","date":"17. Februar 2025","format":false,"excerpt":"Die Kreisspitze ruft zur Teilnahme an der Bundestagswahl auf. Die Wahlbeteiligung bezeichnete sie als \"Beitrag f\u00fcr lebendige Demokratie\". Der Kreistagsvorsitzende Detlef Ruffert, Landrat Jens Womelsdorf und der Erste Kreisbeigeordnete Peter Neidel w\u00fcnschen sich eine hohe Wahlbeteiligung bei der anstehenden Wahl des Deutschen Bundestags am Sonntag (23. Februar). \"Wahlen sind das\u2026","rel":"","context":"In &quot;Politik&quot;","img":{"alt_text":"","src":"","width":0,"height":0},"classes":[]},{"id":13956,"url":"http:\/\/marburg.news\/?p=13956","url_meta":{"origin":19668,"position":1},"title":"Am Sonntag: Kreisspitze ruft zur Landtagswahl auf","date":"5. Oktober 2023","format":false,"excerpt":"Die Kreisspitze ruft zur Teilnahme an der Landtagswahl auf. Die Wahllokale sind am Sonntag (8. Oktober) von 8 bis 18 Uhr ge\u00f6ffnet. Der Kreistagsvorsitzende Detlef Ruffert, Landrat Jens Womelsdorf und der Erste Kreisbeigeordnete Marian Zachow w\u00fcnschen sich eine hohe Wahlbeteiligung bei der anstehenden Hessischen Landtagswahl am Sonntag (8. Oktober).\" \"Wahlen\u2026","rel":"","context":"In &quot;Politik&quot;","img":{"alt_text":"","src":"","width":0,"height":0},"classes":[]},{"id":18682,"url":"http:\/\/marburg.news\/?p=18682","url_meta":{"origin":19668,"position":2},"title":"Fremde feiern: Landrat begr\u00fc\u00dfte neu eingeb\u00fcrgerte Menschen","date":"12. September 2025","format":false,"excerpt":"Eine Einb\u00fcrgerungsfeier hat der Landkreis Marburg-Biedenkopf ausgerichtet. Dabei hat Landrat Jens Womelsdorf neue Staatsb\u00fcrgerinnen und Staatsb\u00fcrger willkommen gehei\u00dfen. 123 Einb\u00fcrgerungen hat es in diesem Jahr bisher schon im Landkreis Marburg-Biedenkopf - ohne die Stadt Marburg - gegeben. Das sind 123 bewusste Entscheidungen von Menschen f\u00fcr demokratische Werte und Pflichten sowie\u2026","rel":"","context":"In &quot;Politik&quot;","img":{"alt_text":"","src":"","width":0,"height":0},"classes":[]},{"id":17590,"url":"http:\/\/marburg.news\/?p=17590","url_meta":{"origin":19668,"position":3},"title":"Dein Kreis: Jecke erst\u00fcrmten das Landratsamt","date":"27. Februar 2025","format":false,"excerpt":"N\u00e4rrinnen und Narren haben die Macht im Kreishaus \u00fcbernommen. Karnevalsvereine hatten sich zuvor einen jecken Schlagabtausch mit der Kreisspitze geliefert. Der Widerstand war zwecklos: Das Marburger Landratsamt ist seit Weiberfastnacht fest in n\u00e4rrischer Hand. Rund 150 N\u00e4rrinnen und Narren aus dem Landkreis setzten am Donnerstag (27. Februar) zum Sturm auf\u2026","rel":"","context":"In &quot;Sonstiges&quot;","img":{"alt_text":"","src":"","width":0,"height":0},"classes":[]},{"id":14928,"url":"http:\/\/marburg.news\/?p=14928","url_meta":{"origin":19668,"position":4},"title":"Auf Kreistagssitzung: Goldene Ehrenm\u00fcnze f\u00fcr Nadine Bernshausen","date":"13. Februar 2024","format":false,"excerpt":"Nadine Bernshausen wurde f\u00fcr ihren ehrenamtlichen Einsatz im Kreistag gew\u00fcrdigt. Der Landrat und der Kreistagsvorsitzende \u00fcberreichten ihr die Goldene Ehrenm\u00fcnze. F\u00fcr ihr langj\u00e4hriges kommunalpolitisches Engagement im Kreistag hat die Abgeordnete Nadine Bernshausen die Ehrenm\u00fcnze in Gold des Landkreises Marburg-Biedenkopf erhalten. Landrat Jens Womelsdorf und der Kreistagsvorsitzende Detlef Ruffert \u00fcberreichten ihr\u2026","rel":"","context":"In &quot;Politik&quot;","img":{"alt_text":"","src":"","width":0,"height":0},"classes":[]},{"id":15629,"url":"http:\/\/marburg.news\/?p=15629","url_meta":{"origin":19668,"position":5},"title":"Doppelte W\u00fcrdigung: Womelsdorf und Ruffert \u00fcber 75 Jahre Grundgesetz","date":"22. Mai 2024","format":false,"excerpt":"Das Grundgesetz wird 75 Jahre alt. Kreistagsvorsitzender Detlef Ruffert und Landrat Jens Womelsdorf w\u00fcrdigten die Verfassung als \"Fundament der Demokratie\". Das Grundgesetz der Bundesrepublik Deutschland wird 75 Jahre alt: Am 23. Mai 1949 wurde das Grundgesetz in einer feierlichen Sitzung des Parlamentarischen Rats ausgefertigt und verk\u00fcndet. Damit war die Bundesrepublik\u2026","rel":"","context":"In &quot;Politik&quot;","img":{"alt_text":"","src":"","width":0,"height":0},"classes":[]}],"_links":{"self":[{"href":"http:\/\/marburg.news\/index.php?rest_route=\/wp\/v2\/posts\/19668"}],"collection":[{"href":"http:\/\/marburg.news\/index.php?rest_route=\/wp\/v2\/posts"}],"about":[{"href":"http:\/\/marburg.news\/index.php?rest_route=\/wp\/v2\/types\/post"}],"author":[{"embeddable":true,"href":"http:\/\/marburg.news\/index.php?rest_route=\/wp\/v2\/users\/2"}],"replies":[{"embeddable":true,"href":"http:\/\/marburg.news\/index.php?rest_route=%2Fwp%2Fv2%2Fcomments&post=19668"}],"version-history":[{"count":0,"href":"http:\/\/marburg.news\/index.php?rest_route=\/wp\/v2\/posts\/19668\/revisions"}],"wp:attachment":[{"href":"http:\/\/marburg.news\/index.php?rest_route=%2Fwp%2Fv2%2Fmedia&parent=19668"}],"wp:term":[{"taxonomy":"category","embeddable":true,"href":"http:\/\/marburg.news\/index.php?rest_route=%2Fwp%2Fv2%2Fcategories&post=19668"},{"taxonomy":"post_tag","embeddable":true,"href":"http:\/\/marburg.news\/index.php?rest_route=%2Fwp%2Fv2%2Ftags&post=19668"}],"curies":[{"name":"wp","href":"https:\/\/api.w.org\/{rel}","templated":true}]}}