{"id":19665,"date":"2026-03-06T14:02:04","date_gmt":"2026-03-06T13:02:04","guid":{"rendered":"http:\/\/marburg.news\/?p=19665"},"modified":"2026-03-06T14:02:04","modified_gmt":"2026-03-06T13:02:04","slug":"strassenweit-unleserliche-notiz-an-windschutzscheibe","status":"publish","type":"post","link":"http:\/\/marburg.news\/?p=19665","title":{"rendered":"Stra\u00dfenweit: Unleserliche Notiz an Windschutzscheibe"},"content":{"rendered":"<p>Einen unleserlichen Notizzettel hat eine unbekannte Person an der Windschutzscheibe eines besch\u00e4digten Autos hinterlassen. In der Gerhart-Hauptmann-Stra\u00dfe war ein bislang unbekannter Autofahrer mit dem blauen Ford Puma kollidiert. <!--more--><br \/>\nPassiert war der Unfall in der Zeit zwischen Dienstag (3. M\u00e4rz) nach 14 Uhr und Mittwoch (4. M\u00e4rz) vor 9 Uhr. Als die Besitzerin zu ihrem geparkten Auto zur\u00fcckkehrte, stellte sie eine Besch\u00e4digung an der linken Fahrzeugseite fest, die auf zirka 1.000 Euro beziffert wird. Zudem fand sie einen unleserlichen Notizzettel an der Windschutzscheibe, dessen Angaben sich nicht zuordnen lie\u00dfen. Daher bittet die Marburger Polizei den Verfasser der Nachricht, sich unter der Telefonnummer 06421\/406-0 zu melden. Auch Zeugen, die den Unfall beobachtet haben, werden gebeten sich mit der Polizei in Verbindung zu setzen.<\/p>\n<p>* pm: Polizei Marburg<\/p>\n","protected":false},"excerpt":{"rendered":"<p>Einen unleserlichen Notizzettel hat eine unbekannte Person an der Windschutzscheibe eines besch\u00e4digten Autos hinterlassen. In der Gerhart-Hauptmann-Stra\u00dfe war ein bislang unbekannter Autofahrer mit dem blauen Ford Puma kollidiert.<\/p>\n","protected":false},"author":2,"featured_media":0,"comment_status":"closed","ping_status":"open","sticky":false,"template":"","format":"standard","meta":{"advanced_seo_description":"","spay_email":"","jetpack_publicize_message":"","jetpack_is_tweetstorm":false,"jetpack_publicize_feature_enabled":true},"categories":[6],"tags":[342,16,34],"jetpack_featured_media_url":"","jetpack_publicize_connections":[],"jetpack_sharing_enabled":true,"jetpack_shortlink":"https:\/\/wp.me\/p8mhvd-57b","jetpack-related-posts":[{"id":19561,"url":"http:\/\/marburg.news\/?p=19561","url_meta":{"origin":19665,"position":0},"title":"Schadenslage: Polizei sucht Verursacher von Unfall","date":"17. Februar 2026","format":false,"excerpt":"Als die Eigent\u00fcmerin eines schwarzen Hyundai i30 am Dienstag (3. Februar) gegen 15.30 Uhr zu ihrem geparkten Auto zur\u00fcckkehrte, stellte sie eine Besch\u00e4digung fest Zudem fand sie einen durchn\u00e4ssten und unleserlichen Notizzettel. Aufgrunddessen suchen die Unfallfluchtermittler der Marburger Polizei den bislang unbekannten Verursacher sowie den Verfasser des Notizzettels. Sie sowie\u2026","rel":"","context":"In &quot;Sonstiges&quot;","img":{"alt_text":"","src":"","width":0,"height":0},"classes":[]},{"id":5674,"url":"http:\/\/marburg.news\/?p=5674","url_meta":{"origin":19665,"position":1},"title":"Unleserlich: Zettel an Windschutzscheibe gibt R\u00e4tsel auf","date":"8. September 2020","format":false,"excerpt":"Hinten links fuhr ein Unbekannter am Montag (7. September) in der Stra\u00dfe \"Zur Aue\" gegen einen dunkelblauen Golf. Zwischen 15 und 18 Uhr hinterlie\u00df er einen Schaden von 1.600 Euro. Ein - an der Windschutzscheibe des besch\u00e4digten Wagens hinterlegter - Zettel gibt der Polizei R\u00e4tsel auf. Soll das aufgeschriebene Kennzeichen\u2026","rel":"","context":"In &quot;Sonstiges&quot;","img":{"alt_text":"","src":"","width":0,"height":0},"classes":[]},{"id":5510,"url":"http:\/\/marburg.news\/?p=5510","url_meta":{"origin":19665,"position":2},"title":"Neuer Vorfall: Herabgeworfener Gegenstand traf Windschutzscheibe","date":"6. August 2020","format":false,"excerpt":"Vermutlich haben zwei Jugendliche am Mittwoch (5. August) gegen 16.40 Uhr einen Gegenstand von einer Br\u00fccke auf ein fahrendes Auto heruntergeworfen. Betroffen war ein 61 Jahre alter Autofahrer. Der Polizei schilderte er die Situation: \"Als ich mit meinem orangen Ford Ranger \u00fcber die B3 nach Gie\u00dfen fuhr, sah ich auf\u2026","rel":"","context":"In &quot;Sonstiges&quot;","img":{"alt_text":"","src":"","width":0,"height":0},"classes":[]},{"id":5522,"url":"http:\/\/marburg.news\/?p=5522","url_meta":{"origin":19665,"position":3},"title":"Gleich reagiert: Auf B3A erneut Windschutzscheibe besch\u00e4digt","date":"10. August 2020","format":false,"excerpt":"Erneut wurde auf der Stadtautobahn B3A beim Unterqueren einer Br\u00fccke die Windschutzscheibe eines Autos besch\u00e4digt. Ein \u00e4hnlicher Vorfall hatte sich bereits am Mittwoch (5. August) gegen 16.40 Uhr ereignet. Bereits am Donnerstag (6. August) hatte die Polizei davon berichtet, dass Jugendliche genau in dem Zeitpunkt etwas von der Fu\u00dfg\u00e4ngerbr\u00fccke am\u2026","rel":"","context":"In &quot;Sonstiges&quot;","img":{"alt_text":"","src":"","width":0,"height":0},"classes":[]},{"id":1519,"url":"http:\/\/marburg.news\/?p=1519","url_meta":{"origin":19665,"position":4},"title":"Verkehr mit Sch\u00e4den: W\u00fcrfe, Ausweichman\u00f6ver und Unfallflucht","date":"4. Januar 2018","format":false,"excerpt":"Anzeige wegen der besch\u00e4digten Windschutzscheibe seines Ford Mondeo erstattete ein Autofahrer am Donnerstag, 4. Januar). Er vermutet, dass ein von der Fu\u00dfg\u00e4ngerbr\u00fccke am S\u00fcdbahnhof heruntergefallener oder geworfener Gegenstand die Scheibe traf. Einen aufgewirbelten oder hochgeschleuderten Stein schloss der 30 Jahre alte Ford-Fahrer mangels vorausfahrender Autos aus. Bei der Ann\u00e4herung konnte\u2026","rel":"","context":"In &quot;Sonstiges&quot;","img":{"alt_text":"","src":"","width":0,"height":0},"classes":[]},{"id":2320,"url":"http:\/\/marburg.news\/?p=2320","url_meta":{"origin":19665,"position":5},"title":"Polizei in Aktion: Autofahrerin droht F\u00fchrerscheinentzug wegen Unfallflucht","date":"15. Juni 2018","format":false,"excerpt":"Das Verhalten einer Autofahrerin nach einem Unfall ist nunmehr mit Konsequenzen verbunden. Ihr droht sogar der Entzug des F\u00fchrerscheins. Der Unfall passierte am Donnerstag (14. Juni) gegen 17.20 Uhr in der Biegenstra\u00dfe vor einer Baustelle. Ein 30 Jahre alter Golf-Fahrer bremste verkehrsbedingt ab. Die nachfolgende Marburgerin fuhr auf und verursachte\u2026","rel":"","context":"In &quot;Sonstiges&quot;","img":{"alt_text":"","src":"","width":0,"height":0},"classes":[]}],"_links":{"self":[{"href":"http:\/\/marburg.news\/index.php?rest_route=\/wp\/v2\/posts\/19665"}],"collection":[{"href":"http:\/\/marburg.news\/index.php?rest_route=\/wp\/v2\/posts"}],"about":[{"href":"http:\/\/marburg.news\/index.php?rest_route=\/wp\/v2\/types\/post"}],"author":[{"embeddable":true,"href":"http:\/\/marburg.news\/index.php?rest_route=\/wp\/v2\/users\/2"}],"replies":[{"embeddable":true,"href":"http:\/\/marburg.news\/index.php?rest_route=%2Fwp%2Fv2%2Fcomments&post=19665"}],"version-history":[{"count":0,"href":"http:\/\/marburg.news\/index.php?rest_route=\/wp\/v2\/posts\/19665\/revisions"}],"wp:attachment":[{"href":"http:\/\/marburg.news\/index.php?rest_route=%2Fwp%2Fv2%2Fmedia&parent=19665"}],"wp:term":[{"taxonomy":"category","embeddable":true,"href":"http:\/\/marburg.news\/index.php?rest_route=%2Fwp%2Fv2%2Fcategories&post=19665"},{"taxonomy":"post_tag","embeddable":true,"href":"http:\/\/marburg.news\/index.php?rest_route=%2Fwp%2Fv2%2Ftags&post=19665"}],"curies":[{"name":"wp","href":"https:\/\/api.w.org\/{rel}","templated":true}]}}