{"id":19664,"date":"2026-03-06T12:15:00","date_gmt":"2026-03-06T11:15:00","guid":{"rendered":"http:\/\/marburg.news\/?p=19664"},"modified":"2026-03-06T12:15:00","modified_gmt":"2026-03-06T11:15:00","slug":"kreisweit-tandemprojekt-fuer-frauen-geht-in-die-7-runde","status":"publish","type":"post","link":"http:\/\/marburg.news\/?p=19664","title":{"rendered":"Kreisweit: Tandemprojekt f\u00fcr Frauen geht in die 7. Runde"},"content":{"rendered":"<p>Das Tandemprojekt f\u00fcr Frauen mit Migrationserfahrung geht in die siebte Runde. Auch einheimischen Frauen bietet es eine gute Gelegenheit zum Austausch. <!--more--><br \/>\nAb April startet das B\u00fcro f\u00fcr Integration des Landkreises Marburg-Biedenkopf wieder eine neue Runde des Frauen-Tandems &#8222;Connect &#8211; Gemeinsam Frauen St\u00e4rken&#8220;. Diesmal stehen Gesundheit, Kreativit\u00e4t und Austausch im Mittelpunkt des Programms. Eine Anmeldung daf\u00fcr ist bis Samstag (14. M\u00e4rz) n\u00f6tig. Die Teilnahme am Projekt ist kostenlos.<br \/>\nBei dem Tandemprojekt treffen sich Frauen mit und ohne Migrationsgeschichte regelm\u00e4\u00dfig mit Frauen, die neu in den Landkreis gekommen sind. Das Ziel ist, sich in Zweiergruppen gegenseitig zu unterst\u00fctzen. Geschehen kann das beispielsweise bei Beh\u00f6rdeng\u00e4ngen, bei der Wohnungssuche oder dem Spracherwerb, und Wissen auszutauschen. Zus\u00e4tzlich gibt es monatliche Gruppentreffen f\u00fcr einen Austausch und gemeinsame Aktivit\u00e4ten. Die diesj\u00e4hrige Runde des Projekts l\u00e4uft bis August.<br \/>\nF\u00fcr die Teilnahme sind Deutschkenntnisse auf dem Sprachniveau &#8222;A1&#8220; n\u00f6tig. Die Anmeldung ist online unter <a href=\"http:\/\/www.lkmb.de\/tandemprojekt\">www.lkmb.de\/tandemprojekt<\/a> oder per Mail an Xiaotian Tang TangX@marburg-biedenkopf.de mit Angabe von Namen, Wohnort, Alter, Hobbys und Kontaktdaten m\u00f6glich. Bei Fragen steht Xiaotian Tang entweder unter der genannten Mailadresse oder unter den Telefonnummern 06428\/447-2202 oder 0175\/8139509 zur Verf\u00fcgung.<\/p>\n<p>* pm: Landkreis Marburg-Biedenkopf<\/p>\n","protected":false},"excerpt":{"rendered":"<p>Das Tandemprojekt f\u00fcr Frauen mit Migrationserfahrung geht in die siebte Runde. Auch einheimischen Frauen bietet es eine gute Gelegenheit zum Austausch.<\/p>\n","protected":false},"author":2,"featured_media":0,"comment_status":"closed","ping_status":"open","sticky":false,"template":"","format":"standard","meta":{"advanced_seo_description":"","spay_email":"","jetpack_publicize_message":"","jetpack_is_tweetstorm":false,"jetpack_publicize_feature_enabled":true},"categories":[4],"tags":[128,1318,4945],"jetpack_featured_media_url":"","jetpack_publicize_connections":[],"jetpack_sharing_enabled":true,"jetpack_shortlink":"https:\/\/wp.me\/p8mhvd-57a","jetpack-related-posts":[{"id":17513,"url":"http:\/\/marburg.news\/?p=17513","url_meta":{"origin":19664,"position":0},"title":"N\u00e4chste Runde: Tandemprojekt soll bei Integration helfen","date":"14. Februar 2025","format":false,"excerpt":"Das B\u00fcro f\u00fcr Integration des Landkreises bietet Frauen Gelegenheit zum Austausch. Sein Tandemprojekt f\u00fcr Frauen geht in die n\u00e4chste Runde. Ab M\u00e4rz startet das B\u00fcro f\u00fcr Integration des Landkreises Marburg-Biedenkopf wieder eine neue Runde des Frauen-Tandems \"Connect - Gemeinsam Frauen st\u00e4rken\". Eine Anmeldung daf\u00fcr ist bis Freitag (28. Februar) n\u00f6tig.\u2026","rel":"","context":"In &quot;Soziales&quot;","img":{"alt_text":"","src":"","width":0,"height":0},"classes":[]},{"id":12367,"url":"http:\/\/marburg.news\/?p=12367","url_meta":{"origin":19664,"position":1},"title":"Neue Runde: Kreis startet Tandemprojekt f\u00fcr Frauen","date":"14. April 2023","format":false,"excerpt":"Das B\u00fcro f\u00fcr Integration bietet Frauen jeglicher Herkunft Gelegenheit zum Austausch. Sein Tandemprojekt f\u00fcr Frauen geht in die n\u00e4chste Runde. Eine neue Runde des Frauen-Tandems \"Connect - gemeinsam Frauen st\u00e4rken\" startet der Landkreis Marburg-Biedenkopf mit seinem B\u00fcro f\u00fcr Integration am Dienstag (23. Mai) ab 17.30 Uhr. Die Auftaktveranstaltung findet in\u2026","rel":"","context":"In &quot;Soziales&quot;","img":{"alt_text":"","src":"","width":0,"height":0},"classes":[]},{"id":13780,"url":"http:\/\/marburg.news\/?p=13780","url_meta":{"origin":19664,"position":2},"title":"Frauen vor: Tandemprojekt des Kreises f\u00fcr Migrantinnen","date":"6. September 2023","format":false,"excerpt":"Das Tandem-Projekt des Kreises f\u00fcr Frauen mit und ohne Migrationserfahrungen l\u00e4uft erfolgreich. Der Austausch ist ein Motor f\u00fcr Integration. Frauen mit und ohne Migrationsgeschichte treffen sich regelm\u00e4\u00dfig mit Frauen, die neu in den Landkreis Marburg-Biedenkopf gekommen sind. Sie tauschen sich in Tandems aus. Das ist das Konzept hinter dem Projekt\u2026","rel":"","context":"In &quot;Soziales&quot;","img":{"alt_text":"","src":"","width":0,"height":0},"classes":[]},{"id":6085,"url":"http:\/\/marburg.news\/?p=6085","url_meta":{"origin":19664,"position":3},"title":"F\u00fcr Frauen: Tandemprojekt des Integrationsb\u00fcros startet im Dezember","date":"29. November 2020","format":false,"excerpt":"Ein Tandemprojekt des B\u00fcros f\u00fcr Integration des Landkreises Marburg-Biedenkopf und der Asylbegleitung Mittelhessen bietet Frauen mit und ohne Migrationsgeschichte Gelegenheit zum gemeinsamen Kennenlernen. Bis Mittwoch (2. Dezember) k\u00f6nnen Frauen sich dazu anmelden. Das Projekt richtet sich an alle Frauen, die andere Frauen kennenlernen und sich austauschen und gegenseitig unterst\u00fctzen m\u00f6chten.\u2026","rel":"","context":"In &quot;Soziales&quot;","img":{"alt_text":"","src":"","width":0,"height":0},"classes":[]},{"id":9523,"url":"http:\/\/marburg.news\/?p=9523","url_meta":{"origin":19664,"position":4},"title":"Unterst\u00fctzen: Frauen-Tandem geht in eine neue Runde","date":"16. Mai 2022","format":false,"excerpt":"Das Projekt des Frauen-Tandems \u201eCONNECT \u2013 gemeinsam Frauen st\u00e4rken\u201c wird ab Sonntag (15. Juni) 2022 wiederaufgenommen. Anmeldungen sind bis Montag (6. Juni) m\u00f6glich. Das Projekt des Landkreises Marburg-Biedenkopf richtet sich an alle Frauen, die andere Frauen kennenlernen, sich austauschen und sich gegenseitig unterst\u00fctzen wollen. Dabei bilden sie Zweiergruppen. Sie bestehen\u2026","rel":"","context":"In &quot;Soziales&quot;","img":{"alt_text":"","src":"","width":0,"height":0},"classes":[]},{"id":19459,"url":"http:\/\/marburg.news\/?p=19459","url_meta":{"origin":19664,"position":5},"title":"Berufsinformationen gegen Benachteiligung: Veranstaltung zeigt Chancen f\u00fcr Frauen","date":"4. Februar 2026","format":false,"excerpt":"Berufsinformationen f\u00fcr Frauen gibt es am Montag (9. Februar). Eine Veranstaltung im Landratsamt macht Chancen sichtbar. Nach dem erfolgreichen Start im Februar 2025 geht die Informationsveranstaltung \"#Nutze deine Chancen - Dein Weg in den Beruf beginnt hier: mit allen Angeboten an einem Ort\" am Montag (9. Februar) in die zweite\u2026","rel":"","context":"In &quot;Soziales&quot;","img":{"alt_text":"","src":"","width":0,"height":0},"classes":[]}],"_links":{"self":[{"href":"http:\/\/marburg.news\/index.php?rest_route=\/wp\/v2\/posts\/19664"}],"collection":[{"href":"http:\/\/marburg.news\/index.php?rest_route=\/wp\/v2\/posts"}],"about":[{"href":"http:\/\/marburg.news\/index.php?rest_route=\/wp\/v2\/types\/post"}],"author":[{"embeddable":true,"href":"http:\/\/marburg.news\/index.php?rest_route=\/wp\/v2\/users\/2"}],"replies":[{"embeddable":true,"href":"http:\/\/marburg.news\/index.php?rest_route=%2Fwp%2Fv2%2Fcomments&post=19664"}],"version-history":[{"count":0,"href":"http:\/\/marburg.news\/index.php?rest_route=\/wp\/v2\/posts\/19664\/revisions"}],"wp:attachment":[{"href":"http:\/\/marburg.news\/index.php?rest_route=%2Fwp%2Fv2%2Fmedia&parent=19664"}],"wp:term":[{"taxonomy":"category","embeddable":true,"href":"http:\/\/marburg.news\/index.php?rest_route=%2Fwp%2Fv2%2Fcategories&post=19664"},{"taxonomy":"post_tag","embeddable":true,"href":"http:\/\/marburg.news\/index.php?rest_route=%2Fwp%2Fv2%2Ftags&post=19664"}],"curies":[{"name":"wp","href":"https:\/\/api.w.org\/{rel}","templated":true}]}}