{"id":19661,"date":"2026-03-05T18:15:00","date_gmt":"2026-03-05T17:15:00","guid":{"rendered":"http:\/\/marburg.news\/?p=19661"},"modified":"2026-03-05T18:15:00","modified_gmt":"2026-03-05T17:15:00","slug":"fuer-linke-wahlkampfveranstaltung-mit-jan-van-aken-in-marburg","status":"publish","type":"post","link":"http:\/\/marburg.news\/?p=19661","title":{"rendered":"F\u00fcr Linke: Wahlkampfveranstaltung mit Jan van Aken in Marburg"},"content":{"rendered":"<p>Zu einer Veranstaltung mit ihrem Bundestagsabgeordneten und Parteivorsitzenden Jan van Aken l\u00e4dt Die Linke ins Technologie- und Tagungszentrum (TTZ) ein. Ihr Titel lautet: &#8222;Was jetzt z\u00e4hlt &#8211; Im Gespr\u00e4ch mit Jan van Aken&#8220;. <!--more--><br \/>\nDie Linke m\u00f6chte am Mittwoch (11. M\u00e4rz) im Technologie- und tagungszentrum (TTZ) mit Jan van Aken sowie engagierten Menschen aus der Zivilgesellschaft ins Gespr\u00e4ch kommen &#8211; mit denen, die sich tagt\u00e4glich f\u00fcr soziale Gerechtigkeit, Solidarit\u00e4t und eine lebenswerte Stadt einsetzen. &#8222;Uns interessiert, was den Menschen unter den N\u00e4geln brennt und was sich konkret \u00e4ndern muss&#8220;, erkl\u00e4rte<br \/>\nGemeinsam mit ihren Spitzenkandidierenden Miriam Stoll und Alexander Kuhne m\u00f6chte Die Linke diskutieren, wie konkrete Verbesserungen f\u00fcr Marburg erreicht werden k\u00f6nnen. Es geht um Austausch auf Augenh\u00f6he, neue Ideen und die Frage, &#8222;wie wir Kr\u00e4fte b\u00fcndeln k\u00f6nnen, um eine lebenswerte Stadt zu gestalten&#8220;. Die Veranstaltung richtet sich an alle interessierten B\u00fcrger*innen und bietet Raum f\u00fcr ehrliche Gespr\u00e4che, kritische Fragen und konstruktive Perspektiven.<br \/>\nIm Anschluss an die Diskussionsrunde besteht selbstverst\u00e4ndlich die M\u00f6glichkeit, eigene Fragen zu stellen und sich aktiv einzubringen. Der Eintritt ist frei. Die Veranstaltung im TTZ Marburg beginnt um 18 Uhr.<\/p>\n<p>* pm: Die Linke Marburg<\/p>\n","protected":false},"excerpt":{"rendered":"<p>Zu einer Veranstaltung mit ihrem Bundestagsabgeordneten und Parteivorsitzenden Jan van Aken l\u00e4dt Die Linke ins Technologie- und Tagungszentrum (TTZ) ein. Ihr Titel lautet: &#8222;Was jetzt z\u00e4hlt &#8211; Im Gespr\u00e4ch mit Jan van Aken&#8220;.<\/p>\n","protected":false},"author":2,"featured_media":0,"comment_status":"closed","ping_status":"open","sticky":false,"template":"","format":"standard","meta":{"advanced_seo_description":"","spay_email":"","jetpack_publicize_message":"","jetpack_is_tweetstorm":false,"jetpack_publicize_feature_enabled":true},"categories":[2],"tags":[7398,2137,280],"jetpack_featured_media_url":"","jetpack_publicize_connections":[],"jetpack_sharing_enabled":true,"jetpack_shortlink":"https:\/\/wp.me\/p8mhvd-577","jetpack-related-posts":[{"id":19703,"url":"http:\/\/marburg.news\/?p=19703","url_meta":{"origin":19661,"position":0},"title":"Unverm\u00f6gen durch Verm\u00f6gensverteilung: Jan van Aken zur Kommunalwahl","date":"13. M\u00e4rz 2026","format":false,"excerpt":"Jan van Aken war am Mittwoch (11. M\u00e4rz)in Marburg. Gemeinsam mit den Spitzenkandidierenden Miriam Stoll und Alexander Kuhne kam der Bundestagsabgeordnete und Co-Parteivorsitzende ins Gespr\u00e4ch mit engagierten B\u00fcrger*innen. Mit rund 250 G\u00e4sten war die Wahlkampfveranstaltung der Linken im Technologie- und Tagungszentrum (TTZ) \u00e4u\u00dferst gut besucht. Es ging um Umverteilung, Schutz\u2026","rel":"","context":"In &quot;Politik&quot;","img":{"alt_text":"","src":"","width":0,"height":0},"classes":[]},{"id":17514,"url":"http:\/\/marburg.news\/?p=17514","url_meta":{"origin":19661,"position":1},"title":"N\u00e4chste Partei: Linke Marburg verdoppelt Mitgliederzahl","date":"14. Februar 2025","format":false,"excerpt":"Verdoppelt hat Die Linke ihre Mitgliedszahl in Marburg. Das hat die Linke Marburg-Biedenkopf am Freitag (14. Februar) mitgeteilt. vor einem halben Jahr galt Die Linke noch als Auslaufmodell und chancenlos bei der Bundestagswahl am Sonntag (23. Februar). Doch heute wird sie von einer Eintrittswelle geradezu \u00fcberrollt und steigt auf Werte\u2026","rel":"","context":"In &quot;Politik&quot;","img":{"alt_text":"","src":"","width":0,"height":0},"classes":[]},{"id":17412,"url":"http:\/\/marburg.news\/?p=17412","url_meta":{"origin":19661,"position":2},"title":"Vier Vortragende: 600 Besucher bei Wahlkampfauftakt der Linken","date":"29. Januar 2025","format":false,"excerpt":"Wo Gefahr ist, w\u00e4chst das Rettende auch. Das zeigt der Ansturm beim Wahlkampfauftakt der hessischen Linken in Marburg. \"Wo Gefahr ist, w\u00e4chst das Rettende auch.\" Diese Worte von Friedrich H\u00f6lderin zitierte die Spitzenkandidatin Janine Wissler beim Wahlkampfauftakt der Linken in Hessen am Montag (27. Januar) in Marburg. Sie beschreiben treffend\u2026","rel":"","context":"In &quot;Politik&quot;","img":{"alt_text":"","src":"","width":0,"height":0},"classes":[]},{"id":7416,"url":"http:\/\/marburg.news\/?p=7416","url_meta":{"origin":19661,"position":3},"title":"Zur\u00fcckholen: Linke im Kreis unterst\u00fctzt Petition zu UKGM","date":"17. Juli 2021","format":false,"excerpt":"Das UKGM soll zur\u00fcck zum Land. Der entsprechenden Petition hat sich auch die Linke im Kreis angeschlossen. DIE LINKE Marburg-Biedenkopf unterst\u00fctzt die Petition des Aktionsb\u00fcndnisses \"Gemeinsam f\u00fcr unser Klinikum an den Hessischen Landtag, das Universit\u00e4tsklinikum Gie\u00dfen und Marburg (UKGM) wieder in \u00f6ffentliches Eigentum zu \u00fcberf\u00fchren. Einstimmig stimmten die Mitglieder auf\u2026","rel":"","context":"In &quot;Politik&quot;","img":{"alt_text":"","src":"","width":0,"height":0},"classes":[]},{"id":11535,"url":"http:\/\/marburg.news\/?p=11535","url_meta":{"origin":19661,"position":4},"title":"Marburger berufen: Schalauske und Kula \u00fcbernehmen Leitungsfunktion","date":"29. Dezember 2022","format":false,"excerpt":"Die Linken-Fraktionsvorsitzendenkonferenz bekommt hessische Vorsitzende. Der Marburger Landtagsabgeordnete jan Schalauske teilt sich dieses Amt mit der ehemaligen Marburgerin Elisabeth Kula. Elisabeth Kula und Jan Schalauske \u00fcbernehmen im Jahr 2023 den Vorsitz der Konferenz der Linken-Fraktionsvorsitzenden. Die Konferenz ist ein bundesweites Gremium, das die Arbeit der Fraktionen der Linken im Europaparlament,\u2026","rel":"","context":"In &quot;Politik&quot;","img":{"alt_text":"","src":"","width":0,"height":0},"classes":[]},{"id":5696,"url":"http:\/\/marburg.news\/?p=5696","url_meta":{"origin":19661,"position":5},"title":"#Dannibleibt: Linke fordert Verzicht auf A49","date":"13. September 2020","format":false,"excerpt":"In einem Offenen Brief fordert die Linke im Landtag einen Verzicht auf den Weiterbau der Autobahn A49. Aktivistinnen und Aktivisten haben am Samstag (12. September) mit Protestaktionen am Dannenr\u00f6der Wald begonnen. Auf ihrer Fraktionsklausur in der Wiesbadener Jugendherberge hat die Fraktion \"DIE LINKE im Hessischen Landtag\" sich auf den offenen\u2026","rel":"","context":"In &quot;Politik&quot;","img":{"alt_text":"","src":"","width":0,"height":0},"classes":[]}],"_links":{"self":[{"href":"http:\/\/marburg.news\/index.php?rest_route=\/wp\/v2\/posts\/19661"}],"collection":[{"href":"http:\/\/marburg.news\/index.php?rest_route=\/wp\/v2\/posts"}],"about":[{"href":"http:\/\/marburg.news\/index.php?rest_route=\/wp\/v2\/types\/post"}],"author":[{"embeddable":true,"href":"http:\/\/marburg.news\/index.php?rest_route=\/wp\/v2\/users\/2"}],"replies":[{"embeddable":true,"href":"http:\/\/marburg.news\/index.php?rest_route=%2Fwp%2Fv2%2Fcomments&post=19661"}],"version-history":[{"count":0,"href":"http:\/\/marburg.news\/index.php?rest_route=\/wp\/v2\/posts\/19661\/revisions"}],"wp:attachment":[{"href":"http:\/\/marburg.news\/index.php?rest_route=%2Fwp%2Fv2%2Fmedia&parent=19661"}],"wp:term":[{"taxonomy":"category","embeddable":true,"href":"http:\/\/marburg.news\/index.php?rest_route=%2Fwp%2Fv2%2Fcategories&post=19661"},{"taxonomy":"post_tag","embeddable":true,"href":"http:\/\/marburg.news\/index.php?rest_route=%2Fwp%2Fv2%2Ftags&post=19661"}],"curies":[{"name":"wp","href":"https:\/\/api.w.org\/{rel}","templated":true}]}}