{"id":19660,"date":"2026-03-05T18:10:00","date_gmt":"2026-03-05T17:10:00","guid":{"rendered":"http:\/\/marburg.news\/?p=19660"},"modified":"2026-03-05T18:10:00","modified_gmt":"2026-03-05T17:10:00","slug":"fuer-gruene-zwei-wahlkampfveranstaltungen-in-marburg","status":"publish","type":"post","link":"http:\/\/marburg.news\/?p=19660","title":{"rendered":"F\u00fcr Gr\u00fcne: Zwei Wahlkampfveranstaltungen in Marburg"},"content":{"rendered":"<p>Zu zwei Veranstaltungen in Marburg laden Die Gr\u00fcnen im Rahmen des Kommunalwahlkampfs 2026 ein. Stattfinden sollen sie am Dienstag (10. M\u00e4rz) vor der Mensa und am Donnerstag (12. M\u00e4rz) im Caf\u00e9 Vetter. <!--more--><br \/>\nAm Dienstag (10. M\u00e4rz) macht Omid Nouripour von 11.30 bis 12.30 Uhr zur &#8222;Politischen Mittagspause&#8220; Halt vor der Mensa am Erlenring. Der Bundestagsabgeordnete und Bundestagsvizepr\u00e4sident wird mit Kandidierenden der Gr\u00fcnen Flyer verteilen und f\u00fcr die Kommunalwahl werben. Dabei bleibt auch Zeit, um ins Gespr\u00e4ch zu kommen.<br \/>\nAm Donnerstag (12. M\u00e4rz) von 16 bis 18 Uhr veranstalten Die Gr\u00fcnen im Caf\u00e9 Vetter an der Reitgasse ihr \u00f6ffentliches Wahlkampf-Highlight &#8222;Kaffee, Kuchen &amp; Politik&#8220; &#8211; mit Franziska Brantner. Die Bundesvorsitzende von B\u00fcndnis 90\/Die Gr\u00fcnen und die Spitzenkandidierenden aus Stadt und Landkreis stellen die Kernpunkte des gr\u00fcnen Kommunalwahlprogramms vor und fragen: &#8222;Welche Meinung haben die Besucher*innen? Was sind ihre Ideen f\u00fcr eine \u00f6kologische, nachhaltige und sozial gerechte Politik der Zukunft? Welche Herausforderungen sollte gr\u00fcne Politik dringend angehen?&#8220; Die ersten 100 G\u00e4ste laden Die Gr\u00fcnen auf eine Tasse Kaffee und ein St\u00fcck Kuchen ein.<\/p>\n<p>* pm: B\u00fcndnis 90\/Die Gr\u00fcnen Marburg<\/p>\n","protected":false},"excerpt":{"rendered":"<p>Zu zwei Veranstaltungen in Marburg laden Die Gr\u00fcnen im Rahmen des Kommunalwahlkampfs 2026 ein. Stattfinden sollen sie am Dienstag (10. M\u00e4rz) vor der Mensa und am Donnerstag (12. M\u00e4rz) im Caf\u00e9 Vetter.<\/p>\n","protected":false},"author":2,"featured_media":0,"comment_status":"closed","ping_status":"open","sticky":false,"template":"","format":"standard","meta":{"advanced_seo_description":"","spay_email":"","jetpack_publicize_message":"","jetpack_is_tweetstorm":false,"jetpack_publicize_feature_enabled":true},"categories":[2],"tags":[165,2137,7397],"jetpack_featured_media_url":"","jetpack_publicize_connections":[],"jetpack_sharing_enabled":true,"jetpack_shortlink":"https:\/\/wp.me\/p8mhvd-576","jetpack-related-posts":[{"id":6731,"url":"http:\/\/marburg.news\/?p=6731","url_meta":{"origin":19660,"position":0},"title":"Gr\u00fcne im Stadtparlament: Mit 15 Sitzen st\u00e4rkste Fraktion","date":"18. M\u00e4rz 2021","format":false,"excerpt":"Mit 26 Prozent der Stimmen und 15 Sitzen in der Stadtverordnetenversammlung (StVV) sind die GR\u00dcNEN die st\u00e4rkste Partei in der neuen Wahlperiode. Daf\u00fcr haben sie sich am Donnerstag (18. M\u00e4rz) bei den Wahlberechtiggten bedankt. \"Wir sind \u00fcberw\u00e4ltigt von diesem Ergebnis und unendlich dankbar f\u00fcr das Vertrauen, das so viele W\u00e4hler*innen\u2026","rel":"","context":"In &quot;Politik&quot;","img":{"alt_text":"","src":"","width":0,"height":0},"classes":[]},{"id":19814,"url":"http:\/\/marburg.news\/?p=19814","url_meta":{"origin":19660,"position":1},"title":"Bis Mai: Gr\u00fcne gehen motiviert in den Kreistag","date":"31. M\u00e4rz 2026","format":false,"excerpt":"Motiviert gehen Die Gr\u00fcnen in den neuen Kreistag. Sie sind Bereit f\u00fcr Gespr\u00e4che zur Zusammenarbeit. Aus Sicht der Gr\u00fcnen ist das Ergebnis bei der Kommunalwahl am 15. M\u00e4rz 2026 im Landkreis insgesamt solide. \"Besonders freut uns, dass wir bei der Kreiswahl in Marburg mit 21,57 Prozentst\u00e4rkste Kraft geworden sind\", erkl\u00e4rte\u2026","rel":"","context":"In &quot;Politik&quot;","img":{"alt_text":"","src":"","width":0,"height":0},"classes":[]},{"id":8051,"url":"http:\/\/marburg.news\/?p=8051","url_meta":{"origin":19660,"position":2},"title":"Viererbande im Rathaus: Gr\u00fcne, SpD, Linke und Klimaliste wollen koalieren","date":"4. November 2021","format":false,"excerpt":"Gr\u00fcne, SPD, Linke und Klimaliste haben einen Koalitionsvertrag f\u00fcr Marburg erarbeitet. Am Mittwoch (3. November) haben sie ihn vorgestellt. Drei Parteien und eine Liste wollen in der Universit\u00e4tsstadt Marburg k\u00fcnftig eine Koalition bilden. B\u00fcndnis 90 \/ Die Gr\u00fcnen, die Marburger SPD, die Marburger Linke und die Klimaliste Marburg stellten am\u2026","rel":"","context":"In &quot;Politik&quot;","img":{"alt_text":"","src":"","width":0,"height":0},"classes":[]},{"id":5826,"url":"http:\/\/marburg.news\/?p=5826","url_meta":{"origin":19660,"position":3},"title":"Gr\u00fcne Kandidatin: Nadine Bernshausen will Oberb\u00fcrgermeisterin werden","date":"10. Oktober 2020","format":false,"excerpt":"Die Gr\u00fcnen haben Nadine Bernshausen als Kandidatin f\u00fcr das Amt der Marburger Oberb\u00fcrgermeisterin nominiert. Die Wahl ist f\u00fcr den 14. M\u00e4rz 2021 zusammen mit den Kommunalwahlen in Hessen angesetzt. F\u00fcr dieNeuwahl der Stadtspitze haben der Parteivorstand und die Fraktion von B\u00fcndnis 90\/Die Gr\u00fcnen in Marburg sowie der Vorstand der Gr\u00fcnen\u2026","rel":"","context":"In &quot;Politik&quot;","img":{"alt_text":"","src":"","width":0,"height":0},"classes":[]},{"id":6736,"url":"http:\/\/marburg.news\/?p=6736","url_meta":{"origin":19660,"position":4},"title":"Ankreuzen und abz\u00e4hlen: Deutliche gr\u00fcn-rot-rote Mehrheit in der StVV","date":"19. M\u00e4rz 2021","format":false,"excerpt":"In Marburg gibt es eine deutliche Mehrheit \"links von der Mitte\". Zusammen verf\u00fcgen Gr\u00fcne, SPD und Linke \u00fcber 36 der 59 Sitze im Stadtparlament. Das Vorl\u00e4ufige Amtliche Endergebnis der Wahl zur Stadtverordnetenversammlung (StVV) am Sonntag (14. M\u00e4rz) hat f\u00fcr die Gr\u00fcnen bei 26,01 Prozent der kumulierten und panaschierten Stimmen 15\u2026","rel":"","context":"In &quot;Politik&quot;","img":{"alt_text":"","src":"","width":0,"height":0},"classes":[]},{"id":19483,"url":"http:\/\/marburg.news\/?p=19483","url_meta":{"origin":19660,"position":5},"title":"Kommunalwahl 2026: Junge Kandidierende zur StVV","date":"7. Februar 2026","format":false,"excerpt":"Hessen w\u00e4hlt am Sonntag (15. M\u00e4rz) neue Kreistage sowie Stadt- und Gemeindeparlamente. Erstmals werden in Marburg dann auch fl\u00e4chendeckend Ortsbeir\u00e4te gew\u00e4hlt. Bei der Wahl der Stadtverordnetenversammlung (StVV) k\u00f6nnen Marburger B\u00fcrgerinnen und B\u00fcrger bis zu 51 Stimmen vergeben. Dabei k\u00f6nnen sie bis zu drei Stimmen auf eine Kandidatin oder einen Kandidaten\u2026","rel":"","context":"In &quot;Politik&quot;","img":{"alt_text":"","src":"","width":0,"height":0},"classes":[]}],"_links":{"self":[{"href":"http:\/\/marburg.news\/index.php?rest_route=\/wp\/v2\/posts\/19660"}],"collection":[{"href":"http:\/\/marburg.news\/index.php?rest_route=\/wp\/v2\/posts"}],"about":[{"href":"http:\/\/marburg.news\/index.php?rest_route=\/wp\/v2\/types\/post"}],"author":[{"embeddable":true,"href":"http:\/\/marburg.news\/index.php?rest_route=\/wp\/v2\/users\/2"}],"replies":[{"embeddable":true,"href":"http:\/\/marburg.news\/index.php?rest_route=%2Fwp%2Fv2%2Fcomments&post=19660"}],"version-history":[{"count":0,"href":"http:\/\/marburg.news\/index.php?rest_route=\/wp\/v2\/posts\/19660\/revisions"}],"wp:attachment":[{"href":"http:\/\/marburg.news\/index.php?rest_route=%2Fwp%2Fv2%2Fmedia&parent=19660"}],"wp:term":[{"taxonomy":"category","embeddable":true,"href":"http:\/\/marburg.news\/index.php?rest_route=%2Fwp%2Fv2%2Fcategories&post=19660"},{"taxonomy":"post_tag","embeddable":true,"href":"http:\/\/marburg.news\/index.php?rest_route=%2Fwp%2Fv2%2Ftags&post=19660"}],"curies":[{"name":"wp","href":"https:\/\/api.w.org\/{rel}","templated":true}]}}