{"id":19659,"date":"2026-03-05T17:55:39","date_gmt":"2026-03-05T16:55:39","guid":{"rendered":"http:\/\/marburg.news\/?p=19659"},"modified":"2026-03-05T17:55:39","modified_gmt":"2026-03-05T16:55:39","slug":"fuer-gesundheit-tag-der-offenen-tuer-im-gesundheitsamt","status":"publish","type":"post","link":"http:\/\/marburg.news\/?p=19659","title":{"rendered":"F\u00fcr Gesundheit: Tag der Offenen T\u00fcr im Gesundheitsamt"},"content":{"rendered":"<p>Damit alle gesund bleiben, veranstaltet das Gesundheitsamt am Donnerstag (19. M\u00e4rz) einen &#8222;Tag der offenen T\u00fcr&#8220;. Dabei zeigt die Beh\u00f6rde ihre Arbeit auf. <!--more--><br \/>\nVon 9 bis 16 Uhr \u00f6ffnet das Gesundheitsamt des Landkreises Marburg-Biedenkopf an der Schwanallee am Donnerstag (19. M\u00e4rz) seine T\u00fcren. Bei diesem Tag der offenen T\u00fcr k\u00f6nnen Interessierte die vielf\u00e4ltige Arbeit der Gesundheitsbeh\u00f6rde bei Informations- und Mitmachangeboten kennenlernen. Die Teilnahme ist kostenlos. Mehr Informationen und das Programm gibt es online auf <a href=\"http:\/\/www.marburg-biedenkopf.de\/gesundheitsamt\">www.marburg-biedenkopf.de\/gesundheitsamt<\/a>.<br \/>\nViele Menschen kennen die Einschulungsuntersuchungen oder den Einsatz von Gesundheits\u00e4mtern bei Krankheitsausbr\u00fcchen. Das ist aber l\u00e4ngst nicht alles. Auch die \u00dcberwachung der Wasserqualit\u00e4t von Frei- und Hallenb\u00e4dern sowie Wassergewinnungs- und -versorgungsanlagen geh\u00f6rt beispielsweise dazu.<br \/>\nUm das breite Aufgabenspektrum zu zeigen, stehen am Tag der offenen T\u00fcr Mitarbeitende verschiedener Fachdienste des Gesundheitsamtes f\u00fcr Beratung und Gespr\u00e4che zur Verf\u00fcgung. Zudem gibt es Angebote zum Mitmachen, beispielsweise zur H\u00e4ndehygiene. Der Tag bietet auch eine gute Gelegenheit, sich \u00fcber Berufe im Gesundheitsamt zu informieren.<br \/>\n&#8222;Die Arbeit des Gesundheitsamtes f\u00fcr die Gesellschaft ist nicht zu untersch\u00e4tzen&#8220;, machte Landrat Jens Womelsdorf deutlich. &#8222;Denn die Mitarbeitenden leisten mit ihrer Arbeit in vielf\u00e4ltigen Bereichen einen Beitrag dazu, die Gesundheit der Menschen zu sch\u00fctzen und zu st\u00e4rken. Genau diese Arbeit wollen wir beim Tag der offenen T\u00fcr darstellen.&#8220;<br \/>\nDas Robert Koch-Institut (RKI) in Berlin hat 2019 erstmals den &#8222;Tag des Gesundheitsamtes&#8220; ausgerufen. Um auf die Vielfalt der Aufgaben hinzuweisen, hat es den Tag dieses Jahr unter das Motto &#8222;Vielfalt f\u00fcr Gesundheit&#8220; gestellt. Es gibt etwa 380 Gesundheits\u00e4mter in Deutschland. Der Tag des Gesundheitsamtes soll helfen, das breit gef\u00e4cherte Aufgabenspektrum des \u00d6ffentlichen Gesundheitsdienstes ins Bewusstsein zu r\u00fccken. Als Begr\u00fcnder des \u00d6ffentlichen Gesundheitsdienstes gilt der Arzt und Sozialmediziner Johann Peter Frank, er wurde am 19. M\u00e4rz 1745 geboren.<br \/>\n&#8222;Alle T\u00e4tigkeiten des Gesundheitsamtes haben ein Ziel: n\u00e4mlich die Gesundheit aller zu f\u00f6rdern und zu sch\u00fctzen&#8220;, betonte dessen Leiterin Dr. Birgit Wollenberg. &#8222;Denn jeder Mensch sollte die gleichen gesundheitlichen Chancen und die bestm\u00f6gliche Gesundheit haben.&#8220;<br \/>\nBeratungen und Informationen gibt es zum Beispiel zum Thema Impfen, f\u00fcr Menschen mit psychischen Erkrankungen oder auch zu betreuungsrechtlichen Fragen. Bei Einschulungsuntersuchungen kann F\u00f6rderungsbedarf gesehen und angeboten werden. Der jugendzahn\u00e4rztliche Dienst kann bei Vorsorgeuntersuchungen notwendigen Behandlungsbedarf erkennen.<br \/>\n&#8222;Das Gesundheitsamt hat vor allem die Gesundheit ganzer Bev\u00f6lkerungsgruppen aber auch der gesamten Bev\u00f6lkerung im Blick&#8220;, erkl\u00e4rte Wollenberg. Bei \u00fcbertragbaren Erkrankungen gilt es, die Quelle zu finden und die Weiterverbreitung zu unterbrechen. Zudem \u00fcberpr\u00fcft das Gesundheitsamt beispielsweise die Hygiene in Gemeinschaftseinrichtungen wie Pflegeheimen oder \u00fcberwacht das Trinkwasser. Im Auftrag von verschiedenen Beh\u00f6rden werden amts\u00e4rztliche Gutachten oder amts\u00e4rztliche Zeugnisse und Stellungnahmen erstellt. Dabei sind auch der kinder- und jugend\u00e4rztliche Dienst und der zahn\u00e4rztliche Dienst beteiligt.<br \/>\nAu\u00dferdem steuert und koordiniert das Gesundheitsamt viele Arbeitskreise. Darunter ist zum Beispiel der Arbeitskreis &#8222;Gesundheit an Schulen&#8220; oder das &#8222;&#8220;etzwerk Geburt&#8220;. Zusammen mit verschiedenen Akteurinnen und Akteuren werden Ma\u00dfnahmen zur Pr\u00e4vention und zur F\u00f6rderung der medizinischen Versorgung entwickelt. Die Universit\u00e4tsstadt Marburg und der Landkreis Marburg-Biedenkopf haben dazu die Initiative &#8222;Gesundheit f\u00f6rdern &#8211;<br \/>\nVersorgung st\u00e4rken&#8220; gegr\u00fcndet, deren Gesch\u00e4ftsstelle dem Gesundheitsamt Marburg-Biedenkopf zugeordnet ist.<br \/>\nF\u00fcr diese Aufgaben sind verschiedene F\u00e4higkeiten n\u00f6tig. Die etwa 90 Mitarbeitenden aus dem Gesundheitsamt stammen daher aus unterschiedlichen Berufsgruppen: Sie sind (Fach-)\u00c4rztinnen und -\u00e4rzte, Fachkr\u00e4fte aus Pflege, Zahnmedizin und dem Verwaltungsbereich, Mitarbeitende aus der Sozialp\u00e4dagogik, dem Ingenieurswesen und den Gesundheitswissenschaften und viele andere. Sie arbeiten nach wissenschaftlichen Grunds\u00e4tzen und sind sich der Verantwortung f\u00fcr die Gesundheit der Bev\u00f6lkerung bewusst.<\/p>\n<p>* pm: Landkreis Marburg-Biedenkopf<\/p>\n","protected":false},"excerpt":{"rendered":"<p>Damit alle gesund bleiben, veranstaltet das Gesundheitsamt am Donnerstag (19. M\u00e4rz) einen &#8222;Tag der offenen T\u00fcr&#8220;. Dabei zeigt die Beh\u00f6rde ihre Arbeit auf.<\/p>\n","protected":false},"author":2,"featured_media":0,"comment_status":"closed","ping_status":"open","sticky":false,"template":"","format":"standard","meta":{"advanced_seo_description":"","spay_email":"","jetpack_publicize_message":"","jetpack_is_tweetstorm":false,"jetpack_publicize_feature_enabled":true},"categories":[4],"tags":[7396,794,4142],"jetpack_featured_media_url":"","jetpack_publicize_connections":[],"jetpack_sharing_enabled":true,"jetpack_shortlink":"https:\/\/wp.me\/p8mhvd-575","jetpack-related-posts":[{"id":15192,"url":"http:\/\/marburg.news\/?p=15192","url_meta":{"origin":19659,"position":0},"title":"Gesundheit gew\u00e4hrleisten: Tag des Gesundheitsamtes am 19. m\u00e4rz","date":"12. M\u00e4rz 2024","format":false,"excerpt":"Das Gesundheitsamt macht T\u00fcren auf. Die Beh\u00f6rde bietet am Dienstag (19. M\u00e4rz) Einblicke in seine Geschichte und Aufgaben. Am Dienstag (19. M\u00e4rz) ist der \"Tag des Gesundheitsamtes\". Auch die Gesundheitsbeh\u00f6rde des Landkreises Marburg-Biedenkopf bietet an diesem besonderen Tag von 10 bis 17.30 Uhr wieder ein vielf\u00e4ltiges Programm an ihrem Standort\u2026","rel":"","context":"In &quot;Soziales&quot;","img":{"alt_text":"","src":"","width":0,"height":0},"classes":[]},{"id":9996,"url":"http:\/\/marburg.news\/?p=9996","url_meta":{"origin":19659,"position":1},"title":"Mit Schatten gespielt: Tag der Offenen T\u00fcr im HLTM","date":"24. Juni 2022","format":false,"excerpt":"Im Theater am Schwanhof ist an diesem Tag alles anders als sonst. Das Hessische Landestheater Marburg (HLTM) hatte f\u00fcr Freitag (24. Juni) zum Tag der Offenen T\u00fcr eingeladen. Dazu gab es zahlreiche Veranstaltungen und Attraktionen. Bei einem \u201eInsta-Walk\u201c konnte man verschiedenste Masken und Kost\u00fcme ausprobieren, sowie sich damit fotografieren lassen.\u2026","rel":"","context":"In &quot;Kultur&quot;","img":{"alt_text":"HLTM","src":"https:\/\/i0.wp.com\/marburg.news\/wp-content\/uploads\/2022\/06\/DSC_0253-scaled.jpg?fit=1200%2C803&resize=350%2C200","width":350,"height":200},"classes":[]},{"id":16202,"url":"http:\/\/marburg.news\/?p=16202","url_meta":{"origin":19659,"position":2},"title":"Im Lichtenholz: Kreis l\u00e4dt zum Tag der Offenen T\u00fcr ein","date":"28. August 2024","format":false,"excerpt":"Anl\u00e4sslich des 50-j\u00e4hrigen Bestehens des Landkreises veranstaltet die Kreisverwaltung einen \"Tag der offenen T\u00fcr\". Im Landratsamt gibt es am Samstag (7. September) Musik, Sport und Spa\u00df. Zum \"Tag der offenen T\u00fcr\" l\u00e4dt die Kreisverwaltung Marburg-Biedenkopf f\u00fcr Samstag (7. September) von 11 bis 17 Uhr ins Landratsamt \"Im Lichtenholz 60\" ein.\u2026","rel":"","context":"In &quot;Kultur&quot;","img":{"alt_text":"","src":"","width":0,"height":0},"classes":[]},{"id":15810,"url":"http:\/\/marburg.news\/?p=15810","url_meta":{"origin":19659,"position":3},"title":"Gro\u00dfes Gedr\u00e4nge: Tag der Offenen T\u00fcr im BiP","date":"14. Juni 2024","format":false,"excerpt":"Gro\u00dfer Andrang herrschte am Freitag (7. Juni) beim Tag der offenen T\u00fcr im BiP. Dort gab es Informationen zu Wohnen, Ruhestand und mehr. Gro\u00df war das Interesse beim Tag der offenen T\u00fcr im Beratungszentrum mit integriertem Pflegest\u00fctzpunkt (BiP) Am Gr\u00fcn. Die Besucherinnen und Besucher haben das umfangreiche Beratungsangebot der Tr\u00e4ger\u2026","rel":"","context":"In &quot;Soziales&quot;","img":{"alt_text":"","src":"","width":0,"height":0},"classes":[]},{"id":10821,"url":"http:\/\/marburg.news\/?p=10821","url_meta":{"origin":19659,"position":4},"title":"Am 13. Oktober: Bewegungspartnerschaften f\u00fcr Alte im GGS","date":"7. Oktober 2022","format":false,"excerpt":"Die Stadt informiert \u00fcber Bewegungspatenschaften f\u00fcr alte Leute. Das geschieht am Donnerstag (13. Oktober) im Georg-Ga\u00dfmann-Stadion. F\u00fcr ihr Projekt \"Gemeinsam geht alles besser\" l\u00e4dt die Stadt Marburg f\u00fcr Donnerstag (13. Oktober) ab 16 Uhr zu einem \"Tag der offenen T\u00fcr\" ins Georg-Ga\u00dfmann-Stadion (GGS) an der Leopold-Lucas-Stra\u00dfe ein. Ob Spaziergang, Gleichgewichts-\u2026","rel":"","context":"In &quot;Gute Nachricht&quot;","img":{"alt_text":"","src":"","width":0,"height":0},"classes":[]},{"id":19889,"url":"http:\/\/marburg.news\/?p=19889","url_meta":{"origin":19659,"position":5},"title":"Inklusiv: Tag der Offenen T\u00fcr im Hochseilgarten","date":"17. April 2026","format":false,"excerpt":"Anl\u00e4sslich der Er\u00f6ffnung des inklusiven und multifunktionalen Hochseilgartens l\u00e4dt die Stadt Marburg zu einem \"Tag der offenen T\u00fcr\" auf das Freizeitgel\u00e4nde im Stadtwald ein. An diesem Tag besteht Gelegenheit, den Hochseilgarten auszuprobieren. Zudem gibt es verschiedene Sport- und Bewegungsangebote auf dem Freizeitgel\u00e4nde. B\u00fcrgermeisterin Nadine Bernshausen l\u00e4dt zur Er\u00f6ffnung des neuen\u2026","rel":"","context":"In &quot;Soziales&quot;","img":{"alt_text":"","src":"","width":0,"height":0},"classes":[]}],"_links":{"self":[{"href":"http:\/\/marburg.news\/index.php?rest_route=\/wp\/v2\/posts\/19659"}],"collection":[{"href":"http:\/\/marburg.news\/index.php?rest_route=\/wp\/v2\/posts"}],"about":[{"href":"http:\/\/marburg.news\/index.php?rest_route=\/wp\/v2\/types\/post"}],"author":[{"embeddable":true,"href":"http:\/\/marburg.news\/index.php?rest_route=\/wp\/v2\/users\/2"}],"replies":[{"embeddable":true,"href":"http:\/\/marburg.news\/index.php?rest_route=%2Fwp%2Fv2%2Fcomments&post=19659"}],"version-history":[{"count":0,"href":"http:\/\/marburg.news\/index.php?rest_route=\/wp\/v2\/posts\/19659\/revisions"}],"wp:attachment":[{"href":"http:\/\/marburg.news\/index.php?rest_route=%2Fwp%2Fv2%2Fmedia&parent=19659"}],"wp:term":[{"taxonomy":"category","embeddable":true,"href":"http:\/\/marburg.news\/index.php?rest_route=%2Fwp%2Fv2%2Fcategories&post=19659"},{"taxonomy":"post_tag","embeddable":true,"href":"http:\/\/marburg.news\/index.php?rest_route=%2Fwp%2Fv2%2Ftags&post=19659"}],"curies":[{"name":"wp","href":"https:\/\/api.w.org\/{rel}","templated":true}]}}