{"id":19658,"date":"2026-03-05T14:28:20","date_gmt":"2026-03-05T13:28:20","guid":{"rendered":"http:\/\/marburg.news\/?p=19658"},"modified":"2026-03-07T11:42:42","modified_gmt":"2026-03-07T10:42:42","slug":"5-march-2026-1428","status":"publish","type":"post","link":"http:\/\/marburg.news\/?p=19658","title":{"rendered":"F\u00fcr Menschen: Nachwuchsgruppe erforscht Nutzung von KI"},"content":{"rendered":"<p>Daniel Braun erforscht, wie Besch\u00e4ftigte bei der Zusammenarbeit mit KI-Systemen die Kontrolle behalten k\u00f6nnen. Daf\u00fcr erh\u00e4lt seine Arbeitsgruppe 225.750 Euro. <!--more--><br \/>\nMit dem Aufbau einer neuen Nachwuchsforschungsgruppe st\u00e4rkt Daniel Braun die Forschung zur sogenannten &#8222;K\u00fcnstlichen Intelligenz&#8220; (KI) an der Philipps-Universit\u00e4t Marburg. Das auf drei Jahre angelegte Projekt zur KI in der Arbeitswelt wird mit insgesamt 225.750 Euro von der B\u00f6ckler-Stiftung gef\u00f6rdert. Im Zentrum steht eine zentrale Frage: Wie k\u00f6nnen Menschen auch dann den \u00dcberblick und die Kontrolle behalten, wenn KI-Systeme in betrieblichen Abl\u00e4ufen Entscheidungen vorbereiten oder treffen?<br \/>\nSchon heute zeigt sich die Brisanz des Themas: Banken bewerten mit KI-Systemen automatisiert die Kreditw\u00fcrdigkeit von Kundinnen und Kunden. Zwar liegt die Trefferquote in vielen F\u00e4llen hoch, doch die endg\u00fcltige Entscheidung bleibt formal beim Menschen. Kreditpr\u00fcferinnen und -pr\u00fcfer sehen dabei meist nur das Ergebnis oder einzelne Einflussfaktoren, nicht jedoch die vollst\u00e4ndige Logik des Modells. Insbesondere angesichts hoher Fallzahlen und Zeitdruck gleicht es h\u00e4ufig der Suche nach der Nadel im Heuhaufen, die wenigen problematischen Entscheidungen zuverl\u00e4ssig herauszufiltern.<br \/>\n&#8222;Wir wollen erforschen, wie Menschen bei der beruflichen Zusammenarbeit mit KI auch in Zukunft die Kontrolle behalten k\u00f6nnen&#8220;, erkl\u00e4rte Braun. &#8222;Daf\u00fcr brauchen sie M\u00f6glichkeiten, die Systeme bestm\u00f6glich an ihre Bed\u00fcrfnisse anzupassen. Wir glauben, dass zuk\u00fcnftige Nutzerinnen und Nutzer schon w\u00e4hrend der Entwicklung eines KI-Systems mitbestimmen sollten.&#8220;<br \/>\nIhn besch\u00e4ftigt besonders, dass der \u00f6ffentliche Diskurs h\u00e4ufig auf potenziellen Arbeitsplatzverlust fokussiert ist. &#8222;Mindestens genauso wichtig ist die Frage, wie KI die Arbeitsbedingungen ver\u00e4ndert&#8220;, betonte Braun. Ziel seiner Arbeitsgruppe ist daher daher, technische Verfahren und organisatorische Prozesse zu entwickeln, mit denen Besch\u00e4ftigte Einfluss auf Design, Entwicklung und Einsatz betrieblicher KI-Systeme nehmen k\u00f6nnen. Das Projektbudget sieht f\u00fcr die Arbeitsgruppe bis zu drei Promotionsstipendien vor.<br \/>\n&#8222;K\u00fcnstliche Intelligenz wird Wirtschaft und Gesellschaft in den kommenden Jahren grundlegend ver\u00e4ndern&#8220;, prognostizierte Universit\u00e4tspr\u00e4sident Prof. Dr. Thomas Nauss. &#8222;Umso wichtiger ist es, ihre Auswirkungen auf die Arbeitswelt fr\u00fchzeitig wissenschaftlich zu begleiten.&#8220; Der Pr\u00e4sident der Philipps-Universit\u00e4t Marburg betonte: &#8222;Mit der neuen Nachwuchsforschungsgruppe von Daniel Braun st\u00e4rken wir unsere interdisziplin\u00e4re KI-Forschung und leisten einen wichtigen Beitrag dazu, technologische Innovation mit gesellschaftlicher Verantwortung zu verbinden.&#8220;<br \/>\nDer gesellschaftliche Rahmen macht die Forschung hochaktuell. Mit der europ\u00e4ischen KI-Verordnung wurde ein erster Regulierungsrahmen geschaffen, der Verbraucherinnen und Verbraucher sch\u00fctzt. F\u00fcr sogenannte &#8222;Hochrisikosysteme&#8220;, die zum Beispiel in der Medizin oder beim autonomen Fahren zum Einsatz kommen, wird eine menschliche Kontrollinstanz k\u00fcnftig sogar verpflichtend. Das ist der sogenannte &#8222;Human-in-the-Loop&#8220;<br \/>\nDoch Verantwortung allein reicht nicht aus, wenn organisatorische und technische Mittel fehlen, um Systeme wirksam zu beeinflussen. Genau hier setzt das Marburger Projekt an: Es verbindet technologische Entwicklung mit arbeitswissenschaftlichen, rechtlichen und gesellschaftlichen Perspektiven und tr\u00e4gt damit zu einer verantwortungsvollen Gestaltung der digitalen Transformation bei. &#8222;Auch der Austausch mit Partnern wie Gewerkschaften und die interdisziplin\u00e4re Arbeit mit Kolleg*innen reizt mich sehr&#8220;, freute sich Braun auf das Projekt.<\/p>\n<p>* pm: Philipps-Universit\u00e4t Marburg<\/p>\n","protected":false},"excerpt":{"rendered":"<p>Daniel Braun erforscht, wie Besch\u00e4ftigte bei der Zusammenarbeit mit KI-Systemen die Kontrolle behalten k\u00f6nnen. Daf\u00fcr erh\u00e4lt seine Arbeitsgruppe 225.750 Euro.<\/p>\n","protected":false},"author":2,"featured_media":0,"comment_status":"closed","ping_status":"open","sticky":false,"template":"","format":"standard","meta":{"advanced_seo_description":"","spay_email":"","jetpack_publicize_message":"","jetpack_is_tweetstorm":false,"jetpack_publicize_feature_enabled":true},"categories":[5,4],"tags":[1612,26,1341],"jetpack_featured_media_url":"","jetpack_publicize_connections":[],"jetpack_sharing_enabled":true,"jetpack_shortlink":"https:\/\/wp.me\/p8mhvd-574","jetpack-related-posts":[{"id":12363,"url":"http:\/\/marburg.news\/?p=12363","url_meta":{"origin":19658,"position":0},"title":"In KI kenntnisreich: hessian.AI-Professur f\u00fcr Christin Seifert","date":"13. April 2023","format":false,"excerpt":"Die Informatikerin Christin Seifert wird \"hessian.AI\"-Professorin in Marburg. Sie will verstehen, wie Maschinen lernen. Prof. Dr. Christin Seifert ist zum 1. April 2023 auf eine neu eingerichtete Professur f\u00fcr K\u00fcnstliche Intelligenz (KI) im Fachbereich Mathematik und Informatik an der Philipps-Universit\u00e4t berufen worden. Zugleich ist das eine der ersten Professuren am\u2026","rel":"","context":"In &quot;Bildung&quot;","img":{"alt_text":"","src":"","width":0,"height":0},"classes":[]},{"id":19624,"url":"http:\/\/marburg.news\/?p=19624","url_meta":{"origin":19658,"position":1},"title":"Im Dialekt m\u00f6glich: KI soll auch Regionalsprachen lernen","date":"26. Februar 2026","format":false,"excerpt":"Regionalsprachen sind \"blinde Flecken\" in der Spracherkennung. Marburger Forscher untersuchen aber bereits, wie die \"KI\" Dialekte lernen kann. Wer schon mal in der telefonischen Warteschleife mit der KI Schw\u00e4bisch gesprochen hat oder Bairisch, der wei\u00df: Die Aussicht auf Erfolg ist gering. Das konstatieren rund 35 Wissenschaftlerinnen und Wissenschaftler aus sieben\u2026","rel":"","context":"In &quot;Bildung&quot;","img":{"alt_text":"","src":"","width":0,"height":0},"classes":[]},{"id":17998,"url":"http:\/\/marburg.news\/?p=17998","url_meta":{"origin":19658,"position":2},"title":"Intelligente Informatik: Zwei neue KI-Professuren f\u00fcr Marburg","date":"14. Mai 2025","format":false,"excerpt":"Zwei weitere Professoren f\u00fcr \"K\u00fcnstliche Intelligenz\" starten in Marburg durch. Nach Prof. Dr. Christin Seifert verst\u00e4rken Prof. Dr. Ralph Ewerth und Prof. Dr. Martin Becker die Forschung und Lehre in der KI. Ihre Forschung und Lehre im Bereich der K\u00fcnstlichen Intelligenz (KI) baut die Philipps-Universit\u00e4t weiter aus: Zum April 2025\u2026","rel":"","context":"In &quot;Bildung&quot;","img":{"alt_text":"","src":"","width":0,"height":0},"classes":[]},{"id":14381,"url":"http:\/\/marburg.news\/?p=14381","url_meta":{"origin":19658,"position":3},"title":"Vor Studierenden: Innovative Ideen der Hochschullehre","date":"17. November 2023","format":false,"excerpt":"Innovative Ideen f\u00fcr die Hochschullehre standen am Mittwoch (15. November) und Donnerstag (16. November) im Fokus. Au\u00dferdem wurde bei den mittelhessischen Tagen der Lehre auch der Lehrpreis \"Lehre@Philipp\" verliehen. An zwei Tagen boten die Tage der Lehre an der Philipps-Universit\u00e4t in diesem Jahr vielf\u00e4ltige Anregungen f\u00fcr die Lehrpraxis und Gelegenheit\u2026","rel":"","context":"In &quot;Bildung&quot;","img":{"alt_text":"","src":"","width":0,"height":0},"classes":[]},{"id":17544,"url":"http:\/\/marburg.news\/?p=17544","url_meta":{"origin":19658,"position":4},"title":"Bei Zahnklinik behandelt: KI-gest\u00fctztes Diagnosesystem in der Ausbildung","date":"19. Februar 2025","format":false,"excerpt":"Die Marburger Zahnklinik f\u00fchrt ein KI-gest\u00fctztes Diagnosesystem f\u00fcr die Karieserkennung in der Ausbildung angehender Zahn\u00e4rzte ein. Damit ist sie bundesweit Vorreiter. Erstmals lernen Studierende der Zahnmedizin an der Philipps-Universit\u00e4t die Kariesdiagnostik mit einem KI-gest\u00fctzten Diagnosesystem. Anhand der R\u00f6ntgenbilder auf dem iPad k\u00f6nnen sie schneller und pr\u00e4ziser einen krankhaften Zahnzustand beurteilen.\u2026","rel":"","context":"In &quot;Bildung&quot;","img":{"alt_text":"","src":"","width":0,"height":0},"classes":[]},{"id":18832,"url":"http:\/\/marburg.news\/?p=18832","url_meta":{"origin":19658,"position":5},"title":"Forschung und Auszeichnung: Pharmazeutische Gesellschaft w\u00fcrdigt Raphael eher","date":"14. Oktober 2025","format":false,"excerpt":"Der Forschungspreis der Deutschen Pharmazeutischen Gesellschaft geht an Rehereher. Der Marburger Pharmazeut erh\u00e4lt die Auszeichnung f\u00fcr innovative Ans\u00e4tze in der KI-gest\u00fctzten Naturstoffforschung. Der Marburger Pharmazeut Prof. Dr. Raphael Reher ist mit dem Forschungspreis der Deutschen Pharmazeutischen Gesellschaft (DPhG) ausgezeichnet worden. Die mit 5.000 Euro dotierte Ehrung wird j\u00e4hrlich an herausragende\u2026","rel":"","context":"In &quot;Bildung&quot;","img":{"alt_text":"","src":"","width":0,"height":0},"classes":[]}],"_links":{"self":[{"href":"http:\/\/marburg.news\/index.php?rest_route=\/wp\/v2\/posts\/19658"}],"collection":[{"href":"http:\/\/marburg.news\/index.php?rest_route=\/wp\/v2\/posts"}],"about":[{"href":"http:\/\/marburg.news\/index.php?rest_route=\/wp\/v2\/types\/post"}],"author":[{"embeddable":true,"href":"http:\/\/marburg.news\/index.php?rest_route=\/wp\/v2\/users\/2"}],"replies":[{"embeddable":true,"href":"http:\/\/marburg.news\/index.php?rest_route=%2Fwp%2Fv2%2Fcomments&post=19658"}],"version-history":[{"count":1,"href":"http:\/\/marburg.news\/index.php?rest_route=\/wp\/v2\/posts\/19658\/revisions"}],"predecessor-version":[{"id":19671,"href":"http:\/\/marburg.news\/index.php?rest_route=\/wp\/v2\/posts\/19658\/revisions\/19671"}],"wp:attachment":[{"href":"http:\/\/marburg.news\/index.php?rest_route=%2Fwp%2Fv2%2Fmedia&parent=19658"}],"wp:term":[{"taxonomy":"category","embeddable":true,"href":"http:\/\/marburg.news\/index.php?rest_route=%2Fwp%2Fv2%2Fcategories&post=19658"},{"taxonomy":"post_tag","embeddable":true,"href":"http:\/\/marburg.news\/index.php?rest_route=%2Fwp%2Fv2%2Ftags&post=19658"}],"curies":[{"name":"wp","href":"https:\/\/api.w.org\/{rel}","templated":true}]}}