{"id":19657,"date":"2026-03-05T09:29:30","date_gmt":"2026-03-05T08:29:30","guid":{"rendered":"http:\/\/marburg.news\/?p=19657"},"modified":"2026-03-05T09:29:30","modified_gmt":"2026-03-05T08:29:30","slug":"fuer-radweg-strassensperrung-im-stadtteil-gisselberg","status":"publish","type":"post","link":"http:\/\/marburg.news\/?p=19657","title":{"rendered":"F\u00fcr Radweg: Stra\u00dfensperrung im Stadtteil Gisselberg"},"content":{"rendered":"<p>In Gisselberg wird die Zufahrt zur Helwigswiese an der K42 von Donnerstag (12. M\u00e4rz) bis Freitag (8. Mai) vollgesperrt. Das hat die Stadt am Donnerstag (4. M\u00e4rz) angek\u00fcndigt. <!--more--><br \/>\nDie Zufahrt zur Stra\u00dfe &#8222;Helwigswiese&#8220; an der Kreisstra\u00dfe K42 im Bereich Gisselberg wird in der Zeit von Donnerstag (12. M\u00e4rz) bis voraussichtlich Freitag (8. Mai) vollgesperrt. Die Umleitung ist ausgeschildert und erfolgt \u00fcber die Stra\u00dfen &#8222;Dorfmitte&#8220; und &#8222;Zur Fasanerie&#8220; in Gisselberg. Grund f\u00fcr die Vollsperrung sind die Arbeiten am stra\u00dfenbegleitenden Radweg zwischen Marburg-Gisselberg und Weimar-Niederweimar.<br \/>\nUm die Querung dieses Weges an den jeweiligen Ortsr\u00e4ndern sicherer und barrierefrei zu machen, haben der Landkreis Marburg-Biedenkopf, die Universit\u00e4tsstadt Marburg und die Gemeinde Weimar ein Ma\u00dfnahmenkonzept erarbeitet. Geplant sind bauliche Ver\u00e4nderungen sowohl am Ortseingang von Gisselberg als auch in Niederweimar. Auch der Einm\u00fcndungsbereich &#8222;Helwigswiese \/ Zur Fasanerie&#8220; wird umgestaltet.<br \/>\nDie Fahrbahn wird dort verengt, die bisherigen Fl\u00e4chen f\u00fcr den Rad- und Fu\u00dfverkehr wiederum vergr\u00f6\u00dfert. Auch Fahrbahn-Markierungen sollen erneuert werden. Der vorhandene Gehweg nord\u00f6stlich der Stra\u00dfe &#8222;Helwigswiese&#8220; wird auf 2,50 Meter verbreitert.<br \/>\nMit den Arbeiten wird der Radverkehr zwischen Niederweimar und Marburg zudem insgesamt verbessert: Denn vom Radweg entlang der K42 f\u00fchrt von Gisselberg ein weiterer Radweg entlang der Gie\u00dfener Stra\u00dfe bis zur Gisselberger Stra\u00dfe &#8211; und damit eine direkte Verbindung in die Universit\u00e4tsstadt Marburg. Weitere Informationen dazu finden sich unter <a href=\"http:\/\/www.marburg.de\/radweg-k42\">www.marburg.de\/radweg-k42<\/a>. Informationen zu aktuellen Baustellen in Marburg sind au\u00dferdem zu finden unter <a href=\"http:\/\/www.marburg.de\/baustelleninformationen.%20Neben%20Meldungen%20gibt%20es%20dort%20auch%20eine%20digitale%20Stadtkarte,%20die%20immer%20aktuell%20die%20derzeitigen%20Baustellen%20in%20der%20Universit%C3%A4tsstadt%20anzeigt\">www.marburg.de\/baustelleninformationen. Neben Meldungen gibt es dort auch eine digitale Stadtkarte, die immer aktuell die derzeitigen Baustellen in der Universit\u00e4tsstadt anzeigt<\/a>.<\/p>\n<p>* pm: Stadt Marburg<\/p>\n","protected":false},"excerpt":{"rendered":"<p>In Gisselberg wird die Zufahrt zur Helwigswiese an der K42 von Donnerstag (12. M\u00e4rz) bis Freitag (8. Mai) vollgesperrt. Das hat die Stadt am Donnerstag (4. M\u00e4rz) angek\u00fcndigt.<\/p>\n","protected":false},"author":2,"featured_media":0,"comment_status":"closed","ping_status":"open","sticky":false,"template":"","format":"standard","meta":{"advanced_seo_description":"","spay_email":"","jetpack_publicize_message":"","jetpack_is_tweetstorm":false,"jetpack_publicize_feature_enabled":true},"categories":[2,4],"tags":[1073,268,1423],"jetpack_featured_media_url":"","jetpack_publicize_connections":[],"jetpack_sharing_enabled":true,"jetpack_shortlink":"https:\/\/wp.me\/p8mhvd-573","jetpack-related-posts":[{"id":19585,"url":"http:\/\/marburg.news\/?p=19585","url_meta":{"origin":19657,"position":0},"title":"Gleiche Gefahrlosigkeit: Verbesserung des Radwegs von Gisselberg nach Niederweimar","date":"20. Februar 2026","format":false,"excerpt":"Ein Spatenstich sorgt f\u00fcr mehr Sicherheit im Radverkehr. Erfolgt ist er am Freitag (20. Februar) im Marburger Stadtteil Gisselberg. In Zusammenarbeit mit der Universit\u00e4tsstadt Marburg und der Gemeinde Weimar st\u00e4rkt der Landkreis Marburg-Biedenkopf den Radverkehr: Zwischen Marburg-Gisselberg und Weimar-Niederweimar verl\u00e4uft entlang der Kreisstra\u00dfe 42 ein stra\u00dfenbegleitender Radweg. Um die Querung\u2026","rel":"","context":"In &quot;Politik&quot;","img":{"alt_text":"","src":"","width":0,"height":0},"classes":[]},{"id":14951,"url":"http:\/\/marburg.news\/?p=14951","url_meta":{"origin":19657,"position":1},"title":"Geh\u00f6lz trifft Verkehr: Umleitung zwischen Marburg und Gisselberg","date":"15. Februar 2024","format":false,"excerpt":"Eine Umleitung wegen Geh\u00f6lzarbeiten an der Gie\u00dfener Stra\u00dfe hat die Stadt am Donnerstag (15. Februar) angek\u00fcndigt. Sie erfolgen zwischen Marburg und Gisselberg. Umfangreiche Geh\u00f6lzarbeiten gibt es ab Montag (19. Februar) am Steilhang an der Gie\u00dfener Stra\u00dfe zwischen Marburg und Gisselberg. Betroffen davon ist auch der Fu\u00df- und Radweg. Die Gie\u00dfener\u2026","rel":"","context":"In &quot;Sonstiges&quot;","img":{"alt_text":"","src":"","width":0,"height":0},"classes":[]},{"id":12336,"url":"http:\/\/marburg.news\/?p=12336","url_meta":{"origin":19657,"position":2},"title":"Freie Fu\u00dfwege: Sperrung desRadwegs im Cappeler Feld","date":"9. April 2023","format":false,"excerpt":"Die Sanierung des Fu\u00df- und Radwegs im Cappeler Feld hat die Stadt angek\u00fcndigt. Dazu ist seine Vollsperrung vom 11. bis 18. April erforderlich. Auf dem Fu\u00df- und Radweg im Cappeler Feld wird eine neue Asphaltschicht aufgetragen. Dazu ist der Weg von Dienstag (11. April) bis voraussichtlich Dienstag (18. April) gesperrt.\u2026","rel":"","context":"In &quot;Soziales&quot;","img":{"alt_text":"","src":"","width":0,"height":0},"classes":[]},{"id":7761,"url":"http:\/\/marburg.news\/?p=7761","url_meta":{"origin":19657,"position":3},"title":"In Gisselberg: Graffiti-Aktion am Lahn-Radweg","date":"15. September 2021","format":false,"excerpt":"Der Radweg unterhalb der Gisselberger Stra\u00dfe wird versch\u00f6nert. Dazu findet eine Graffiti-Aktion an der S\u00fcdspange statt. Der Rad- und Fu\u00dfweg zwischen Gisselberg und Marburg wird noch sch\u00f6ner: Denn zwei Marburger Graffitik\u00fcnstler gestalten den Br\u00fcckenfu\u00df an der S\u00fcdspange k\u00fcnstlerisch um. Die Aktion beginnt am Donnerstag (16. September) und dauert voraussichtlich bis\u2026","rel":"","context":"In &quot;Kultur&quot;","img":{"alt_text":"","src":"","width":0,"height":0},"classes":[]},{"id":2322,"url":"http:\/\/marburg.news\/?p=2322","url_meta":{"origin":19657,"position":4},"title":"Neue Fahrbahndecke: Umfangreiche Bauarbeiten in Gisselberg","date":"16. Juni 2018","format":false,"excerpt":"Die Ortsdurchfahrt Gisselbergund die Kreisstra\u00dfe von Gisselberg bis Niederweimar werden erneuert. Die Stra\u00dfen bekommen eine neue Fahrbahndecke. Verantwortlicher Bautr\u00e4ger f\u00fcr diese Sanierung der Infrastruktur ist Hessen Mobil. Der Verkehr wird w\u00e4hrend der Bauarbeiten gr\u00f6\u00dftenteils durch eine Ampel gesteuert. F\u00fcr den \u00fcber\u00f6rtlichen Durchgangsverkehr muss die Stra\u00dfe im Gisselberger Ortskern in den\u2026","rel":"","context":"In &quot;Soziales&quot;","img":{"alt_text":"","src":"","width":0,"height":0},"classes":[]},{"id":17399,"url":"http:\/\/marburg.news\/?p=17399","url_meta":{"origin":19657,"position":5},"title":"Stra\u00dfensperrung: Baumpflegearbeiten an der Gie\u00dfener Stra\u00dfe","date":"28. Januar 2025","format":false,"excerpt":"Eine halbseitige Sperrung der Kreisstra\u00dfe K42 wegen Baumpflegearbeiten hat die Stadt am Dienstag (28. Januar) angek\u00fcnndigt. Sie betrifft den Streckenabschnitt der Gie\u00dfener Stra\u00dfe zwischen der Kernstadt und Gisselberg. Die Gie\u00dfener Stra\u00dfe wird von Montag (3. Februar) bis voraussichtlich Freitag (28. Februar) ab der Einm\u00fcndung zur S\u00fcdspange in Richtung Gisselberg abschnittsweise\u2026","rel":"","context":"In &quot;Soziales&quot;","img":{"alt_text":"","src":"","width":0,"height":0},"classes":[]}],"_links":{"self":[{"href":"http:\/\/marburg.news\/index.php?rest_route=\/wp\/v2\/posts\/19657"}],"collection":[{"href":"http:\/\/marburg.news\/index.php?rest_route=\/wp\/v2\/posts"}],"about":[{"href":"http:\/\/marburg.news\/index.php?rest_route=\/wp\/v2\/types\/post"}],"author":[{"embeddable":true,"href":"http:\/\/marburg.news\/index.php?rest_route=\/wp\/v2\/users\/2"}],"replies":[{"embeddable":true,"href":"http:\/\/marburg.news\/index.php?rest_route=%2Fwp%2Fv2%2Fcomments&post=19657"}],"version-history":[{"count":0,"href":"http:\/\/marburg.news\/index.php?rest_route=\/wp\/v2\/posts\/19657\/revisions"}],"wp:attachment":[{"href":"http:\/\/marburg.news\/index.php?rest_route=%2Fwp%2Fv2%2Fmedia&parent=19657"}],"wp:term":[{"taxonomy":"category","embeddable":true,"href":"http:\/\/marburg.news\/index.php?rest_route=%2Fwp%2Fv2%2Fcategories&post=19657"},{"taxonomy":"post_tag","embeddable":true,"href":"http:\/\/marburg.news\/index.php?rest_route=%2Fwp%2Fv2%2Ftags&post=19657"}],"curies":[{"name":"wp","href":"https:\/\/api.w.org\/{rel}","templated":true}]}}