{"id":19653,"date":"2026-03-04T14:59:47","date_gmt":"2026-03-04T13:59:47","guid":{"rendered":"http:\/\/marburg.news\/?p=19653"},"modified":"2026-03-04T14:59:47","modified_gmt":"2026-03-04T13:59:47","slug":"jetzt-melden-unfallzeugen-vom-parkhaus-erlenring-gesucht","status":"publish","type":"post","link":"http:\/\/marburg.news\/?p=19653","title":{"rendered":"Jetzt melden: Unfallzeugen vom Parkhaus Erlenring gesucht"},"content":{"rendered":"<p>Nachdem es am Samstag (28. Februar) gegen 22.10 Uhr im Parkhaus des Rewe-Marktes am Erlenring zu einer Verkehrsunfallflucht gekommen war, sucht die Polizei Zeugen. Ein schwarzes Auto hatte einen geparkten braunen Dacia Duster beim Vorbeifahren am Heck besch\u00e4digt. <!--more--><br \/>\nDen Schaden sch\u00e4tzt die Polizei auf rund 1.000 Euro. Ohne sich um den entstandenen Schaden zu k\u00fcmmern, setzte der unbekannte Autofahrer seine Fahrt fort. Zeugen, die den Unfall beobachtet haben und Hinweise auf den dunklen Wagen oder seinen Fahrer geben k\u00f6nnen, werden gebeten sich bei der Polizeistation Marburg unter der Telefonnummer 06421\/406-0 zu melden.<\/p>\n<p>* pm: Polizei Marburg<\/p>\n","protected":false},"excerpt":{"rendered":"<p>Nachdem es am Samstag (28. Februar) gegen 22.10 Uhr im Parkhaus des Rewe-Marktes am Erlenring zu einer Verkehrsunfallflucht gekommen war, sucht die Polizei Zeugen. Ein schwarzes Auto hatte einen geparkten braunen Dacia Duster beim Vorbeifahren am Heck besch\u00e4digt.<\/p>\n","protected":false},"author":2,"featured_media":0,"comment_status":"closed","ping_status":"open","sticky":false,"template":"","format":"standard","meta":{"advanced_seo_description":"","spay_email":"","jetpack_publicize_message":"","jetpack_is_tweetstorm":false,"jetpack_publicize_feature_enabled":true},"categories":[6],"tags":[3696,16,34],"jetpack_featured_media_url":"","jetpack_publicize_connections":[],"jetpack_sharing_enabled":true,"jetpack_shortlink":"https:\/\/wp.me\/p8mhvd-56Z","jetpack-related-posts":[{"id":14489,"url":"http:\/\/marburg.news\/?p=14489","url_meta":{"origin":19653,"position":0},"title":"Auto besch\u00e4digt: Unfallflucht im Parkhaus Erlenring-Center","date":"28. November 2023","format":false,"excerpt":"Auf dem oberen Parkdeck des Erlenring-Centers besch\u00e4digte ein Unbekannter einen schwarzen Ford B-Max am hinteren Sto\u00dff\u00e4nger. Dadurch verursachte er einen Schaden von 1.000 Euro. Ohne sich darum zu k\u00fcmmern, fuhr der Unfallfahrer davon. Zeugen, die den Zusammensto\u00df am Donnerstag (23. November) zwischen 19 und 19.30 Uhr mitbekommen haben, werden gebeten,\u2026","rel":"","context":"In &quot;Sonstiges&quot;","img":{"alt_text":"","src":"","width":0,"height":0},"classes":[]},{"id":17394,"url":"http:\/\/marburg.news\/?p=17394","url_meta":{"origin":19653,"position":1},"title":"Die Visitenkarte: Polizei sucht besch\u00e4digtes Auto","date":"27. Januar 2025","format":false,"excerpt":"Nach einem Unfall im Parkhaus Erlenring hat die Verursacherin eine Visitenkarte hinterlassen. Die Polizei sucht nun das angefahrene Auto. Die Verursacherin eines Unfalls meldete sich bei der Polizei, nachdem sie am Samstag (25. Januar) einen roten Wagen im Parkhaus Erlenring (beim Media Markt) angefahren hatte. Sie hatte gegen 18.15 Uhr\u2026","rel":"","context":"In &quot;Sonstiges&quot;","img":{"alt_text":"","src":"","width":0,"height":0},"classes":[]},{"id":16015,"url":"http:\/\/marburg.news\/?p=16015","url_meta":{"origin":19653,"position":2},"title":"Gegen Audi und Fahrrad: Bei Unfall am Erlenring verletzt","date":"22. Juli 2024","format":false,"excerpt":"Wegen unterschiedlicher Aussagen steht der Hergang eines Unfalls am Sonntag (14. Juli) nicht genau fest. Ein 28-j\u00e4hriger Audi-Fahrer aus Marburg befand sich ersten Erkenntnissen zufolge auf dem Erlenring in Richtung Weidenh\u00e4user Br\u00fccke. Gegen 14.10 Uhr wollte er in H\u00f6he der Bushaltestelle \"Erlenring\" nach rechts auf den Parkplatz abbiegen. Dabei kam\u2026","rel":"","context":"In &quot;Sonstiges&quot;","img":{"alt_text":"","src":"","width":0,"height":0},"classes":[]},{"id":2985,"url":"http:\/\/marburg.news\/?p=2985","url_meta":{"origin":19653,"position":3},"title":"Waffen im Spiel: Auseinandersetzung in Parkhaus am Erlenring","date":"17. Januar 2019","format":false,"excerpt":"Zur Kl\u00e4rung des Ablaufs einer Auseinandersetzung in der Tiefgarage des REWE-Parkhauses am Erlenring sucht die Polizei Zeugen. Sie ereignete sich am Mittwoch (16. Januar) kurz vor 20 Uhr. Ein - nach eigenen Angaben durch Tritte und Schl\u00e4ge verletzter - 14-j\u00e4hriger Jugendlicher afghanischer Herkunft gab an, aus einer gr\u00f6\u00dferen Gruppe heraus\u2026","rel":"","context":"In &quot;Sonstiges&quot;","img":{"alt_text":"","src":"","width":0,"height":0},"classes":[]},{"id":19937,"url":"http:\/\/marburg.news\/?p=19937","url_meta":{"origin":19653,"position":4},"title":"Besch\u00e4digung: Nach einem Unfall sucht die Polizei einen VW","date":"24. April 2026","format":false,"excerpt":"Ein VW mit Unfallschaden wird gesucht. Die Polizei bittet um Mithilfe. Ein Jeep-Fahrer meldete sich selbst bei der Polizei und gab an, am Mittwoch (22. April) gegen 13.30 Uhr im Parkhaus des Erlenring Centers einen dunklen VW besch\u00e4digt zu haben. Dieser Wagen parkte r\u00fcckw\u00e4rts in einer Parkl\u00fccke. Beim Einparken touchierte\u2026","rel":"","context":"In &quot;Sonstiges&quot;","img":{"alt_text":"","src":"","width":0,"height":0},"classes":[]},{"id":8338,"url":"http:\/\/marburg.news\/?p=8338","url_meta":{"origin":19653,"position":5},"title":"Unfall unbemerkt: Schaden bei Abfahrt von B3A","date":"8. Dezember 2021","format":false,"excerpt":"Die Polizei sucht Zeugen eines Unfalls am Dienstag (7. Dezember) auf der Stadtautobahn B3A. Beteiligt waren ein wei\u00dfer SUV und ein schwarzer VW Arteon. Der VW nutzte gegen 21.15 Uhr die ausfahrt der Anschlu\u00dfstelle \"Marburg-Mitte\" und blieb auf dem rechten Fahrstreifen um letztlich nach rechts auf den Erlenring stadteinw\u00e4rts abzubiegen.\u2026","rel":"","context":"In &quot;Sonstiges&quot;","img":{"alt_text":"","src":"","width":0,"height":0},"classes":[]}],"_links":{"self":[{"href":"http:\/\/marburg.news\/index.php?rest_route=\/wp\/v2\/posts\/19653"}],"collection":[{"href":"http:\/\/marburg.news\/index.php?rest_route=\/wp\/v2\/posts"}],"about":[{"href":"http:\/\/marburg.news\/index.php?rest_route=\/wp\/v2\/types\/post"}],"author":[{"embeddable":true,"href":"http:\/\/marburg.news\/index.php?rest_route=\/wp\/v2\/users\/2"}],"replies":[{"embeddable":true,"href":"http:\/\/marburg.news\/index.php?rest_route=%2Fwp%2Fv2%2Fcomments&post=19653"}],"version-history":[{"count":0,"href":"http:\/\/marburg.news\/index.php?rest_route=\/wp\/v2\/posts\/19653\/revisions"}],"wp:attachment":[{"href":"http:\/\/marburg.news\/index.php?rest_route=%2Fwp%2Fv2%2Fmedia&parent=19653"}],"wp:term":[{"taxonomy":"category","embeddable":true,"href":"http:\/\/marburg.news\/index.php?rest_route=%2Fwp%2Fv2%2Fcategories&post=19653"},{"taxonomy":"post_tag","embeddable":true,"href":"http:\/\/marburg.news\/index.php?rest_route=%2Fwp%2Fv2%2Ftags&post=19653"}],"curies":[{"name":"wp","href":"https:\/\/api.w.org\/{rel}","templated":true}]}}