{"id":19652,"date":"2026-03-04T12:19:35","date_gmt":"2026-03-04T11:19:35","guid":{"rendered":"http:\/\/marburg.news\/?p=19652"},"modified":"2026-03-04T12:19:35","modified_gmt":"2026-03-04T11:19:35","slug":"jetzt-anmelden-marburger-sommerakademie-vom-13-bis-31-juli","status":"publish","type":"post","link":"http:\/\/marburg.news\/?p=19652","title":{"rendered":"Jetzt anmelden: Marburger Sommerakademie vom 13. bis 31. Juli"},"content":{"rendered":"<p>Interessierte k\u00f6nnen sich jetzt anmelden f\u00fcr die Marburger Sommerakademie. Das hat die Stadt am Mittwoch (4. M\u00e4rz) vorgeschlagen. <!--more--><br \/>\nDie Vorbereitungen f\u00fcr die 49. Marburger Sommerakademie laufen auf Hochtouren: Vom 13. bis 31. Juli bieten 21 Dozent*innen insgesamt 26 ein- oder zweiw\u00f6chige Kurse an. Die Anmeldung ist ab sofort online m\u00f6glich.<br \/>\nDie Marburger Sommerakademie ist seit 49 Jahren ein lebendiger Ort des k\u00fcnstlerischen Austauschs und der Inspiration. Dort existieren darstellende und bildende K\u00fcnste nebeneinander und bereichern sich gegenseitig. \u00dcber drei Wochen hinweg bietet die Akademie ein vielf\u00e4ltiges, buntes Programm. Einsteiger*innen, die neue Ausdrucksformen entdecken wollen, sind ebenso willkommen wie versiertere K\u00fcnstler*innen, die ihre F\u00e4higkeiten vertiefen und weiterentwickeln m\u00f6chten.<br \/>\nInteressierte erwarten Tanz, Clownerie und Chorgesang im Darstellenden Bereich. In der Bildenden Kunst haben Teilnehmende die Gelegenheit, sich in den unterschiedlichsten Kursen auszuprobieren: Das Spektrum reicht dabei von freier und allgemeine Malerei und freiem Zeichnen \u00fcber Linolschnitt und Bildhauerei in Holz und Stein sowie freies Modellieren bis hin zu Portr\u00e4t-, Akt-, Tusche- und Comiczeichnen.<br \/>\nFrischen Wind bringen dar\u00fcber hinaus drei neue Dozent*innen mit ihren Kursen zur Abstrakten Malerei in die Sommerakademie 2026 ein. Werner Degreif, Svenja Maa\u00df und Harald Priem wollen mit den Teilnehmer*innen ganz unterschiedliche Zug\u00e4nge zu diesem Thema finden. Dabei werden sie Sehgewohnheiten aufbrechen und dazu ermutigen, individuelle Ausdrucksformen zu entwickeln.<br \/>\nMusikalisch wird es f\u00fcr die Teilnehmenden bei Suli Puschban mit &#8222;Ein Kopf voller Tr\u00e4ume &#8211; Lieder singen und schreiben&#8220;. Elisabeth Eichler alias Bob Jones setzt mit ihrer Lochkamera einen bewussten Gegenakzent, indem sie die hektischen digitalen Zeiten mit der analogen Fotoarbeit entschleunigt. Kreativ wird es auch beim &#8222;Experimentellen Drucken&#8220; bei Inessa Emmer, dem Arbeiten mit Wohlstandsabfall bei Michael Volkmer und der &#8222;Schablonenmalerei&#8220; mit Konstantin Voit.<br \/>\nDie Sommerakademie wird vom st\u00e4dtischen Fachdienst Kultur organisiert. Die Kurse finden voraussichtlich in der Elisabethschule sowie in den Kaufm\u00e4nnischen Schulen an der Leopold-Lucas-Stra\u00dfe statt. Die Anmeldung zur Marburger Sommerakademie erfolgt \u00fcber ein Online-Formular auf der Homepage der Stadt Marburg auf <a href=\"http:\/\/www.marburg.de\/sommerakademie\">www.marburg.de\/sommerakademie<\/a>. Dort finden sich auch weitere Informationen zu den Kursen. Detaillierte Kursbeschreibungen finden sich zudem in der Sommerakademie-Brosch\u00fcre. Diese liegt im Rathaus, in der Stadtb\u00fccherei, im Stadtb\u00fcro, in der vhs Marburg, in Gesch\u00e4ften und Caf\u00e9s aus. Bei Fragen,wenden sich Interessierte an 06421\/201-4105 oder per Mail an sommerakademie@marburg-stadt.de.<\/p>\n<p>* pm: Stadt Marburg<\/p>\n","protected":false},"excerpt":{"rendered":"<p>Interessierte k\u00f6nnen sich jetzt anmelden f\u00fcr die Marburger Sommerakademie. Das hat die Stadt am Mittwoch (4. M\u00e4rz) vorgeschlagen.<\/p>\n","protected":false},"author":2,"featured_media":0,"comment_status":"closed","ping_status":"open","sticky":false,"template":"","format":"standard","meta":{"advanced_seo_description":"","spay_email":"","jetpack_publicize_message":"","jetpack_is_tweetstorm":false,"jetpack_publicize_feature_enabled":true},"categories":[5,3],"tags":[252,562,564],"jetpack_featured_media_url":"","jetpack_publicize_connections":[],"jetpack_sharing_enabled":true,"jetpack_shortlink":"https:\/\/wp.me\/p8mhvd-56Y","jetpack-related-posts":[{"id":17549,"url":"http:\/\/marburg.news\/?p=17549","url_meta":{"origin":19652,"position":0},"title":"Ins Internet gehen: Anmeldung zur Sommerakademie bereits m\u00f6glich","date":"20. Februar 2025","format":false,"excerpt":"Auch diesen Sommer findet die Marburger Sommerakademie f\u00fcr darstellende und bildende Kunst wieder statt. Eine Anmeldung ist jetzt m\u00f6glich. Seit 1977 zieht sie jeden Sommer Teilnehmende aller Altersgruppen und aus den unterschiedlichsten Ecken Deutschlands - und sogar dar\u00fcber hinaus - in den Bann. Und ab Donnerstag (20. Februar) ist die\u2026","rel":"","context":"In &quot;Kultur&quot;","img":{"alt_text":"","src":"","width":0,"height":0},"classes":[]},{"id":7242,"url":"http:\/\/marburg.news\/?p=7242","url_meta":{"origin":19652,"position":1},"title":"Verstehen: Begleitausstellung zur Sommerakademie in der Br\u00fcder-Grimm-Stube","date":"21. Juni 2021","format":false,"excerpt":"Die Begleitausstellung zur Sommerakademie in der Br\u00fcder-Grimm-Stube ist er\u00f6ffnet. Sie l\u00e4uft noch bis Freitag (13. August). Die Marburger Sommerakademie startet am Samstag (26. Juli). Dabei ist die Begleitausstellung \"A N N A K\u00d6L L E _mi x e d m e d i a _ 1 7 2 x 4\u2026","rel":"","context":"In &quot;Kultur&quot;","img":{"alt_text":"","src":"","width":0,"height":0},"classes":[]},{"id":5087,"url":"http:\/\/marburg.news\/?p=5087","url_meta":{"origin":19652,"position":2},"title":"Juli im Netz: Marburger Sommerakademie f\u00e4llt aus","date":"8. Mai 2020","format":false,"excerpt":"Die Marburger Sommerakademie f\u00fcr Darstellende und Bildende Kunst findet 2020 wegen der Corona-Pandemie nicht statt. Der Fachdienst Kultur sieht aufgrund der gesundheitlichen Gefahr und der unsicheren Lage bez\u00fcglich Einschr\u00e4nkungen keine M\u00f6glichkeit, das Programm wie geplant im Juli durchzuf\u00fchren. Allerdings soll es Online-Beitr\u00e4ge von Dozentinnen und Dozenten geben. Das hat die\u2026","rel":"","context":"In &quot;Kultur&quot;","img":{"alt_text":"","src":"","width":0,"height":0},"classes":[]},{"id":12969,"url":"http:\/\/marburg.news\/?p=12969","url_meta":{"origin":19652,"position":3},"title":"Gro\u00dfes geplant: Die 46. Marburger Sommerakademie","date":"21. Juni 2023","format":false,"excerpt":"Jodelkl\u00e4nge, Rundg\u00e4nge, Geschichten und Zwischenr\u00e4ume bietet die Marburger Sommerakademie mit ihrem Begleitprogramm. Sie findet vom 31. Juli bis 18. August statt. Rund 300 Teilnehmende und Dozent*innen aus Deutschland, \u00d6sterreich, der Schweiz, Ungarn, Italien und Marburgs Partnerst\u00e4dten Poitiers und Eisenach nehmen an der 46. Marburger Sommerakademie f\u00fcr Darstellende und Bildende Kunst\u2026","rel":"","context":"In &quot;Bildung&quot;","img":{"alt_text":"","src":"","width":0,"height":0},"classes":[]},{"id":13668,"url":"http:\/\/marburg.news\/?p=13668","url_meta":{"origin":19652,"position":4},"title":"&#8222;Krebs&#8220; am EPH: Gem\u00e4lde der Stadt Marburg geschenkt","date":"18. August 2023","format":false,"excerpt":"Das Gem\u00e4lde \u201eKrebs\u201c von Em\u00f6 Simonyi ist 145 mal 177 Zentimeter gro\u00df und hat nun dauerhaft seinen Platz im Erwin-Piscator-Haus (EPH) gefunden. F\u00fcr alle Marburger*innen und Besucher*innen des EPH ist es frei zug\u00e4nglich.\u00a0 Die ungarische K\u00fcnstlerin hat es anl\u00e4sslich ihres 80. Geburtstages der Universit\u00e4tsstadt Marburg geschenkt. Wegen ihres besonderen Bezugs\u2026","rel":"","context":"In &quot;Kultur&quot;","img":{"alt_text":"","src":"","width":0,"height":0},"classes":[]},{"id":13520,"url":"http:\/\/marburg.news\/?p=13520","url_meta":{"origin":19652,"position":5},"title":"Sommerakademie transparent: Rundgang mit B\u00fcrgermeisterin Bernshausen","date":"5. August 2023","format":false,"excerpt":"Vom Jodeln bis zur Bildhauerei reicht das Programm der Marburger Sommerakademie. Die Stadt l\u00e4dt f\u00fcr Freitag (11. August) zu einem Rundgang \"Sommerakademie transparent\" ein. die Marburger Sommerakademie f\u00fcr darstellende und bildende Kunst findet in diesem Jahr zum 46. Mal statt. Die Sommerakademie ist die \u00e4lteste Akademie ihrer Art in der\u2026","rel":"","context":"In &quot;Bildung&quot;","img":{"alt_text":"","src":"","width":0,"height":0},"classes":[]}],"_links":{"self":[{"href":"http:\/\/marburg.news\/index.php?rest_route=\/wp\/v2\/posts\/19652"}],"collection":[{"href":"http:\/\/marburg.news\/index.php?rest_route=\/wp\/v2\/posts"}],"about":[{"href":"http:\/\/marburg.news\/index.php?rest_route=\/wp\/v2\/types\/post"}],"author":[{"embeddable":true,"href":"http:\/\/marburg.news\/index.php?rest_route=\/wp\/v2\/users\/2"}],"replies":[{"embeddable":true,"href":"http:\/\/marburg.news\/index.php?rest_route=%2Fwp%2Fv2%2Fcomments&post=19652"}],"version-history":[{"count":0,"href":"http:\/\/marburg.news\/index.php?rest_route=\/wp\/v2\/posts\/19652\/revisions"}],"wp:attachment":[{"href":"http:\/\/marburg.news\/index.php?rest_route=%2Fwp%2Fv2%2Fmedia&parent=19652"}],"wp:term":[{"taxonomy":"category","embeddable":true,"href":"http:\/\/marburg.news\/index.php?rest_route=%2Fwp%2Fv2%2Fcategories&post=19652"},{"taxonomy":"post_tag","embeddable":true,"href":"http:\/\/marburg.news\/index.php?rest_route=%2Fwp%2Fv2%2Ftags&post=19652"}],"curies":[{"name":"wp","href":"https:\/\/api.w.org\/{rel}","templated":true}]}}