{"id":19651,"date":"2026-03-03T18:15:00","date_gmt":"2026-03-03T17:15:00","guid":{"rendered":"http:\/\/marburg.news\/?p=19651"},"modified":"2026-03-03T18:15:00","modified_gmt":"2026-03-03T17:15:00","slug":"leben-dicht-gemacht-zwei-aktuelle-projekte-im-theater-neben-dem-turm","status":"publish","type":"post","link":"http:\/\/marburg.news\/?p=19651","title":{"rendered":"Leben dicht gemacht: Zwei aktuelle Projekte im Theater neben dem Turm"},"content":{"rendered":"<p>Auf zwei aktuelle Produktionen hat das Theater neben dem Turm am Dienstag (3. M\u00e4rz) hingewiesen. &#8222;Can You protext my fight from the wind&#8220; ist ein Theaterst\u00fcck \u00fcber Freundschaft und Krieg. <!--more--><br \/>\nDie Theaterproduktion &#8222;Can You protect my light from the wind?&#8220; erz\u00e4hlt am Freitag (13. M\u00e4rz) und Samstag (14. M\u00e4rz) jeweils um 20 Uhr die Geschichte einer Freundschaft zwischen Tristan Steeg und Yevheniia Vidishcheva, die \u00fcber die Grenzen des Krieges hinweg nach gegenseitiger Solidarit\u00e4t suchen. In ihrer Recherche erkunden sie die Diskrepanz ihrer Lebenswelten und teilen bei Besuchen in ihren Heimaten Gespr\u00e4che \u00fcber Angst, Trauer, Sch\u00f6nheit und die Bedeutung von Zuhause. Als Antwort auf eine gewaltvolle Welt \u00fcbersetzen sie f\u00fcreinander ihre pers\u00f6nlichen Schmerzen und versuchen gemeinsam zu ergr\u00fcnden, wie man einander in Krisenzeiten sch\u00fctzen kann.<br \/>\nDiese Auseinandersetzung mit Gemeinschaft und Widerstand wird am darauffolgenden Wochenende Samstag (21. M\u00e4rz) und Sonntag (22. M\u00e4rz) in der Reihe &#8222;GLANZST\u00dcCKE&#8220; durch die Multimedia-Installation &#8222;Thinking in Clouds&#8220; fortgef\u00fchrt. Das Projekt von ChrisTina Maria Ulrich ist die zweite HTA-Abschlussarbeit (ATW Gie\u00dfen) des Jahres am TNT und setzt der rechtsextremen Radikalisierung in sozialen Medien eine kollektive Stimme entgegen. Durch einen performativen Workshop und eine interaktive Sound-Installation l\u00e4dt die Produktion dazu ein, digitale Zivilcourage praktisch zu erproben und einen solidarischen Raum gegen Rechts miterleben zu wollen.<br \/>\n&#8222;Can You protect my Fight from the wind&#8220; ist die Geschichte einer Freundschaft. Es ist eine Geschichte von gegenseitiger Solidarit\u00e4t und F\u00fcrsorge \u00fcber eine Grenze hinweg, die der Krieg durch Europa zieht. Der Regisseur, Schauspieler und ehemalige Ensemblespieler des Theater Kiel Tristan Steeg und die Regisseurin und Dokumentartheaterk\u00fcnstlerin Yevheniia Vidishcheva aus Kyiv haben sich auf die Suche begeben.<br \/>\nIn ihrer k\u00fcnstlerischen Recherchearbeit erkunden sie die Diskrepanz ihrer Lebenswelten. Sie besuchen sich in ihren Heimaten und lernen ihre Familien kennen. ???? ?????????? ????? ????? ???? ??????, ???????????? ? ???????? ?? ???????. Sie sprechen \u00fcber Trauer. \u00dcber Angst. \u00dcber Wut. \u00dcber den Krieg. \u00dcber Sch\u00f6nheit. ??? ?????. ??? ????. ??? ?????. ??? ?????. \u00dcber Sicherheit und Geborgenheit. \u00dcber Identit\u00e4t. Und wie man f\u00fcreinander da sein kann. Was ein Zuhause ist. ?? ???? ???. Und was ist, wenn es angegriffen wird. Sie \u00fcbersetzen f\u00fcreinander und teilen ihre Geschichten und Schmerzen als Versuch einer Antwort auf eine gewaltvolle Welt der Multikrisen. ??????????? ????????? ???? ??????.<br \/>\nDie rechtsextreme Szene baut ihren Einfluss in den Sozialen Medien aus, indem sie ihre Radikalisierungsstrategien mit Hilfe von Algorithmen und Fake-Profilen verfolgt. Aber wie k\u00f6nnen wir eine kollektive Stimme dagegen bilden? Welche Strategien gibt es gegen rechten Hass im Internet und wie k\u00f6nnen wir einen Raum schaffen, um dagegen entschlossen und gemeinsam vorzugehen?<br \/>\nMit der Multimedia-Installation &#8222;Thinking in Clouds&#8220; wollen wir mit Formen des Widerstands experimentieren und eine kollektive Stimme gegen die extreme Rechte schaffen. In einem performativen Workshop-Teil n\u00e4hern wir uns Strategien der Empathie-basierten Gegenrede. Anschlie\u00dfend l\u00e4dt eine interaktive Installation alle Besucher*innen dazu ein, selbst aktiv zu werden &#8211; gemeinsam kreieren wir durch Gegenreden, Musik und Ger\u00e4usche eine Sound-Wolke gegen Rechts.<br \/>\nDas St\u00fcck richtet sich an alle, die neugierig sind, wie wir digitalem Hass und Online-Radikalisierung entgegenwirken k\u00f6nnen, unabh\u00e4ngig von Vorwissen. Wenn ihr euch f\u00fcr digitale Zivilcourage interessiert oder Lust habt, eine performative und klangbasierte Form des Miteinanders auszuprobieren, kommt vorbei Die Performances finden am Samstag (21. M\u00e4rz um 19 Uhr und Sonntag (22. MN\u00e4rz)um 17 Uhr im Theater neben dem Turm (TNT) an den Aff\u00f6llerwiesen statt.<\/p>\n<p>* pm: Polizei Marburg<\/p>\n","protected":false},"excerpt":{"rendered":"<p>Auf zwei aktuelle Produktionen hat das Theater neben dem Turm am Dienstag (3. M\u00e4rz) hingewiesen. &#8222;Can You protext my fight from the wind&#8220; ist ein Theaterst\u00fcck \u00fcber Freundschaft und Krieg.<\/p>\n","protected":false},"author":2,"featured_media":0,"comment_status":"closed","ping_status":"open","sticky":false,"template":"","format":"standard","meta":{"advanced_seo_description":"","spay_email":"","jetpack_publicize_message":"","jetpack_is_tweetstorm":false,"jetpack_publicize_feature_enabled":true},"categories":[3],"tags":[129,701,14],"jetpack_featured_media_url":"","jetpack_publicize_connections":[],"jetpack_sharing_enabled":true,"jetpack_shortlink":"https:\/\/wp.me\/p8mhvd-56X","jetpack-related-posts":[{"id":19833,"url":"http:\/\/marburg.news\/?p=19833","url_meta":{"origin":19651,"position":0},"title":"missingdots: Der Fall Mutter im TNT","date":"4. April 2026","format":false,"excerpt":"\"Der Fall Mutter\" kommt am Freitag(10. April) und Samstag (11. April) jeweils um 20 Uhr ins Theater neben dem Turm (TNT). Es handelt sich um ein Gastspiel von \"missingdots\" aus Dresden. \"missingdots\" erz\u00e4hlt in ihrer Inszenierung \"Der Fall Mutter\" von diversen Personen und dem kollektiven Anspruch auf Mitspracherecht zur Frage\u2026","rel":"","context":"In &quot;Kultur&quot;","img":{"alt_text":"","src":"","width":0,"height":0},"classes":[]},{"id":10457,"url":"http:\/\/marburg.news\/?p=10457","url_meta":{"origin":19651,"position":1},"title":"Theaterabend: Wir werden durchn\u00e4sst bis auf die Herzhaut","date":"27. August 2022","format":false,"excerpt":"\"Wir werden durchn\u00e4sst bis auf die Herzaut.\" Mit diesem Satz \u00fcbertitelt das Theater neben dem Turm (TNT) sein neuestes St\u00fcck zur Deportation von J\u00fcdinnen und Juden aus Marburg. Anl\u00e4sslich des 80. Jahrestags der Deportation j\u00fcdischer B\u00fcrgerinnen und B\u00fcrger aus Marburg findet die Premiere des neuen St\u00fccks am Dienstag (6. September)\u2026","rel":"","context":"In &quot;Kultur&quot;","img":{"alt_text":"","src":"","width":0,"height":0},"classes":[]},{"id":17634,"url":"http:\/\/marburg.news\/?p=17634","url_meta":{"origin":19651,"position":2},"title":"Dorothea Gr\u00fcnzweig: Gedichte aus dem Herzland von Licht und Dunkel","date":"8. M\u00e4rz 2025","format":false,"excerpt":"Die Lyrikerin Dorothea Gr\u00fcnzweig liest in Marburg. Am Samstag (15. M\u00e4rz) pr\u00e4sentiert sie im Theater neben dem Turm um 19.30 Uhr ihre Gedichte aus dem Herzland von Licht und Dunkel. Dass eine deutsche Schriftstellerin und ein deutscher Pfarrer in Finnland aufeinandertreffen, Freunde werden und er sie Jahre sp\u00e4ter zu einer\u2026","rel":"","context":"In &quot;Kultur&quot;","img":{"alt_text":"","src":"","width":0,"height":0},"classes":[]},{"id":17754,"url":"http:\/\/marburg.news\/?p=17754","url_meta":{"origin":19651,"position":3},"title":"Gewinnende Geschichte: Blinde Passagiere im Trojanischen Pferd","date":"30. M\u00e4rz 2025","format":false,"excerpt":"Die 28. Hessische Kinder- und Jugendtheaterwoche hat von Sonntag (23. M\u00e4rz) bis Samstag (29. M\u00e4rz) stattgefunden. Zum Abschluss des KUSS-Festivals wurde am Samstag (29. M\u00e4rz) die beste Produktion ausgezeichnet. Dotiert ist der Hessische Kinder- und Jugendtheaterpreis mit 2.000 Euro. Gestiftet wurde er vom \"Freundeskreis Hessisches Landestheater\". Die siebenk\u00f6pfige Jury besteht\u2026","rel":"","context":"In &quot;Kultur&quot;","img":{"alt_text":"","src":"","width":0,"height":0},"classes":[]},{"id":17566,"url":"http:\/\/marburg.news\/?p=17566","url_meta":{"origin":19651,"position":4},"title":"Buch bewegt: Lesung \u00fcber j\u00fcdische Kinder und Jugendliche","date":"24. Februar 2025","format":false,"excerpt":"Das Kinder- und Jugendparlament (KiJuPa) gibt j\u00fcdischen Kindern und Jugendlichen aus der NS-Zeit eine Stimme. Das geschieht bei einer Lesung am Sonntag (16. M\u00e4rz). Was haben j\u00fcdische Kinder und Jugendliche in der Zeit des Nationalsozialismus erleben m\u00fcssen? Wie haben sie auf der Flucht, in Verstecken, in Ghettos oder in Konzentrationslagern\u2026","rel":"","context":"In &quot;Bildung&quot;","img":{"alt_text":"","src":"","width":0,"height":0},"classes":[]},{"id":19270,"url":"http:\/\/marburg.news\/?p=19270","url_meta":{"origin":19651,"position":5},"title":"H\u00f6ren und f\u00fchlen: St\u00fcck \u00fcber Flut mit Audiodeskription und Tastf\u00fchrung","date":"25. Dezember 2025","format":false,"excerpt":"Das St\u00fcck \"Driften bis wir Wasser sind\" wird am 30. und 31. JJanuar 2026 im Theater neben dem Turm (TNT) aufgef\u00fchrt. Dazu wird es eine integrierte Audiodeskription inklusive Tastf\u00fchrung geben. Die Audiodeskription haben die blinde Co-Autorin B\u00e4rbel Dick-Fritzsche sowie ihre sehenden Co-Autorinen Greta Katharina Klein und Conny Walter verfasst. Die\u2026","rel":"","context":"In &quot;Kultur&quot;","img":{"alt_text":"","src":"","width":0,"height":0},"classes":[]}],"_links":{"self":[{"href":"http:\/\/marburg.news\/index.php?rest_route=\/wp\/v2\/posts\/19651"}],"collection":[{"href":"http:\/\/marburg.news\/index.php?rest_route=\/wp\/v2\/posts"}],"about":[{"href":"http:\/\/marburg.news\/index.php?rest_route=\/wp\/v2\/types\/post"}],"author":[{"embeddable":true,"href":"http:\/\/marburg.news\/index.php?rest_route=\/wp\/v2\/users\/2"}],"replies":[{"embeddable":true,"href":"http:\/\/marburg.news\/index.php?rest_route=%2Fwp%2Fv2%2Fcomments&post=19651"}],"version-history":[{"count":0,"href":"http:\/\/marburg.news\/index.php?rest_route=\/wp\/v2\/posts\/19651\/revisions"}],"wp:attachment":[{"href":"http:\/\/marburg.news\/index.php?rest_route=%2Fwp%2Fv2%2Fmedia&parent=19651"}],"wp:term":[{"taxonomy":"category","embeddable":true,"href":"http:\/\/marburg.news\/index.php?rest_route=%2Fwp%2Fv2%2Fcategories&post=19651"},{"taxonomy":"post_tag","embeddable":true,"href":"http:\/\/marburg.news\/index.php?rest_route=%2Fwp%2Fv2%2Ftags&post=19651"}],"curies":[{"name":"wp","href":"https:\/\/api.w.org\/{rel}","templated":true}]}}