{"id":19592,"date":"2026-02-22T12:21:12","date_gmt":"2026-02-22T11:21:12","guid":{"rendered":"http:\/\/marburg.news\/?p=19592"},"modified":"2026-02-22T12:21:12","modified_gmt":"2026-02-22T11:21:12","slug":"wehmut-und-wut-mit-der-faust-in-die-welt-schlagen","status":"publish","type":"post","link":"http:\/\/marburg.news\/?p=19592","title":{"rendered":"Wehmut und Wut: Mit der Faust in die Welt schlagen"},"content":{"rendered":"<p>Der Film &#8222;Mit der Faust in die Welt schlagen&#8220; wird am Montag (23. Februar) im &#8222;Capitol&#8220; gezeigt. Die Veranstaltung findet in der Reihe &#8222;Marburger DemokratieKinoO&#8220; statt. <!--more--><br \/>\nDie Br\u00fcder Tobias (Camille Moltzen) und Philipp (Anton Franke) wachsen in einem osts\u00e4chsischen Dorf auf. W\u00e4hrend die Hitze hier im Sommer kaum auszuhalten ist, l\u00e4sst der Frost im Winter die Stra\u00dfen aufbrechen. Ihre Eltern bauen ein Haus, was f\u00fcr die Geschwister so etwas wie der Wendepunkt ihres Lebens sein k\u00f6nnte, w\u00e4ren da nicht die industriellen Hinterlassenschaften der DDR, die noch immer in ihrer Provinz zu finden sind.<br \/>\nF\u00fcr Philipp und Tobias wird die Perspektivlosigkeit von Tag zu Tag gr\u00f6\u00dfer. In Dresden kommt es zu nationalistischen Aufm\u00e4rschen und in ihrem Ort sollen Fl\u00fcchtlinge aufgenommen werden &#8211; was das Fass schlie\u00dflich zum \u00dcberlaufen bringt. W\u00e4hrend sich der eine Bruder zur\u00fcckzieht, sucht sich der andere ein Ventil f\u00fcr seine Wut &#8230;<br \/>\n&#8222;Mit der Faust in die Welt schlagen ist ein Film der Regisseurin Constanze Klaue. Er basiert auf dem gleichnamigen Roman von Lukas Rietzschel. Der Film wird am Montag (23. Februar) ab 19 Uhr im Kino &#8222;Capitol&#8220; an der Biegenstra\u00dfe vorgef\u00fchrt. Eingeladen dazu hat das Marburger Netzwerk f\u00fcr Demokratie und gegen Rechtsextremismus.<\/p>\n<p>* pm: Kulturelle Aktion Marburg &#8222;Str\u00f6mungen&#8220;<\/p>\n","protected":false},"excerpt":{"rendered":"<p>Der Film &#8222;Mit der Faust in die Welt schlagen&#8220; wird am Montag (23. Februar) im &#8222;Capitol&#8220; gezeigt. Die Veranstaltung findet in der Reihe &#8222;Marburger DemokratieKinoO&#8220; statt.<\/p>\n","protected":false},"author":2,"featured_media":0,"comment_status":"closed","ping_status":"open","sticky":false,"template":"","format":"standard","meta":{"advanced_seo_description":"","spay_email":"","jetpack_publicize_message":"","jetpack_is_tweetstorm":false,"jetpack_publicize_feature_enabled":true},"categories":[3,2,4],"tags":[271,1330,1486],"jetpack_featured_media_url":"","jetpack_publicize_connections":[],"jetpack_sharing_enabled":true,"jetpack_shortlink":"https:\/\/wp.me\/p8mhvd-560","jetpack-related-posts":[{"id":15612,"url":"http:\/\/marburg.news\/?p=15612","url_meta":{"origin":19592,"position":0},"title":"Faust-Film: Lifemusik zu Stummfilm-Klassiker","date":"16. Mai 2024","format":false,"excerpt":"Murnaus \"Faust\" wird am Freitag (24. Mai) um 20 Uhr in der Waggonhalle gezeigt. Das Bandprojekt \"Caligari\" pr\u00e4sentiert den Stummfilm von 1926 mit Livemusik. \"Von Zeit zu Zeit seh' ich den Alten gern.\" So l\u00e4sst Johann Wolfgang Goethe den Hitzkopf Mephisto sprechen, nachdem er mit \"dem Alten\" eine Wette abgeschlossen\u2026","rel":"","context":"In &quot;Kultur&quot;","img":{"alt_text":"","src":"","width":0,"height":0},"classes":[]},{"id":1360,"url":"http:\/\/marburg.news\/?p=1360","url_meta":{"origin":19592,"position":1},"title":"Kohle kein Korn: Acht Projekte beim &#8222;Tag der Lehre&#8220; ausgezeichnet","date":"23. November 2017","format":false,"excerpt":"Der erste \"Tag der Lehre\" fand am Mittwoch (22. November) im Forschungszentrum Deutscher Sprachatlas statt. F\u00fcr ihre Projekte im Rahmen des Wettbewerbs \"Lehre@Philipp\" zeichnete Universit\u00e4ts-Vizepr\u00e4sidentin Prof. Dr. Evelyn Korn dort acht Lehrende und eine Studentin aus. \"Viele tolle Ideen bl\u00fchen im Verborgenen, stellte Korn fest. \"Wir m\u00f6chten die Sichtbarkeit f\u00fcr\u2026","rel":"","context":"In &quot;Bildung&quot;","img":{"alt_text":"","src":"","width":0,"height":0},"classes":[]},{"id":19140,"url":"http:\/\/marburg.news\/?p=19140","url_meta":{"origin":19592,"position":2},"title":"Gezeigt: Physik am Samstagmorgen im Wintersemester","date":"3. Dezember 2025","format":false,"excerpt":"Der Fachbereich Physik l\u00e4dt die \u00d6ffentlichkeit ein, spannende Ph\u00e4nomene zu entdecken. Vier Vortr\u00e4ge stehen im Wintersemester auf dem Programm der Reihe \"Physik am Samstagmorgen\". Auch im Wintersemester 2025\/2026 findet wieder die Veranstaltungsreihe \"Physik am Samstagmorgen\" statt. Die Physikerinnen und Physiker der Philipps-Universit\u00e4t freuen sich darauf, der breiten \u00d6ffentlichkeit in diesem\u2026","rel":"","context":"In &quot;Bildung&quot;","img":{"alt_text":"","src":"","width":0,"height":0},"classes":[]},{"id":2446,"url":"http:\/\/marburg.news\/?p=2446","url_meta":{"origin":19592,"position":3},"title":"Marburg entdecken: Audioguides und Themenwege sowie marburgviews.de","date":"21. Juli 2018","format":false,"excerpt":"Audioguides und Themenrouten f\u00fchren Interessierte zu Sehensw\u00fcrdigkeiten in Marburg. Mit ihnen kann man die Universit\u00e4tsstadt auf eigene Faust entdecken. Marburg hat vieles zu bieten. Neben Einkaufsm\u00f6glichkeiten und Gastronomie locken auch Sehensw\u00fcrdigkeiten wie das Landgrafenschloss und die Elisabethkirche nach Marburg. F\u00fcr alle gibt es neben den Stadtf\u00fchrungen der Marburg Stadt Land\u2026","rel":"","context":"In &quot;Bildung&quot;","img":{"alt_text":"","src":"","width":0,"height":0},"classes":[]},{"id":10203,"url":"http:\/\/marburg.news\/?p=10203","url_meta":{"origin":19592,"position":4},"title":"Die Welt des Theaters: Zirkuswagen kommen in die Au\u00dfenstadtteile","date":"24. Juli 2022","format":false,"excerpt":"Die Welt des Theaters k\u00f6nnen Kinder in den Sommerferien entdecken. Die \"Spielmobil\"-Zirkuswagen\" kommen in die Au\u00dfenstadtteile. Die \"Bretter, die die Welt bedeuten\", kommen zu den Kindern von sechs Marburger Au\u00dfenstadtteilen. Vier bunte \"Spielmobil\"-Zirkuswagen der Stadt Marburg \u00f6ffnen zu Beginn der Sommerferien ihre T\u00fcren und bringen den Kindern die Welt des\u2026","rel":"","context":"In &quot;Bildung&quot;","img":{"alt_text":"","src":"","width":0,"height":0},"classes":[]},{"id":7755,"url":"http:\/\/marburg.news\/?p=7755","url_meta":{"origin":19592,"position":5},"title":"Zwei Verb\u00fcndete: Uni und MPI feiern 30 Jahre Forschungskooperation","date":"14. September 2021","format":false,"excerpt":"Das Marburger Max-Planck-Institut (MPI) feiert sein 30-j\u00e4hriges Bestehen. Ebenso lange w\u00e4hrt auch die Kooperation mit der Philipps-Universit\u00e4t. 1991 wurde das Max-Planck-Institut f\u00fcr terrestrische Mikrobiologie auf Betreiben des Mikrobiologen Prof. Dr. Rudolf K. Thauer gegr\u00fcndet. Heute geh\u00f6rt Marburg weltweit zu den attraktiven Forschungsstandorten f\u00fcr Mikrobiologie. Das ist auch das Ergebnis einer\u2026","rel":"","context":"In &quot;Bildung&quot;","img":{"alt_text":"","src":"","width":0,"height":0},"classes":[]}],"_links":{"self":[{"href":"http:\/\/marburg.news\/index.php?rest_route=\/wp\/v2\/posts\/19592"}],"collection":[{"href":"http:\/\/marburg.news\/index.php?rest_route=\/wp\/v2\/posts"}],"about":[{"href":"http:\/\/marburg.news\/index.php?rest_route=\/wp\/v2\/types\/post"}],"author":[{"embeddable":true,"href":"http:\/\/marburg.news\/index.php?rest_route=\/wp\/v2\/users\/2"}],"replies":[{"embeddable":true,"href":"http:\/\/marburg.news\/index.php?rest_route=%2Fwp%2Fv2%2Fcomments&post=19592"}],"version-history":[{"count":0,"href":"http:\/\/marburg.news\/index.php?rest_route=\/wp\/v2\/posts\/19592\/revisions"}],"wp:attachment":[{"href":"http:\/\/marburg.news\/index.php?rest_route=%2Fwp%2Fv2%2Fmedia&parent=19592"}],"wp:term":[{"taxonomy":"category","embeddable":true,"href":"http:\/\/marburg.news\/index.php?rest_route=%2Fwp%2Fv2%2Fcategories&post=19592"},{"taxonomy":"post_tag","embeddable":true,"href":"http:\/\/marburg.news\/index.php?rest_route=%2Fwp%2Fv2%2Ftags&post=19592"}],"curies":[{"name":"wp","href":"https:\/\/api.w.org\/{rel}","templated":true}]}}