{"id":19509,"date":"2026-02-10T18:17:58","date_gmt":"2026-02-10T17:17:58","guid":{"rendered":"http:\/\/marburg.news\/?p=19509"},"modified":"2026-02-10T18:17:58","modified_gmt":"2026-02-10T17:17:58","slug":"jubel-zu-vereinsjubilaeen-100-jahre-fussballverein-cappel","status":"publish","type":"post","link":"http:\/\/marburg.news\/?p=19509","title":{"rendered":"Jubel zu VereinsJubil\u00e4en: 100 Jahre Fu\u00dfballverein Cappel"},"content":{"rendered":"<p>Die silberne Ehrenplakette des hessischen Ministerpr\u00e4sidenten hat der FSV Cappel erhalten. Gew\u00fcrdigt werden damit 100 Jahre Engagement f\u00fcr das Miteinander. <!--more--><br \/>\nZur Feier des 100-j\u00e4hrigen Bestehens des Fu\u00dfballsportvereins FSV 1926 Cappel brachte Stadtr\u00e4tin Kirsten Dinnebier ein besonderes Geschenk mit: Die Sportdezernentin \u00fcbergab dem Verein die Silberne Ehrenplakette des Hessischen Ministerpr\u00e4sidenten.<br \/>\n&#8222;Wenn ich an den FSV Cappel denke, versp\u00fcre ich vor allem eine tiefe Dankbarkeit&#8220;, sagte Stadtr\u00e4tin Kirsten Dinnebier anl\u00e4sslich des Vereinsjubil\u00e4ums. Das sei &#8222;Dankbarkeit f\u00fcr einen Verein, der weit mehr ist als ein sportliches Zuhause. Er ist ein Ort des Miteinanders, unabh\u00e4ngig von Herkunft oder finanziellem Hintergrund. Der FSV Cappel ist ein Ort des Engagements und des gegenseitigen Respekts.&#8220;<br \/>\nDer Fu\u00dfballsportverein feierte sein 100-j\u00e4hriges Bestehen als Doppel-Geburtstag gemeinsam mit der Freiwilligen Feuerwehr Marburg-Cappel, die ebenfalls in diesem Jahr seit 100 Jahren besteht. Dem FSV Cappel brachte die Sportdezernentin ein besonderes Geschenk mit. Das war die Silberne Ehrenplakette des Hessischen Ministerpr\u00e4sidenten.<br \/>\nDiese Auszeichnung w\u00fcrdige nicht nur die sportlichen Erfolge des Vereins, sondern auch seinen Einsatz f\u00fcr Vielfalt und Zusammenhalt. Dinnebier sagte, sie sei tief ber\u00fchrt davon, wie viele Menschen sich f\u00fcr den Verein ehrenamtlich und voller Leidenschaft einsetzen. Der FSV Cappel stehe f\u00fcr eine klare Haltung und f\u00fcr das Bekenntnis zur Demokratie.<br \/>\nB\u00fcrgermeisterin Nadine Bernshausen w\u00fcrdigte die lebendige und engagierte Kinder- und Jugendarbeit des FSV Cappel als Herzst\u00fcck des Vereins: &#8222;Der FSV Cappel ist ein verl\u00e4sslicher Ort des Aufwachsens, der Gemeinschaft und der demokratischen Bildung.&#8220; Dort werde nicht nur Fu\u00dfball gespielt, sondern es w\u00fcrden Werte vermittelt: Respekt, Fairness, Teamgeist und Verantwortung &#8211; regelbasiert. Das geschehe spielerisch und mit gro\u00dfer Leidenschaft.<br \/>\nGut die H\u00e4lfte der mehr als 500 Vereinsmitglieder sind Kinder und Jugendliche; es gibt 350 aktive Spielerinnen und Spieler. Etwa 250 von ihnen geh\u00f6ren zum Nachwuchs.<br \/>\nGetragen wird diese Arbeit von rund 50 ehrenamtlichen Jugendleiter*innen und Trainer*innen, die jungen Menschen im Verein Halt, Orientierung und Perspektiven geben. &#8222;Das ist nicht nur organisatorisch bemerkenswert, sondern zeigt eindrucksvoll, wie stark, verl\u00e4sslich und zukunftsorientiert dieser Verein aufgestellt ist&#8220;, betonte Bernshausen. Um den ehrenamtlichen Einsatz der Fu\u00dfball-Begeisterten und Feuerwehrleute zu feiern, waren viele G\u00e4ste zur Feier ins B\u00fcrgerhaus Cappel gekommen. Dabei umrahmten die Chorgemeinschaft Cappel und die Bl\u00e4serformation &#8222;Sax-o-Mar&#8220; die Veranstaltung musikalisch.<br \/>\nDer Vereinsvorsitzende Reiner Muth und Wehrf\u00fchrer Dominik Wagner hoben das gro\u00dfe Engagement in beiden Vereinen hervor. Muth blickte auf 100 Jahre Vereinsgeschichte zur\u00fcck und stellte den FSV Cappel als einen Verein mit Vergangenheit und Zukunft vor. Dabei betonte er die integrative Kraft des Fu\u00dfballs und die gelebte Solidarit\u00e4t in beiden Vereinen, in Fu\u00dfball und Feuerwehr.<br \/>\nViele Ehreng\u00e4ste gratulierten den beiden &#8222;Geburtstagskindern&#8220; mit kurzen Gru\u00dfworten und bezeugten beiden Vereinen ihren Respekt und Dank. &#8222;Ihr lebt f\u00fcr die Gemeinschaft&#8220;, sagte Kreisfu\u00dfballwartin Daniela R\u00fchl. Als Vorsitzender des Sportkreises Marburg-Biedenkopf dankte Stefan Backhaus dem Verein und seinen Engagierten f\u00fcr all ihr Herzblut. Prof. Dr. Vizepr\u00e4sidentin Silke Sinning vom deutschen Fu\u00dfballbund w\u00fcnschte dem Fu\u00dfballverein alles Gute f\u00fcr die Zukunft, in der er weiterhin junge Menschen in ihrer Weiterentwicklung unterst\u00fctzen m\u00f6ge, und das nicht nur sportlich.<br \/>\nIn einer Diskussionsrunde mit Ehreng\u00e4sten ging es am Ende der Veranstaltung um die Zukunft des Ehrenamts. &#8222;Ehrenamt ist der soziale Kitt der Gesellschaft&#8220;, hob Stadtr\u00e4tin Dinnebier dabei noch einmal deutlich hervor. Der heutige Fu\u00dfballsportverein Cappel hat seinen Ursprung in dem Traditionsverein &#8222;Sportlust 1926&#8220;, wenngleich die Anf\u00e4nge bereits 1919 beim &#8222;Sport- und Spielklub&#8220; liegen.<br \/>\nDie Silberne Ehrenplakette k\u00f6nnen Gesang-, Musik- und Sportvereine einmalig erhalten, wenn sie seit mindestens 100 Jahren bestehen. Die Auszeichnung w\u00fcrdigt das ehrenamtliche und kulturelle Wirken und wurde 1951 vom Hessischen Ministerpr\u00e4sidenten Georg August Zinn gestiftet. Der FSV Cappel bietet beispielsweise Veranstaltungen wie Oster- und Sommercamps f\u00fcr den Nachwuchs, Pr\u00e4ventionsangebote oder die Unterst\u00fctzung beim Einstieg in das Berufsleben.<\/p>\n<p>* pm: Stadt Marburg<\/p>\n","protected":false},"excerpt":{"rendered":"<p>Die silberne Ehrenplakette des hessischen Ministerpr\u00e4sidenten hat der FSV Cappel erhalten. Gew\u00fcrdigt werden damit 100 Jahre Engagement f\u00fcr das Miteinander.<\/p>\n","protected":false},"author":2,"featured_media":0,"comment_status":"closed","ping_status":"open","sticky":false,"template":"","format":"standard","meta":{"advanced_seo_description":"","spay_email":"","jetpack_publicize_message":"","jetpack_is_tweetstorm":false,"jetpack_publicize_feature_enabled":true},"categories":[7],"tags":[637,596,7345],"jetpack_featured_media_url":"","jetpack_publicize_connections":[],"jetpack_sharing_enabled":true,"jetpack_shortlink":"https:\/\/wp.me\/p8mhvd-54F","jetpack-related-posts":[{"id":11383,"url":"http:\/\/marburg.news\/?p=11383","url_meta":{"origin":19509,"position":0},"title":"Ab in Anstrengungen: Neuer Fitness-Bereich f\u00fcr FSV Cappel","date":"6. Dezember 2022","format":false,"excerpt":"6.400 Euro hat die Stadt dem FSV 1926 Cappel bewilligt. Damit f\u00f6rdert die Stadt einen neuen Fitnessbereich im Vereinsheim \"Am K\u00f6ppel\". Stadtr\u00e4tin Kirsten Dinnebier hat dem Verein FSV 1926 Cappel einen Scheck \u00fcber rund 6.400 Euro \u00fcbergeben. Die F\u00f6rderung ist f\u00fcr den Ausbau des Dachbodens vom Vereinsheims \"Am K\u00f6ppel\" zu\u2026","rel":"","context":"In &quot;Sport&quot;","img":{"alt_text":"","src":"","width":0,"height":0},"classes":[]},{"id":12248,"url":"http:\/\/marburg.news\/?p=12248","url_meta":{"origin":19509,"position":1},"title":"Engagement gew\u00fcrdigt: Bundesverdienstkreuz f\u00fcr Ernst-R\u00fcdiger Schmeltzer","date":"27. M\u00e4rz 2023","format":false,"excerpt":"Das Bundesverdienstkreuz hat Ernst-R\u00fcdiger Schmeltzer erhalten. Es w\u00fcrdigt sein jahrzehntelanges Engagement f\u00fcr das Gemeinwohl. Seit vielen Jahren ist Ernst-R\u00fcdiger Schmeltzer in verschiedensten Bereichen ehrenamtlich t\u00e4tig, dabei liegt sein Hauptengagement beim DRK-Kreisverband Marburg-Biedenkopf sowie der Elterninitiative f\u00fcr leuk\u00e4mie- und tumorkranke Kinder. F\u00fcr diesen Einsatz hat ernun dasVerdienstkreuz am Bande des Bundesverdienstordens\u2026","rel":"","context":"In &quot;Soziales&quot;","img":{"alt_text":"","src":"","width":0,"height":0},"classes":[]},{"id":94,"url":"http:\/\/marburg.news\/?p=94","url_meta":{"origin":19509,"position":2},"title":"Fremde begr\u00fc\u00dft: 2. Internationales Neujahrsfest in Cappel","date":"23. Januar 2017","format":false,"excerpt":"Menschen unterschiedlichster Herkunft haben am Sonntag (22. Januar) im B\u00fcrgerhaus Cappel zum zweiten Mal gemeinsam das Internationale Neujahrsfest gefeiert. 2015 hatten Ehrenamtliche der Fl\u00fcchtlingshilfe Cappel mit Willfried Bepperling vom FSV Cappel kurz vor Weihnachten zum ersten Mal ein Internationales Neujahrsfest organisiert. Dieses Angebot wurde so gut angenommen, dass es eine\u2026","rel":"","context":"In &quot;Kultur&quot;","img":{"alt_text":"","src":"","width":0,"height":0},"classes":[]},{"id":15306,"url":"http:\/\/marburg.news\/?p=15306","url_meta":{"origin":19509,"position":3},"title":"Fehlerbereinigung: TSV Schr\u00f6ck erh\u00e4lt Rasenplatz","date":"2. April 2024","format":false,"excerpt":"Schr\u00f6ck erh\u00e4lt einen Naturrasensportplatz. Die Stadt bezuschusst das Umbauprojekt mit 100.000 Euro. Im Marburger Stadtteil Schr\u00f6ck wird der alte Tennenplatz in einen Naturrasensportplatz umgebaut und dabei vergr\u00f6\u00dfert. Die Stadt Marburg f\u00f6rdert die Ma\u00dfnahme mit einem Zuschuss von insgesamt 100.000 Euro. Daf\u00fcr hat Stadtr\u00e4tin Kirsten Dinnebier einen symbolischen Scheck an den\u2026","rel":"","context":"In &quot;Sport&quot;","img":{"alt_text":"","src":"","width":0,"height":0},"classes":[]},{"id":15756,"url":"http:\/\/marburg.news\/?p=15756","url_meta":{"origin":19509,"position":4},"title":"Schreiben und schaffen: Hans Menche erhielt historisches Stadtsiegel","date":"7. Juni 2024","format":false,"excerpt":"Mit dem Historischen Stadtsiegel wurde Hans Menche am Dienstag (4. Juni) im Rathaus ausgezeichnet. Damit w\u00fcrdigt die Stadt sein jahrzehntelanges ehrenamtliches Engagement. F\u00fcr sein vielf\u00e4ltiges ehrenamtliches Engagement ist Hans Menche mit dem Historischen Stadtsiegel der Universit\u00e4tsstadt Marburg ausgezeichnet worden. Er hat sich nicht nur viele Jahre f\u00fcr den FSV Bortshausen\u2026","rel":"","context":"In &quot;Soziales&quot;","img":{"alt_text":"","src":"","width":0,"height":0},"classes":[]},{"id":15873,"url":"http:\/\/marburg.news\/?p=15873","url_meta":{"origin":19509,"position":5},"title":"F\u00fcr Verst\u00e4ndigung: Netzwerk f\u00fcr Demokratie organisiert Wanderung","date":"26. Juni 2024","format":false,"excerpt":"Das \"Marburger Netzwerk f\u00fcr Demokratie\" organisiert eine Wanderung am Sonntag (7. Juli). Interessierte k\u00f6nnen dabei gemeinsam in Dialog treten und sich bewegen. Die Arbeitsgruppe Sport und Bewegung des \"Marburger Netzwerks f\u00fcr Demokratie und gegen Rechtsextremismus\" l\u00e4dt f\u00fcr Sonntag (7. Juli) zu einer Wanderung ein, um Dialog und demokratische Werte zu\u2026","rel":"","context":"In &quot;Politik&quot;","img":{"alt_text":"","src":"","width":0,"height":0},"classes":[]}],"_links":{"self":[{"href":"http:\/\/marburg.news\/index.php?rest_route=\/wp\/v2\/posts\/19509"}],"collection":[{"href":"http:\/\/marburg.news\/index.php?rest_route=\/wp\/v2\/posts"}],"about":[{"href":"http:\/\/marburg.news\/index.php?rest_route=\/wp\/v2\/types\/post"}],"author":[{"embeddable":true,"href":"http:\/\/marburg.news\/index.php?rest_route=\/wp\/v2\/users\/2"}],"replies":[{"embeddable":true,"href":"http:\/\/marburg.news\/index.php?rest_route=%2Fwp%2Fv2%2Fcomments&post=19509"}],"version-history":[{"count":0,"href":"http:\/\/marburg.news\/index.php?rest_route=\/wp\/v2\/posts\/19509\/revisions"}],"wp:attachment":[{"href":"http:\/\/marburg.news\/index.php?rest_route=%2Fwp%2Fv2%2Fmedia&parent=19509"}],"wp:term":[{"taxonomy":"category","embeddable":true,"href":"http:\/\/marburg.news\/index.php?rest_route=%2Fwp%2Fv2%2Fcategories&post=19509"},{"taxonomy":"post_tag","embeddable":true,"href":"http:\/\/marburg.news\/index.php?rest_route=%2Fwp%2Fv2%2Ftags&post=19509"}],"curies":[{"name":"wp","href":"https:\/\/api.w.org\/{rel}","templated":true}]}}