{"id":19441,"date":"2026-02-03T10:28:14","date_gmt":"2026-02-03T09:28:14","guid":{"rendered":"http:\/\/marburg.news\/?p=19441"},"modified":"2026-02-03T10:28:14","modified_gmt":"2026-02-03T09:28:14","slug":"auf-sound-setzen-podcast-sportpaedagogischer-espresso-geht-an-den-start","status":"publish","type":"post","link":"http:\/\/marburg.news\/?p=19441","title":{"rendered":"Auf Sound setzen: Podcast &#8222;Sportp\u00e4dagogischer Espresso&#8220; geht an den Start"},"content":{"rendered":"<p>Der &#8222;Sportp\u00e4dagogische Espresso&#8220;&#8220; geht an den Start. So hei\u00dft ein neuer Podcast der Philipps-Universit\u00e4t. <!--more--><br \/>\nMartin Giese und Matthias Hoppe servieren sportwissenschaftliches Wissen auf Spotify. Mit dem neuen Podcast &#8222;Sportp\u00e4dagogischer Espresso&#8220; bringen Giese und Hoppe frischen Wind in die sportwissenschaftliche Diskussion. Die beiden Hosts und Professoren der Philipps-Universit\u00e4t Marburg laden zu kompakten Gespr\u00e4chen rund um Sport, Training und Gesellschaft ein.<br \/>\nAb sofort ist der Podcast auf &#8222;Spotify&#8220; und &#8222;YouTube&#8220; abrufbar. &#8222;Wer Sportwissenschaft einmal anders erleben m\u00f6chte, sollte unbedingt reinh\u00f6ren&#8220;, empfahl Sportp\u00e4dagoge Prof. Dr. Martin Giese. Inhaltlich dreht sich der Podcast um aktuelle sportwissenschaftliche Forschung, spannende G\u00e4ste aus Wissenschaft und Praxis sowie um zentrale Fachbegriffe, die verst\u00e4ndlich und in leichter Sprache erkl\u00e4rt werden.<br \/>\n&#8222;Ziel ist es, komplexe Themen so aufzubereiten, dass sie nicht nur f\u00fcr Studierende, sondern auch f\u00fcr ein breiteres Publikum zug\u00e4nglich und interessant sind&#8220;, erl\u00e4uterte Hoppe. Die G\u00e4ste kommen aus allen Bereichen des Sports und stehen f\u00fcr spannende Positionen und Geschichten im Kontext des Sports. &#8222;So sprechen wir in einer Folge mit einer Klettersportlerin aus dem Para-Leistungssport, die in Marburg vor wenigen Jahren Abitur gemacht hat und inzwischen im Weltcup klettert&#8220;, k\u00fcndigte Giese an.<br \/>\nDas Themenspektrum reicht von Schul- und Breitensport bis zum (paralympischen) Spitzensport. In Folge 1 steht zum Beispiel die Leistungsdiagnostik im Mittelpunkt und in Folge 3 ist der Bundestrainer Goalball zu Gast, der erz\u00e4hlt, wie er diese faszinierende Sportart im Studium selbst \u00fcberhaupt erst kennen gelernt hat.<br \/>\nDas Besondere am &#8222;Sportwissenschaftlichen Espresso&#8220; sind die regelm\u00e4\u00dfigen Gastauftritte, das fundierte Wissen direkt aus der Forschung und eine Pr\u00e4sentation, die Humor mit fachlicher Tiefe verbindet. Das Ganze verpackt als Kurzpodcast von maximal 10 Minuten L\u00e4nge &#8211; zu genie\u00dfen bei einem entschleunigenden Espresso. Vorkenntnisse sind nicht n\u00f6tig; Neugier reicht v\u00f6llig aus. Der Podcast zeigt: Sportwissenschaft kann gleichzeitig klug, unterhaltsam und niedrigschwellig vermittelt werden.<\/p>\n<p>* pm: Philipps-Universit\u00e4t Marburg<\/p>\n","protected":false},"excerpt":{"rendered":"<p>Der &#8222;Sportp\u00e4dagogische Espresso&#8220;&#8220; geht an den Start. So hei\u00dft ein neuer Podcast der Philipps-Universit\u00e4t.<\/p>\n","protected":false},"author":2,"featured_media":0,"comment_status":"closed","ping_status":"open","sticky":false,"template":"","format":"standard","meta":{"advanced_seo_description":"","spay_email":"","jetpack_publicize_message":"","jetpack_is_tweetstorm":false,"jetpack_publicize_feature_enabled":true},"categories":[5,7],"tags":[3043,2647,64],"jetpack_featured_media_url":"","jetpack_publicize_connections":[],"jetpack_sharing_enabled":true,"jetpack_shortlink":"https:\/\/wp.me\/p8mhvd-53z","jetpack-related-posts":[{"id":18129,"url":"http:\/\/marburg.news\/?p=18129","url_meta":{"origin":19441,"position":0},"title":"Zusammen kommen: Uni-Kongress zu Leichtathletik f\u00fcr alle","date":"4. Juni 2025","format":false,"excerpt":"\"Leichtathletik f\u00fcr alle: Vielfalt als St\u00e4rke\" lautet das Motto eines Hochschulkongresses der Philipps-Universit\u00e4t. Am Samstag (14. Juni) soll er in Pr\u00e4senz und als Livestream stattfinden. Wie kann Leichtathletik so gestaltet werden, dass sie alle erreicht, unabh\u00e4ngig von Alter, Herkunft, k\u00f6rperlichen Voraussetzungen oder Bildungskontext? Dieser Frage widmet sich am Samstag (14.\u2026","rel":"","context":"In &quot;Bildung&quot;","img":{"alt_text":"","src":"","width":0,"height":0},"classes":[]},{"id":16029,"url":"http:\/\/marburg.news\/?p=16029","url_meta":{"origin":19441,"position":1},"title":"Vielgestaltig: Uni erhielt G\u00fctesiegel f\u00fcr Arbeitsschutz","date":"24. Juli 2024","format":false,"excerpt":"Die Philipps-Universit\u00e4t erh\u00e4lt die \"ASCA-Arbeitsschutz\"-Best\u00e4tigung. Ministerin Heike Hofmann hat ihr das G\u00fctesiegel f\u00fcr Arbeitsschutz verliehen. Die Arbeitspl\u00e4tze an einer Universit\u00e4t sind so vielf\u00e4ltig wie ihre F\u00e4cher. Um sicherzustellen, dass der betriebliche Arbeitsschutz hohen Standards gen\u00fcgt und Universit\u00e4tsangeh\u00f6rige in den verschiedensten Lehr-, Forschungs- und Arbeitsbereichen wirksam vor Gesundheitsgef\u00e4hrdungen sch\u00fctzt, hat sich\u2026","rel":"","context":"In &quot;Bildung&quot;","img":{"alt_text":"","src":"","width":0,"height":0},"classes":[]},{"id":19718,"url":"http:\/\/marburg.news\/?p=19718","url_meta":{"origin":19441,"position":2},"title":"Stadt des Sports: Japanische Studierende besuchen Marburg","date":"16. M\u00e4rz 2026","format":false,"excerpt":"Sport-Studierende aus Japan lernen die \"Sportstadt\" Marburg kennen. Diesen Austausch haben die Stadt Marburg und die Philipps-Universit\u00e4t erm\u00f6glicht. Marburg ist eine Sportstadt: Wer in der Universit\u00e4tsstadt sportlich aktiv sein m\u00f6chte, hat dazu vielf\u00e4ltige M\u00f6glichkeiten. Aktiv werden k\u00f6nnen Interessierte das unter anderem auf zahlreichen Sport- und Freizeitanlagen, bei offenen Bewegungsangeboten, in\u2026","rel":"","context":"In &quot;Bildung&quot;","img":{"alt_text":"","src":"","width":0,"height":0},"classes":[]},{"id":18806,"url":"http:\/\/marburg.news\/?p=18806","url_meta":{"origin":19441,"position":3},"title":"Leider immer mehr: Rechte Ideologien an der Hochschule","date":"8. Oktober 2025","format":false,"excerpt":"Rechte Ideologien an der Hochschule und Gegenstrategien sind Thema einer \u00f6ffentlichen Diskussion \u00fcber Geschichtsbilder, Burschenschaften und aktuelle Herausforderungen. Stattfinden soll sie am Donnerstag (16. Oktober) im Rathaus. Zum Semesterstart l\u00e4dt die Uni Marburg zu einer \u00f6ffentlichen Veranstaltung ein, die sich kritisch mit rechten Ideologien im Hochschulkontext auseinandersetzt. Unter dem Titel\u2026","rel":"","context":"In &quot;Bildung&quot;","img":{"alt_text":"","src":"","width":0,"height":0},"classes":[]},{"id":5455,"url":"http:\/\/marburg.news\/?p=5455","url_meta":{"origin":19441,"position":4},"title":"Mit Podcast: Stadt informiert k\u00fcnftig auch auf &#8222;H\u00f6r mal marburg&#8220;","date":"24. Juli 2020","format":false,"excerpt":"\"H\u00f6r mal Marburg\" hei\u00dft der neueste Info-Kanal der Stadt. Am Montag (27. Juli) startet die 14-t\u00e4gige Audio-Reihe. Darin informiert die Universit\u00e4tsstadt Marburg dar\u00fcber, was sie tut, warum sie etwas tut und wie. Der Podcast liefert Informationen aus erster Hand - zum An- und Nachh\u00f6ren unter hoermalmarburg.de sowie auf allen g\u00e4ngigen\u2026","rel":"","context":"In &quot;Bildung&quot;","img":{"alt_text":"","src":"","width":0,"height":0},"classes":[]},{"id":16318,"url":"http:\/\/marburg.news\/?p=16318","url_meta":{"origin":19441,"position":5},"title":"Modell in Marburg: Uni geht voran bei Nachhaltigkeit","date":"12. September 2024","format":false,"excerpt":"Die Phlipps-Universit\u00e4t wird Modell f\u00fcr mehr Nachhaltigkeit. Sie wurde f\u00fcr die Pilotphase des HKR-Audits \"Nachhaltigkeit an Hochschulen\" ausgew\u00e4hlt. Da nachhaltige Entwicklung f\u00fcr viele Hochschulen ins Zentrum der strategischen Ausrichtung r\u00fcckt, startet die Hochschulrektorenkonferenz (HRK) im Herbst 2024 in die Pilotphase f\u00fcr das Audit \"Nachhaltigkeit an Hochschulen\". Die Philipps-Universit\u00e4t ist als\u2026","rel":"","context":"In &quot;Bildung&quot;","img":{"alt_text":"","src":"","width":0,"height":0},"classes":[]}],"_links":{"self":[{"href":"http:\/\/marburg.news\/index.php?rest_route=\/wp\/v2\/posts\/19441"}],"collection":[{"href":"http:\/\/marburg.news\/index.php?rest_route=\/wp\/v2\/posts"}],"about":[{"href":"http:\/\/marburg.news\/index.php?rest_route=\/wp\/v2\/types\/post"}],"author":[{"embeddable":true,"href":"http:\/\/marburg.news\/index.php?rest_route=\/wp\/v2\/users\/2"}],"replies":[{"embeddable":true,"href":"http:\/\/marburg.news\/index.php?rest_route=%2Fwp%2Fv2%2Fcomments&post=19441"}],"version-history":[{"count":0,"href":"http:\/\/marburg.news\/index.php?rest_route=\/wp\/v2\/posts\/19441\/revisions"}],"wp:attachment":[{"href":"http:\/\/marburg.news\/index.php?rest_route=%2Fwp%2Fv2%2Fmedia&parent=19441"}],"wp:term":[{"taxonomy":"category","embeddable":true,"href":"http:\/\/marburg.news\/index.php?rest_route=%2Fwp%2Fv2%2Fcategories&post=19441"},{"taxonomy":"post_tag","embeddable":true,"href":"http:\/\/marburg.news\/index.php?rest_route=%2Fwp%2Fv2%2Ftags&post=19441"}],"curies":[{"name":"wp","href":"https:\/\/api.w.org\/{rel}","templated":true}]}}