{"id":19390,"date":"2026-01-25T19:26:40","date_gmt":"2026-01-25T18:26:40","guid":{"rendered":"http:\/\/marburg.news\/?p=19390"},"modified":"2026-01-25T19:26:40","modified_gmt":"2026-01-25T18:26:40","slug":"topthema-klima-diesmal-setzt-sich-jana-trommer-auf-die-frankfurter-strasse","status":"publish","type":"post","link":"http:\/\/marburg.news\/?p=19390","title":{"rendered":"Topthema Klima: Diesmal setzt sich Jana Trommer auf die Frankfurter Stra\u00dfe"},"content":{"rendered":"<p>Eine weitere &#8222;Kunstaktion&#8220; f\u00fcr Klimaschutz hat Jana Trommer am Sonntag (25. Januar) angek\u00fcndigt. Sie soll am Freitag (30. Januar) auf der Frankfurter Stra\u00dfe stattfinden. <!--more--><br \/>\nVon 16.30 bis 16.45 Uhr will Jana Trommer auf dem Fu\u00dfg\u00e4nger\u00fcberweg an der Einm\u00fcndung der Haspelstra\u00dfe eine &#8222;Kunstaktion&#8220; durchf\u00fchren, mit der sie die St\u00f6rungen durch die Klimakrise symbolisiert und auf die Gefahren durch fehlenden Klimaschutz hinweist. Zugleich fordert sie damit von der Regie\u00adrung, ernsthafte Schutzma\u00dfnahmen durch Klimaschutz zu ergreifen. Sie werde dann die Stra\u00dfe \u00fcber eine gr\u00fcne Fu\u00dfg\u00e4ngerampel betreten und die Fahrbahn nicht wieder verlassen.<br \/>\nWenn die Autos &#8222;Gr\u00fcn&#8220; erhalten, werde sie nicht weiter gehen. &#8222;Ich werde mich zum Ausdruck meiner Gewaltfreiheit hinsetzen und die H\u00e4nde heben&#8220;, k\u00fcndigte Trommer an. &#8222;Ich werde mich nicht festkleben oder auf andere Weise schwer machen oder mit Gegenst\u00e4nden verbinden. Vielleicht lege ich mich hin, wenn alle Autos stehen. Vielleicht singe ich etwas.&#8220;<br \/>\nVor 16.45 Uhr m\u00f6chte die Kinderpsychologin nicht freiwillig aufstehen und gehen. &#8222;Wenn ich davor von der Stra\u00dfe getragen oder gezogen werde, werde ich versuchen, dorthin zur\u00fcckzukehren. Ich werde mich in jedem Moment strikt gewaltfrei verhalten.&#8220;<br \/>\nF\u00fcr Notf\u00e4lle und Rettungseins\u00e4tze will Trommer jederzeit Platz machen. &#8222;Ich handle f\u00fcr meine Kinder und f\u00fcr andere Kinder, f\u00fcr Menschen in anderen Weltregionen und f\u00fcr noch gar nicht geborene Lebewesen, f\u00fcr Pflanzen und Tiere&#8220;, erkl\u00e4rte Trommer. &#8222;Wenn der Staat meinen Protest bestraft statt Menschen vor der Klimakrise zu sch\u00fctzen, sind Straf- oder Bu\u00df\u00adgeld\u00adverfahren Teil meines Protests.&#8220;<br \/>\nVon der Bundesregierung fordert Trommer, z\u00fcgig Ma\u00dfnahmen f\u00fcr sozial gerechten Klimaschutz einzuleiten. Ich appelliere an die wartenden Autofahrer*innen, die Wartezeit zu nutzen, um sich ebenfalls an die Bundesregierung zu wenden.&#8220; Derartige <a href=\"http:\/\/marburg.news\/?p=19322\">&#8222;Kunstaktionen&#8220; f\u00fcr Klimaschutz<\/a> hat die Marburgerin bereits seit dem 26. September 2025 regelm\u00e4\u00dfig durchgef\u00fchrt.<\/p>\n<p>* pm: Jana Trommer, Marburg<\/p>\n","protected":false},"excerpt":{"rendered":"<p>Eine weitere &#8222;Kunstaktion&#8220; f\u00fcr Klimaschutz hat Jana Trommer am Sonntag (25. Januar) angek\u00fcndigt. Sie soll am Freitag (30. Januar) auf der Frankfurter Stra\u00dfe stattfinden.<\/p>\n","protected":false},"author":2,"featured_media":0,"comment_status":"closed","ping_status":"open","sticky":false,"template":"","format":"standard","meta":{"advanced_seo_description":"","spay_email":"","jetpack_publicize_message":"","jetpack_is_tweetstorm":false,"jetpack_publicize_feature_enabled":true},"categories":[3,2,4],"tags":[5169,506,4454],"jetpack_featured_media_url":"","jetpack_publicize_connections":[],"jetpack_sharing_enabled":true,"jetpack_shortlink":"https:\/\/wp.me\/p8mhvd-52K","jetpack-related-posts":[{"id":19677,"url":"http:\/\/marburg.news\/?p=19677","url_meta":{"origin":19390,"position":0},"title":"Gegen Gleichg\u00fcltigkeit: Jana Trommer sitzt diemsal im S\u00fcdviertel","date":"9. M\u00e4rz 2026","format":false,"excerpt":"Jana Trommer macht weiter. Ihre n\u00e4chste \"Kunstaktion\" hat sie f\u00fcr Freitag (13. M\u00e4rz) angek\u00fcndigt. Diesmal m\u00f6chte Jana Trommer ihre allw\u00f6chentliche \"Kunstaktion\" f\u00fcr Klimaschutz auf der Frankfurter Stra\u00dfe beim Fu\u00dfg\u00e4nger\u00fcbergang \"Auf der Weide\" durchf\u00fchren. Mit ihrer Aktion am Freitag (13. M\u00e4rz) von 16.30 bis 16.45 Uhr m\u00f6chte die Marburger Psychologin wieder\u2026","rel":"","context":"In &quot;Kultur&quot;","img":{"alt_text":"","src":"","width":0,"height":0},"classes":[]},{"id":19360,"url":"http:\/\/marburg.news\/?p=19360","url_meta":{"origin":19390,"position":1},"title":"Kunstaktion: Jana Trommer sitzt erneut im Pilgrimstein","date":"19. Januar 2026","format":false,"excerpt":"Auch ihre n\u00e4chste \"Kunstaktion\" f\u00fcr Klimaschutz m\u00f6chte Jana Trommer wieder im Pilgrimstein durchf\u00fchren. Das hat sie am Montag (19. Januar) angek\u00fcndigt. \"Am Freitag (23. Januar) von 16.30 bis 16.45 Uhr werde ich in Marburg am Pilgrimstein - Fu\u00dfg\u00e4nger\u00fcbergang an der Einhornapotheke - eine Kunstaktion durchf\u00fchren, mit der ich die St\u00f6rungen\u2026","rel":"","context":"In &quot;Kultur&quot;","img":{"alt_text":"","src":"","width":0,"height":0},"classes":[]},{"id":19761,"url":"http:\/\/marburg.news\/?p=19761","url_meta":{"origin":19390,"position":2},"title":"Im Krisenfall: Jana Trommer sitzt unweit der CDU","date":"23. M\u00e4rz 2026","format":false,"excerpt":"Ihre n\u00e4chste \"Kunstaktion\" f\u00fcr Klimaschutz richtet Jana Trommer direkt an die CDU. Daf\u00fcr hat sie sich eine passende Kreuzung in Marburg ausgesucht. In H\u00f6rweite des CDU-B\u00fcros m\u00f6chte Jana Trommer am Freitag (27. M\u00e4rz) von 16.30 bis 16.45 Uhr auf der Gisselberger Stra\u00dfe beim Fu\u00dfg\u00e4nger\u00fcbergang an der Ecke zur Frankfurter Stra\u00dfe\u2026","rel":"","context":"In &quot;Politik&quot;","img":{"alt_text":"","src":"","width":0,"height":0},"classes":[]},{"id":19495,"url":"http:\/\/marburg.news\/?p=19495","url_meta":{"origin":19390,"position":3},"title":"Aktionsank\u00fcndigung: Jana Trommer setzt sich auf die Gutenbergstra\u00dfe","date":"9. Februar 2026","format":false,"excerpt":"Ihre n\u00e4chste \u00f6ffentliche Aktions-Ank\u00fcndigung hat die Psychologin Jana Trommer am Montag (9. Februar) verschickt. Stattfinden soll sie am Freitag (13. Februar). Von 16.30 bis 16.45 Uhr werde sie auf der Gutenbergstra\u00dfe beim Fu\u00dfg\u00e4nger\u00fcbergang an der Ecke zur Universit\u00e4tsstra\u00dfe eine \"Kunstaktion\" durchf\u00fchren. Damit wolle sie die St\u00f6rungen durch die Klimakrise symbolisieren\u2026","rel":"","context":"In &quot;Kultur&quot;","img":{"alt_text":"","src":"","width":0,"height":0},"classes":[]},{"id":19953,"url":"http:\/\/marburg.news\/?p=19953","url_meta":{"origin":19390,"position":4},"title":"Neuer Aktionstermin: Jana Trommer setzt sich am 15. Mai wieder auf die Stra\u00dfe","date":"28. April 2026","format":false,"excerpt":"Nach dreiw\u00f6chiger Pause widersetzt sich Jana Trommer wieder der Allt\u00e4glichkeit des Klimawandels. Ihre n\u00e4chste \"Kunstaktion\" will die Marburger Psychologin am Freitag (15. Mai) durchf\u00fchren. Von 16.45 bis 17 Uhr m\u00f6chte Jana Trommer auf der Gutenbergstra\u00dfe beim Fu\u00dfg\u00e4nger\u00fcbergang an der Universit\u00e4tsstra\u00dfe eine \"Kunstaktion\" durchf\u00fchren. Damit symbolisiert sie die St\u00f6rungen durch die\u2026","rel":"","context":"In &quot;Kultur&quot;","img":{"alt_text":"","src":"","width":0,"height":0},"classes":[]},{"id":19322,"url":"http:\/\/marburg.news\/?p=19322","url_meta":{"origin":19390,"position":5},"title":"Klimakunst: Jana Trommer bleibt im Pilgrimstein","date":"11. Januar 2026","format":false,"excerpt":"Jana Trommer macht auch 2026 weiter mit ihren \"Kunstaktionen\" f\u00fcr Klimaschutz. Die n\u00e4chste Aktion hat die Marburgerin f\u00fcr Freitag (16. Januar) angek\u00fcndigt. Am Freitag (16. Januar) von 16.30 bis 16.45 Uhr will Jana Trommer am Pilgrimstein beim Fu\u00dfg\u00e4nger\u00fcbergang an der Einhornapotheke ihre n\u00e4chste Kunstaktion durchf\u00fchren. Damit m\u00f6chte die Psychologin die\u2026","rel":"","context":"In &quot;Kultur&quot;","img":{"alt_text":"","src":"","width":0,"height":0},"classes":[]}],"_links":{"self":[{"href":"http:\/\/marburg.news\/index.php?rest_route=\/wp\/v2\/posts\/19390"}],"collection":[{"href":"http:\/\/marburg.news\/index.php?rest_route=\/wp\/v2\/posts"}],"about":[{"href":"http:\/\/marburg.news\/index.php?rest_route=\/wp\/v2\/types\/post"}],"author":[{"embeddable":true,"href":"http:\/\/marburg.news\/index.php?rest_route=\/wp\/v2\/users\/2"}],"replies":[{"embeddable":true,"href":"http:\/\/marburg.news\/index.php?rest_route=%2Fwp%2Fv2%2Fcomments&post=19390"}],"version-history":[{"count":0,"href":"http:\/\/marburg.news\/index.php?rest_route=\/wp\/v2\/posts\/19390\/revisions"}],"wp:attachment":[{"href":"http:\/\/marburg.news\/index.php?rest_route=%2Fwp%2Fv2%2Fmedia&parent=19390"}],"wp:term":[{"taxonomy":"category","embeddable":true,"href":"http:\/\/marburg.news\/index.php?rest_route=%2Fwp%2Fv2%2Fcategories&post=19390"},{"taxonomy":"post_tag","embeddable":true,"href":"http:\/\/marburg.news\/index.php?rest_route=%2Fwp%2Fv2%2Ftags&post=19390"}],"curies":[{"name":"wp","href":"https:\/\/api.w.org\/{rel}","templated":true}]}}