{"id":19388,"date":"2026-01-24T13:45:30","date_gmt":"2026-01-24T12:45:30","guid":{"rendered":"http:\/\/marburg.news\/?p=19388"},"modified":"2026-01-24T13:45:30","modified_gmt":"2026-01-24T12:45:30","slug":"frieden-a-la-trump-da-ist-guter-rat-teuer","status":"publish","type":"post","link":"http:\/\/marburg.news\/?p=19388","title":{"rendered":"Frieden a la Trump: Da ist guter Rat teuer"},"content":{"rendered":"<p>Die Welt h\u00e4lt den Atem an. Doch die Lahn flie\u00dft ruhig weiter dem Rhein entgegen. <!--more--><br \/>\nSelten war ein Jahresbeginn so aufregend wie 2026. Was der selbsternannte Weltenherrscher im Wei\u00dfen Haus abzieht, das grenzt an eine groteske Gruselgeschichte mit Kom\u00f6dienelementen. Doch das Lachen bleibt den Betrachtenden im Halse stecken, wenn sie sich vergegenw\u00e4rtigen, dass sie wahrscheinlich die n\u00e4chsten Opfer dieses unberechenbaren Potentaten werden k\u00f6nnten.<br \/>\nEin &#8222;Friedensrat&#8220; soll nach dem Willen des US-Pr\u00e4sidenten all das regeln, was nach dem Internationalen V\u00f6lkerrecht Aufgabe der Vereinten Nationen (UN) ist. Den Vorsitz hat er sich selber zuerkannt, und das auf Lebenszeit. Zudem bestimmt allein er, wer mitmachen darf. Selbstverst\u00e4ndlich hat er auch ein Vetorecht bei allen Abstimmungen.<br \/>\nWer bei diesem seltsamen Gremium dabeisein m\u00f6chte, soll eine Milliarde US-Dollar in bar an Donald Trump \u00fcbergeben. Demokratinnen und Demokraten k\u00f6nnen sich da nur noch \u00fcbergeben vor Ekel. Dennoch haben einige Diktatoren bereits ihre Mitwirkung zugesagt.<br \/>\nAnbesichts dieser Groteske mutet das Marburger B\u00fcndnis &#8222;Nein zum Krieg!&#8220; geradezu demokratisch an. Dabei ist auch dort l\u00e4ngst etwas vom Geiste Trumps eingekehrt: Populisten, Corona-Leugner und Putin-Versteher haben in der einstigen Marburger Friedensinitiative inzwischen das Sagen.<br \/>\n\u00dcber den Umgang mit dem russischen Diktator Vladimir Putin und seinen v\u00f6lkerrechtswwidrigen Angriffskrieg auf die Ukraine kann und muss man sich sicherlich ebenso auseinandersetzen wie \u00fcber die drohende Militarisierung Deutschlands auf Kosten der Sozialen Gerechtigkeit. Wenn die einstige Friedensinitiative aber zum Erf\u00fcllungsgehilfen russischer Geheimdienste verkommt, dann ist es gut, dass sie den Namen &#8222;Friedensinitiative&#8220; vor Jahren aufgegeben hat zugunsten der Bezeichnung &#8222;B\u00fcndnis&#8220;. Dieses Wort bezeichnend nun zutreffend das B\u00fcndnis, dass sie mit Putin eingegangen ist und an dem sie bald wahrscheinlich eingehen wird.<\/p>\n<p>* <a href=\"http:\/\/marburg.news\/team\/fjh\">Franz-Josef Hanke<\/a><\/p>\n","protected":false},"excerpt":{"rendered":"<p>Die Welt h\u00e4lt den Atem an. Doch die Lahn flie\u00dft ruhig weiter dem Rhein entgegen.<\/p>\n","protected":false},"author":2,"featured_media":0,"comment_status":"closed","ping_status":"open","sticky":false,"template":"","format":"standard","meta":{"advanced_seo_description":"","spay_email":"","jetpack_publicize_message":"","jetpack_is_tweetstorm":false,"jetpack_publicize_feature_enabled":true},"categories":[2],"tags":[3606,169,3843],"jetpack_featured_media_url":"","jetpack_publicize_connections":[],"jetpack_sharing_enabled":true,"jetpack_shortlink":"https:\/\/wp.me\/p8mhvd-52I","jetpack-related-posts":[{"id":9498,"url":"http:\/\/marburg.news\/?p=9498","url_meta":{"origin":19388,"position":0},"title":"Im rathaus: Bei Spendenlauf von Br\u00fcssel zur Ukraine","date":"14. Mai 2022","format":false,"excerpt":"Unter dem Motto \"Walk the Peace Talk\" l\u00e4uft ein Br\u00fcsseler Student f\u00fcr den Frieden. Auf seinem Weg zur ukrainischen Grenze hat er Halt im Marburger Rathaus gemacht. \"Schmerz und Leid lindern und Bildung f\u00f6rdern\" m\u00f6chte Simbarashe Manyika tun, solange er lebt. Der 34-J\u00e4hrige aus Simbabwe studiert in Belgien und hat\u2026","rel":"","context":"In &quot;Politik&quot;","img":{"alt_text":"","src":"","width":0,"height":0},"classes":[]},{"id":12002,"url":"http:\/\/marburg.news\/?p=12002","url_meta":{"origin":19388,"position":1},"title":"Krampf im Krieg: Wie Frieden in schwierigen Zeiten gelingt","date":"24. Februar 2023","format":false,"excerpt":"Der Krieg ist Gewohnheit geworden. Noch ist er gl\u00fccklicherweise aber weit weg. Am 24. Februar 2022 haben russische Truppen das Nachbarland Ukraine angegriffen. Die Hoffnung des russischen Pr\u00e4sidenten Vladimir Putin auf einen schnellen Sieg hat sich gl\u00fccklicherweise nicht erf\u00fcllt. Tragischerweise ist jedoch auch ein Jahr nach Kriegsbeginn kein Ende des\u2026","rel":"","context":"In &quot;Politik&quot;","img":{"alt_text":"Panzer","src":"https:\/\/i0.wp.com\/marburg.news\/wp-content\/uploads\/2023\/02\/26502080194_600a172326_b.jpg?fit=1024%2C683&resize=350%2C200","width":350,"height":200},"classes":[]},{"id":2420,"url":"http:\/\/marburg.news\/?p=2420","url_meta":{"origin":19388,"position":2},"title":"Versinken und ertrinken: Ersch\u00fctternde Debatten um Seenotrettung im Mittelmeer","date":"15. Juli 2018","format":false,"excerpt":"\"Auch in Marburg ist die Stimmung schlechter geworden\", bemerkt ein Fl\u00fcchtling aus Syrien. \"Ich kann nicht mehr\", seufzt eine Afrikanerin. Die Debatten \u00fcber die Seenotrettung im Mittelmeer gehen nicht spurlos an den Gefl\u00fcchteten vor\u00fcber. Ein junger Afrikaner ist auch \u00fcber die mittelmeerroute gekommen. L\u00e4ngst warnt er seine Landsleute vor diesem\u2026","rel":"","context":"In &quot;Politik&quot;","img":{"alt_text":"","src":"","width":0,"height":0},"classes":[]},{"id":12015,"url":"http:\/\/marburg.news\/?p=12015","url_meta":{"origin":19388,"position":3},"title":"Umgeplant: Betr\u00fcger mit ver\u00e4nderter Masche erfolgreich","date":"25. Februar 2023","format":false,"excerpt":"Betr\u00fcger am Telefon kamen mit einer ver\u00e4nderten Masche leider zum Erfolg. Sie betrogen eine \u00fcber 80 Jahre alte Seniorin um Geld und Schmuck in f\u00fcnfstelliger H\u00f6he. \"Nur wer die Maschen der Betr\u00fcger kennt, der kann sich und durch Weitergabe der Vorgehensweise auch andere davor sch\u00fctzen, Opfer dieser gemeinen und r\u00fccksichtslosen\u2026","rel":"","context":"In &quot;Sonstiges&quot;","img":{"alt_text":"","src":"","width":0,"height":0},"classes":[]},{"id":11570,"url":"http:\/\/marburg.news\/?p=11570","url_meta":{"origin":19388,"position":4},"title":"W\u00fcnsche f\u00fcr 2023: R\u00fccksicht und Respekt statt Raub und Raketen","date":"1. Januar 2023","format":false,"excerpt":"Die Silvesternacht in Marburg war laut und l\u00e4stig. 2022 verabschiedete sich mit Krach und Knallerei. Wer trotz Krieg und Katastrophen, Armut und Hunger sowie den Folgen f\u00fcr die Feinstaubbelastung immer noch auf l\u00e4rmendes Feuerwerk zum Jahreswechsel besteht, der hat wirklich einen Knall. Der erste Wunsch f\u00fcr das Neue Jahr ist\u2026","rel":"","context":"In &quot;Politik&quot;","img":{"alt_text":"","src":"","width":0,"height":0},"classes":[]},{"id":292,"url":"http:\/\/marburg.news\/?p=292","url_meta":{"origin":19388,"position":5},"title":"Zusammengeschwei\u00dft: 60 Trauerg\u00e4ste nahmen Abschid von Rolf Hepp","date":"16. M\u00e4rz 2017","format":false,"excerpt":"\"Rolf, der Kampf geht weiter.\" Mit diesen Worten verabschiedete sich ein Freund von Rolf Hepp. Gut 60 Menschen waren am Mittwoch (15. M\u00e4rz) zur Trauerfeier in die Friedhofskapelle am Rotenberg gekommen. \"Vermutlich ist Rolf am 2. Februar gestorben\", berichtete der DGB-kreisvorsitzende Pit Metz der Trauergemeinde. \"Aber genau wissen wir das\u2026","rel":"","context":"In &quot;Politik&quot;","img":{"alt_text":"","src":"","width":0,"height":0},"classes":[]}],"_links":{"self":[{"href":"http:\/\/marburg.news\/index.php?rest_route=\/wp\/v2\/posts\/19388"}],"collection":[{"href":"http:\/\/marburg.news\/index.php?rest_route=\/wp\/v2\/posts"}],"about":[{"href":"http:\/\/marburg.news\/index.php?rest_route=\/wp\/v2\/types\/post"}],"author":[{"embeddable":true,"href":"http:\/\/marburg.news\/index.php?rest_route=\/wp\/v2\/users\/2"}],"replies":[{"embeddable":true,"href":"http:\/\/marburg.news\/index.php?rest_route=%2Fwp%2Fv2%2Fcomments&post=19388"}],"version-history":[{"count":0,"href":"http:\/\/marburg.news\/index.php?rest_route=\/wp\/v2\/posts\/19388\/revisions"}],"wp:attachment":[{"href":"http:\/\/marburg.news\/index.php?rest_route=%2Fwp%2Fv2%2Fmedia&parent=19388"}],"wp:term":[{"taxonomy":"category","embeddable":true,"href":"http:\/\/marburg.news\/index.php?rest_route=%2Fwp%2Fv2%2Fcategories&post=19388"},{"taxonomy":"post_tag","embeddable":true,"href":"http:\/\/marburg.news\/index.php?rest_route=%2Fwp%2Fv2%2Ftags&post=19388"}],"curies":[{"name":"wp","href":"https:\/\/api.w.org\/{rel}","templated":true}]}}